{"id":4787,"date":"2009-04-17T10:26:02","date_gmt":"2009-04-17T10:26:02","guid":{"rendered":"https:\/\/archivioturi.lavocedelpaese.info\/index.php\/2009\/04\/17\/angelo-genghi-il-provinciale\/"},"modified":"2009-04-17T10:26:02","modified_gmt":"2009-04-17T10:26:02","slug":"angelo-genghi-il-provinciale","status":"publish","type":"post","link":"https:\/\/archivioturi.lavocedelpaese.info\/index.php\/2009\/04\/17\/angelo-genghi-il-provinciale\/","title":{"rendered":"ANGELO GENGHI: IL PROVINCIALE!"},"content":{"rendered":"<div style=\"text-align: center\"><img decoding=\"async\" width=\"320\" style=\"margin: 5px; width: 320px;\" src=\"http:\/\/farm4.static.flickr.com\/3219\/2447808529_c38aa728b6.jpg\" \/><\/div>\n<div align=\"justify\"><\/div>\n<div align=\"justify\">Angelo Matteo Genghi. E\u2019 il candidato della Destra alla Provincia. Un candidato-meccanico-ora-pensionato al quale, secondo il Coladonato-pensiero bisognerebbe, in quanto ex-meccanico,\u00a0 proibirgli di parlare dei BOC.\u00a0 Davvero? Ops!\u00a0 Invece Genghi, pur essendo stato meccanico, ne parla, ne scrive, ne discute. Fa a gara con Natalino Ventrella, altro BOCci\u00f2filo di prima scelta,\u00a0 a chi\u00a0 ci fa due BOCce cos\u00ec. E intanto Genghi si lamenta. Perch\u00e8 i giornali non lo cercano, perch\u00e8 non lo intervistano,\u00a0 perch\u00e9 non lo nominano. Fa tenerezza nella ricerca del suo\u00a0 spazio mediatico per respirare, per sopravvivere, per vivere. Il meglio di s\u00e9, per\u00f2, lo ha dato sempre e sempre lo dar\u00e0\u00a0 nei comizi. E\u2019 nei comizi che esce tutto il meglio di Genghi. L\u00ec sui palchi, davanti a quattro gatti e un paio di nostalgici, esce tutto il suo essere senza-peli-sulla-lingua. E sono dolori per tutti:\u00a0 bacchettate a destra, stilettate a sinistra. E Genghi al centro\u2026delle attenzioni.\u00a0 Lui, dal palco, non parla mai del suo partito, dei programmi elettorali del suo partito,\u00a0 ma parla, straparla dei suoi avversari. E straripa. Tracima. Esonda. Perde la Trebisonda. E inonda di parole e di concetti local-popolari gli astanti,\u00a0 che non applaudono convinti. E spara assurdit\u00e0 e, dei suoi avversari, ripercorre i percorsi accidentati dove a volte inciampa lui stesso. E inciampa spesso nei congiuntivi. Vorrebbe andare avanti con il dialetto, ma si trattiene.\u00a0 E continua a sparare di tutto. Lo chiamano lo spara-balle della Provincia. Per\u00f2 tutto a fin di bene. E\u2019 infatti capace di dire che lui sar\u00e0 consigliere provinciale. Ed \u00e8 il primo e l\u2019unico a\u00a0 credere in ci\u00f2 che dice agli altri.\u00a0 Credulone ma creativo. Cattivo ma senza cattiveria. Spiritoso senza spirito. Politico senza padrini. Politico senza padroni. E, purtroppo per lui, politico senza voti. C\u2019\u00e8 chi nasce o diventa\u00a0 macchina-da-voti e c\u2019\u00e8 chi, come Genghi, deve sperare che lo voti almeno la sua famiglia. Tutto-famiglia. Tutto-casa.\u00a0 Tutto-tuta. Tutta-sua-la-citt\u00e0. Ma Turi gli sta stretta. Vuole vivere a Bari. Vuole andare a svernare in Provincia. E dalla Provincia arriveranno i suoi saluti?\u00a0 S\u00ec. Via Fax\u2026<\/div>\n","protected":false},"excerpt":{"rendered":"<div style=\"text-align: center\"><img decoding=\"async\" width=\"320\" style=\"margin: 5px; width: 320px;\" src=\"http:\/\/farm4.static.flickr.com\/3219\/2447808529_c38aa728b6.jpg\" \/><\/div>\n","protected":false},"author":1,"featured_media":0,"comment_status":"open","ping_status":"closed","sticky":false,"template":"","format":"standard","meta":{"colormag_page_container_layout":"default_layout","colormag_page_sidebar_layout":"default_layout","footnotes":""},"categories":[7],"tags":[],"class_list":["post-4787","post","type-post","status-publish","format-standard","hentry","category-attualita"],"_links":{"self":[{"href":"https:\/\/archivioturi.lavocedelpaese.info\/index.php\/wp-json\/wp\/v2\/posts\/4787","targetHints":{"allow":["GET"]}}],"collection":[{"href":"https:\/\/archivioturi.lavocedelpaese.info\/index.php\/wp-json\/wp\/v2\/posts"}],"about":[{"href":"https:\/\/archivioturi.lavocedelpaese.info\/index.php\/wp-json\/wp\/v2\/types\/post"}],"author":[{"embeddable":true,"href":"https:\/\/archivioturi.lavocedelpaese.info\/index.php\/wp-json\/wp\/v2\/users\/1"}],"replies":[{"embeddable":true,"href":"https:\/\/archivioturi.lavocedelpaese.info\/index.php\/wp-json\/wp\/v2\/comments?post=4787"}],"version-history":[{"count":0,"href":"https:\/\/archivioturi.lavocedelpaese.info\/index.php\/wp-json\/wp\/v2\/posts\/4787\/revisions"}],"wp:attachment":[{"href":"https:\/\/archivioturi.lavocedelpaese.info\/index.php\/wp-json\/wp\/v2\/media?parent=4787"}],"wp:term":[{"taxonomy":"category","embeddable":true,"href":"https:\/\/archivioturi.lavocedelpaese.info\/index.php\/wp-json\/wp\/v2\/categories?post=4787"},{"taxonomy":"post_tag","embeddable":true,"href":"https:\/\/archivioturi.lavocedelpaese.info\/index.php\/wp-json\/wp\/v2\/tags?post=4787"}],"curies":[{"name":"wp","href":"https:\/\/api.w.org\/{rel}","templated":true}]}}