{"id":4725,"date":"2009-03-19T09:21:06","date_gmt":"2009-03-19T09:21:06","guid":{"rendered":"https:\/\/archivioturi.lavocedelpaese.info\/index.php\/2009\/03\/19\/passeggiata-fra-bigetti-purgatorio\/"},"modified":"2009-03-19T09:21:06","modified_gmt":"2009-03-19T09:21:06","slug":"passeggiata-fra-bigetti-purgatorio","status":"publish","type":"post","link":"https:\/\/archivioturi.lavocedelpaese.info\/index.php\/2009\/03\/19\/passeggiata-fra-bigetti-purgatorio\/","title":{"rendered":"PASSEGGIATA FRA BIGETTI PURGATORIO"},"content":{"rendered":"<div style=\"text-align: center\"><img loading=\"lazy\" decoding=\"async\" height=\"214\" width=\"320\" style=\"margin: 5px; width: 320px; height: 214px;\" title=\"foto_riguardanti_la_prima_parte_dellarticolo.jpg\" alt=\"foto_riguardanti_la_prima_parte_dellarticolo.jpg\" src=\"images\/stories\/archiviofoto\/foto_riguardanti_la_prima_parte_dellarticolo.jpg\" \/><\/div>\n<div align=\"justify\"><strong>Arriva il primo caldo<\/strong> dell\u2019anno e subito si cerca di approfittarne per <strong>qualche passeggiata in bicicletta<\/strong> tra ciliegi, ulivi e vigneti. Un nostro lettore dopo un percorso occasionale in campagna (via Vecchia Mola, poi qualche \u201ctraturo\u201c poco conosciuto) si \u00e8 imbattuto in un rudere in pietra parzialmente rovinato.<\/div>\n<div align=\"justify\"><\/div>\n<div align=\"justify\"><strong>Questo \u00e8 quanto ci ha scritto:<\/strong><\/div>\n<div align=\"justify\"> \u201cGuardandola da lontano appare come una struttura in pietra quasi insignificante, come i vecchi rifugi dei contadini. In realt\u00e0 avvicinandomi ho notato la particolarit\u00e0 architettonica di questa antica chiesetta situata in contrata Bigetti-Purgatorio. \u00c8 ricca di archi e presenta due volte a cupola. Non ha n\u00e9 tetti n\u00e9 infissi. Tutt\u2019attorno, in un\u2019area rettangolare di circa 15&#215;35 m, si nota una disposizione di pietre che ricorda molto un antico cimitero fatto da tombe per adulti, per bambini e loculi per gli ornamenti. Sul posto sono visibili anche lastre di pietra che probabilmente fungevano da \u201ctappo\u201d alle tombe. Non ho scovato nessuna incisione che indicasse qualche data. Mi son permesso di scattare qualche foto\u201d.<\/div>\n<div align=\"justify\"> <strong>Spulciando su internet<\/strong> abbiamo scoperto che proprio in quella zona, tra il 1976 ed il 1980, fu rinvenuta una vastissima\u00a0 necropoli (circa 500 tombe), con corredi funerari databili dal VI al IV sec A. C. Dal link http:\/\/lixos.interfree.it\/ilpopolamentoantico2.htm \u00e8 possibile accedere a queste informazioni:<\/div>\n<div align=\"justify\"> <strong>Furono qui ritrovate tombe a sarcofago in tufo<\/strong>, dipinte in rosso e a volte fornite di ripostiglio esterno; altre scavate nella nuda terra; altre ancora costruite con lastroni. Da tale necropoli provengono anche vasi attribuibili al <strong>Pittore della danzatrice di Berlino, al Pittore di P\u00e8leo, al Pittore di Amykos.<\/strong><\/div>\n<div align=\"justify\"> La ricchezza e la variet\u00e0 di ceramica attica sottolineano gli intensi scambi con Atene. Bigetti-Purgatorio, quindi, era una citt\u00e0 ricca, produttrice di vino, olio e grano, in stretti rapporti commerciali con tutto il mondo greco.Ad est di questa ricca necropoli sembra sorgesse la citt\u00e0, abitata fino al XII sec D. C.; infatti ricca \u00e8 la presenza di ceramica romana repubblicana ed imperiale, le testimonianze altomedievali, bizantine e protoromaniche.<\/div>\n<div align=\"justify\"> Attualmente, <strong>ci dice il nostro lettore, molti cocci sono ritrovabili in tutti i\u00a0 \u201ctendoni\u201d di uva circostanti l\u2019aera,<\/strong> mentre in alcune tombe sono ammassati resti di plastica e vetro. Nell\u2019edificio vero e proprio sono accatastate cassette di frutta e utensili da lavoro agricolo.<\/div>\n<div align=\"justify\"> <strong>Sempre nella zona di Bigetti si pu\u00f2 visitare la chiesetta di S. Apollinare,<\/strong> databile al X-XI sec. e forse anche ad epoca anteriore, visti i citati ritrovamenti altomedievali e la dedicazione a S. Apollinare, primo Vescovo di Classe a Ravenna (vissuto sul finire del II sec D. C.). L&#8217;edificio sacro \u00e8 un parallelepipedo in pietre appena sbozzate, irregolari, legate con molta malta.<\/div>\n<div align=\"justify\"><em><strong><br \/> Aspettiamo le vostre foto fra le passeggiate di primavera&#8230;<\/strong><\/em><\/div>\n<div align=\"justify\"><\/div>\n<div align=\"justify\">{gallery}gallerie\/bigetti{\/gallery}<\/div>\n<div align=\"justify\"><\/div>\n<div align=\"justify\">Cosa ne pensate? Perch\u00e8 una tale zona rimane chiusa al pubblico?<\/div>\n","protected":false},"excerpt":{"rendered":"<div style=\"text-align: center\"><img loading=\"lazy\" decoding=\"async\" height=\"214\" width=\"320\" style=\"margin: 5px; width: 320px; height: 214px;\" title=\"foto_riguardanti_la_prima_parte_dellarticolo.jpg\" alt=\"foto_riguardanti_la_prima_parte_dellarticolo.jpg\" src=\"images\/stories\/archiviofoto\/foto_riguardanti_la_prima_parte_dellarticolo.jpg\" \/><\/div>\n","protected":false},"author":1,"featured_media":0,"comment_status":"open","ping_status":"closed","sticky":false,"template":"","format":"standard","meta":{"colormag_page_container_layout":"default_layout","colormag_page_sidebar_layout":"default_layout","footnotes":""},"categories":[6],"tags":[],"class_list":["post-4725","post","type-post","status-publish","format-standard","hentry","category-cultura"],"_links":{"self":[{"href":"https:\/\/archivioturi.lavocedelpaese.info\/index.php\/wp-json\/wp\/v2\/posts\/4725","targetHints":{"allow":["GET"]}}],"collection":[{"href":"https:\/\/archivioturi.lavocedelpaese.info\/index.php\/wp-json\/wp\/v2\/posts"}],"about":[{"href":"https:\/\/archivioturi.lavocedelpaese.info\/index.php\/wp-json\/wp\/v2\/types\/post"}],"author":[{"embeddable":true,"href":"https:\/\/archivioturi.lavocedelpaese.info\/index.php\/wp-json\/wp\/v2\/users\/1"}],"replies":[{"embeddable":true,"href":"https:\/\/archivioturi.lavocedelpaese.info\/index.php\/wp-json\/wp\/v2\/comments?post=4725"}],"version-history":[{"count":0,"href":"https:\/\/archivioturi.lavocedelpaese.info\/index.php\/wp-json\/wp\/v2\/posts\/4725\/revisions"}],"wp:attachment":[{"href":"https:\/\/archivioturi.lavocedelpaese.info\/index.php\/wp-json\/wp\/v2\/media?parent=4725"}],"wp:term":[{"taxonomy":"category","embeddable":true,"href":"https:\/\/archivioturi.lavocedelpaese.info\/index.php\/wp-json\/wp\/v2\/categories?post=4725"},{"taxonomy":"post_tag","embeddable":true,"href":"https:\/\/archivioturi.lavocedelpaese.info\/index.php\/wp-json\/wp\/v2\/tags?post=4725"}],"curies":[{"name":"wp","href":"https:\/\/api.w.org\/{rel}","templated":true}]}}