{"id":4665,"date":"2009-02-12T20:48:28","date_gmt":"2009-02-12T20:48:28","guid":{"rendered":"https:\/\/archivioturi.lavocedelpaese.info\/index.php\/2009\/02\/12\/fiera-turi-expo-a-cavallo\/"},"modified":"2009-02-12T20:48:28","modified_gmt":"2009-02-12T20:48:28","slug":"fiera-turi-expo-a-cavallo","status":"publish","type":"post","link":"https:\/\/archivioturi.lavocedelpaese.info\/index.php\/2009\/02\/12\/fiera-turi-expo-a-cavallo\/","title":{"rendered":"FIERA TURI EXPO A CAVALLO"},"content":{"rendered":"<p><img loading=\"lazy\" decoding=\"async\" width=\"319\" height=\"86\" title=\"turi-expo-2009.jpg\" style=\"margin: 5px; float: left\" alt=\"turi-expo-2009.jpg\" src=\"images\/stories\/archiviofoto\/turi-expo-2009.jpg\" \/> <\/p>\n<p class=\"MsoNormal\" style=\"margin: 0cm 0cm 0pt\"><span style=\"font-size: 10pt\"><span style=\"font-family: arial,helvetica,sans-serif\"><strong>\u201cOltre il 50% degli stand disponibili \u00e8 gi\u00e0 occupato\u201d<\/strong>. Parola di Modesto Cazzetta, Assessore alle Attvit\u00e0 Produttive, Marketing Territoriale, Turismo e Associazioni. <\/span><\/span><\/p>\n<p class=\"MsoNormal\" style=\"margin: 0cm 0cm 0pt\"><span style=\"font-size: 10pt; font-family: arial,helvetica,sans-serif\">A pi\u00f9 di un mese dall\u2019apertura dell\u2019evento<strong> \u201cFiera Turi-Expo\u201d<\/strong>, che puntualizziamo, metter\u00e0 a disposizione delle aziende locali circa<strong> 70 spazi espositivi<\/strong>, senza considere\u00a0quelli esterni per il comparto agricolo e urbanistico,<\/span><\/p>\n<p class=\"MsoNormal\" style=\"margin: 0cm 0cm 0pt\"><span style=\"font-size: 10pt; font-family: arial,helvetica,sans-serif\">si raccolgono gi\u00e0 i primi numeri. Obiettivo dichiarato:\u00a0<strong>&#8220;superare le 20mila visite dello scorso anno&#8221;<\/strong>.<\/span><\/p>\n<p class=\"MsoNormal\" style=\"margin: 0cm 0cm 0pt\">\u00a0<\/p>\n<p class=\"MsoNormal\" style=\"margin: 0cm 0cm 0pt\"><span style=\"font-size: 10pt; font-family: arial,helvetica,sans-serif\"><strong>I PREPARATIVI\u00a0E L&#8217;APPELLO<\/strong> L\u2019assessore assicura: \u201cTutto va come deve. L\u2019aria che si respira \u00e8 delle pi\u00f9 ottimiste. Mi giungono\u00a0buone notizie da Michele Lattanzio, responsabile della <strong>societ\u00e0 Helios srl<\/strong>. Mi conferma che hanno aderito in numerosi all\u2019iniziativa. Michele lavora gi\u00e0 da tempo per pubblicizzare al meglio la fiera e per raccogliere le adesioni fra gli espositori. Io, personalmente, faccio un appello alle aziende locali, turesi in particolari, affinch\u00e9 si associno all\u2019iniziativa. Non solo per il bene dell\u2019economia locale, ma soprattutto lo dico per i prodotti locali; penso per esempio alle faldacchee, un dolce prezioso tipico della nostra citt\u00e0 che, tutto sommato non trova ancora pieno riscontro nei paesi limitrofi\u201d.<\/span><\/p>\n<p class=\"MsoNormal\" style=\"margin: 0cm 0cm 0pt\">\u00a0<\/p>\n<p class=\"MsoNormal\" style=\"margin: 0cm 0cm 0pt\"><span style=\"font-size: 10pt; font-family: arial,helvetica,sans-serif\"><strong>SCONTO DEL 15% PER LE AZIENDE<\/strong> Ricordiamo che alcuni giorni fa l\u2019amministrazione comunale, con delibera di giunta, ha dato il nulla osta per autorizzare uno sconto del 15% alle imprese locali che vorranno prenotare uno spazio espositivo.<\/span><\/p>\n<p class=\"MsoNormal\" style=\"margin: 0cm 0cm 0pt\">\u00a0<\/p>\n<p class=\"MsoNormal\" style=\"margin: 0cm 0cm 0pt\"><span style=\"font-size: 10pt; font-family: arial,helvetica,sans-serif\"><strong>IN FIERA A CAVALLO<\/strong> Modesto Cazzetta svela alcune chicche per i nostri lettori. \u201cCi saranno <strong>convegni<\/strong>, probabilmente sul tema dell\u2019agricoltura, dell\u2019energia alternativa e nel campo dell\u2019urbanistica. Poi, ancora <strong>sagre<\/strong>, <strong>eventi<\/strong>. Vorrei\u00a0giusto anticipare\u00a0qualcosa. Stiamo creando l\u2019evento con le associazioni Turesi a cavallo, Mule del tiro del Carro di Sant\u2019Oronzo e Mule del Carro di Sant\u2019Oronzo. L\u2019idea che stiamo maturando per questo evento \u00e8 di dare la possibilit\u00e0 ai visitatori, durante i week end, di parcheggiare le auto a Largo Pozzi, in uno spazio di 2000 mq, e cos\u00ec raggiungere la fiera con una passeggiata a cavallo\u201d.<\/span><\/p>\n<p class=\"MsoNormal\" style=\"margin: 0cm 0cm 0pt\">\u00a0<\/p>\n<p class=\"MsoNormal\" style=\"margin: 0cm 0cm 0pt\"><span style=\"font-size: 10pt; font-family: Arial\"><strong>Vedi anche:<\/strong> <a href=\"Attualit\u00e0\/FIERA-TURI-EXPO.html\">http:\/\/www.turiweb.it\/Attualit\u00e0\/FIERA-TURI-EXPO.html<\/a><\/span><\/p>\n<p class=\"MsoNormal\" style=\"margin: 0cm 0cm 0pt\"><span style=\"font-size: 10pt; font-family: Arial\"> <\/span><\/p>\n<p class=\"MsoNormal\" style=\"margin: 0cm 0cm 0pt\"><span style=\"font-size: 10pt; font-family: Arial\"><strong>Che ne pensate dell&#8217;iniziativa?<\/strong><\/span><\/p>\n","protected":false},"excerpt":{"rendered":"<p><img loading=\"lazy\" decoding=\"async\" width=\"319\" height=\"86\" title=\"turi-expo-2009.jpg\" style=\"margin: 5px; float: left\" alt=\"turi-expo-2009.jpg\" src=\"images\/stories\/archiviofoto\/turi-expo-2009.jpg\" \/> <\/p>\n","protected":false},"author":1,"featured_media":0,"comment_status":"open","ping_status":"closed","sticky":false,"template":"","format":"standard","meta":{"colormag_page_container_layout":"default_layout","colormag_page_sidebar_layout":"default_layout","footnotes":""},"categories":[7],"tags":[],"class_list":["post-4665","post","type-post","status-publish","format-standard","hentry","category-attualita"],"_links":{"self":[{"href":"https:\/\/archivioturi.lavocedelpaese.info\/index.php\/wp-json\/wp\/v2\/posts\/4665","targetHints":{"allow":["GET"]}}],"collection":[{"href":"https:\/\/archivioturi.lavocedelpaese.info\/index.php\/wp-json\/wp\/v2\/posts"}],"about":[{"href":"https:\/\/archivioturi.lavocedelpaese.info\/index.php\/wp-json\/wp\/v2\/types\/post"}],"author":[{"embeddable":true,"href":"https:\/\/archivioturi.lavocedelpaese.info\/index.php\/wp-json\/wp\/v2\/users\/1"}],"replies":[{"embeddable":true,"href":"https:\/\/archivioturi.lavocedelpaese.info\/index.php\/wp-json\/wp\/v2\/comments?post=4665"}],"version-history":[{"count":0,"href":"https:\/\/archivioturi.lavocedelpaese.info\/index.php\/wp-json\/wp\/v2\/posts\/4665\/revisions"}],"wp:attachment":[{"href":"https:\/\/archivioturi.lavocedelpaese.info\/index.php\/wp-json\/wp\/v2\/media?parent=4665"}],"wp:term":[{"taxonomy":"category","embeddable":true,"href":"https:\/\/archivioturi.lavocedelpaese.info\/index.php\/wp-json\/wp\/v2\/categories?post=4665"},{"taxonomy":"post_tag","embeddable":true,"href":"https:\/\/archivioturi.lavocedelpaese.info\/index.php\/wp-json\/wp\/v2\/tags?post=4665"}],"curies":[{"name":"wp","href":"https:\/\/api.w.org\/{rel}","templated":true}]}}