{"id":448,"date":"2009-10-06T15:12:45","date_gmt":"2009-10-06T15:12:45","guid":{"rendered":"https:\/\/archivioturi.lavocedelpaese.info\/index.php\/2009\/10\/06\/occhio-democratico-autunnale\/"},"modified":"2009-10-06T15:12:45","modified_gmt":"2009-10-06T15:12:45","slug":"occhio-democratico-autunnale","status":"publish","type":"post","link":"https:\/\/archivioturi.lavocedelpaese.info\/index.php\/2009\/10\/06\/occhio-democratico-autunnale\/","title":{"rendered":"OCCHIO DEMOCRATICO AUTUNNALE"},"content":{"rendered":"<p><img loading=\"lazy\" decoding=\"async\" class=\" alignleft size-full wp-image-182\" style=\"float: left;\" alt=\"occhiosalato\" src=\"https:\/\/archivioturi.lavocedelpaese.info\/wp-content\/uploads\/2009\/08\/occhiosalato.jpg\" width=\"320\" height=\"156\" srcset=\"https:\/\/archivioturi.lavocedelpaese.info\/wp-content\/uploads\/2009\/08\/occhiosalato.jpg 410w, https:\/\/archivioturi.lavocedelpaese.info\/wp-content\/uploads\/2009\/08\/occhiosalato-300x146.jpg 300w\" sizes=\"auto, (max-width: 320px) 100vw, 320px\" \/> <\/p>\n<p><strong>Voto 10: Matteo Pugliese.<\/strong> &#8211; Ha una grande umanit\u00e0. Ha cultura. Ha una grande\u00a0 memoria. Parla a braccio. Ha sempre saputo parlare a braccio. Ha pi\u00f9 di 80 anni. Come ci spiegava al liceo la filosofia e sapevamo tutto dei filosofi, cos\u00ec ora riesce ad ammaliarti ancora con i suoi concetti, con i\u00a0 suoi pensieri che si trasformano in splendide parole. Domenica sera, nella chiesa Matrice, era in programma una conferenza per ricordare\u00a0 i 100 anni dalla nascita di don Donato Totire. Con\u00a0 il professor Matteo Pugliese che\u00a0 ha raccontato aneddoti della vita di don Donato. Senza una sbavatura. E con tutti i particolari. L&#8217;unica difficolt\u00e0 si \u00e8 presentata quando in molti hanno cominciato a capire che sarebbe stata una impresa dirgli che era tardissimo e\u00a0 che doveva terminare il suo discorso fatto di passaggi\u00a0 inediti sulla vita di don Donato. <\/p>\n<p><strong>Voto 9: I commentatori di Turiweb.<\/strong> &#8211; Sono tanti. Sono pungenti. Sono cattivi al punto giusto. Sono critici a fin di bene. Anche a fin di male. Con il porto d&#8217;armi scaduto sparano ad altezza-mino-miale con armi da fuoco sofisticate. C&#8217;\u00e8 chi commenta con un nick e chi lo fa minimo con 5 nick ma non c&#8217;\u00e8 ipocrisia. Tutti dicono quello che pensano. Grazie all&#8217;intelligenza dei commentatori si tasta meglio la situazione che \u00e8 intorno a noi. Chi la conta in un modo chi in un altro. Chi se la conta. Chi se la canta. Chi\u00a0 se li canta e poi se li conta. Senza commenti sarebbe un sito &#8220;morto&#8221; come \u00e8 diventata da un\u00a0 mese via Lorenzo Scarnera. Trasformata in isola pedonale. Leggo i vostri commenti. Tutti. Spesso la penso come voi. Spessissimo no. &#8220;Ma darei tutto quel che ho per farvi dire ci\u00f2 che pensate in piena libert\u00e0&#8221;.\u00a0\u00a0 \u00a0<\/p>\n<p><strong>Voto 8: Franco D&#8217;Addabbo.<\/strong> &#8211; Soverchiato dalle capacit\u00e0 politiche e dialettiche del duo D&#8217; Autilia-Tateo, dopo un breve periodo di silenzio imbarazzato quanto significativo, pur essendo vicesindaco, ha contato meno del due-di-picche, sommerso dalla montagna di parole che gli arrivava da quei due che per giunta ci costano. Ma quanto ci costano? Poi ha cominciato a ritagliarsi uno spazio tutto suo, puntando quasi tutto sull&#8217; arte della mediazione e su quella della moderazione. Adesso fa da paciere. Da moderatore. Da mediatore. In Consiglio comunale, se ci sono discussioni accese, il buon Franco interviene per sedare, riappacificare, far tornare la calma. Miracolo! Col vicesindaco presente, ogni accenno di lite finisce\u00a0 e Franco, il paciere, ne \u00e8 gratificato. \u00a0<\/p>\n<p><strong>Voto 7: Leo Spada.<\/strong> &#8211; Tutto di s\u00e9 vestito, \u00e8 giunto tardi alla ribalta. Lo aspettiamo in veste di politico. Ormai \u00e8 chiaro che c&#8217;\u00e8 posto per tutti. Ottimismo della volont\u00e0 e grinta ovunque. Coriaceo. Spesso interviene su Fax e scrive la sua, ma a volte anche quella degli altri. Leo soffre di &#8220;normalite acuta&#8221; ( a volte \u00e8 cos\u00ec normale che lui stesso si spaventa\u00a0 della sua normalit\u00e0 )e a volte torna a casa, rabbuiato malinconico per non aver risposto in modo adeguato ad un subtentativo di domanda capziosa. E &#8216; un bel e buon periodo per\u00a0\u00a0 Leo. A proposito, vogliamo dedicargli un pensiero di Jules\u00a0\u00a0 Renard: &#8221; ( Leo), ci sono\u00a0 momenti in cui tutto va bene. Non ti spaventare, non dura&#8221;&#8230;\u00a0\u00a0\u00a0\u00a0\u00a0\u00a0\u00a0 \u00a0<\/p>\n<p><strong>Voto 6: Matteo Fiorente. <\/strong>&#8211; Tornato in Rifondazione.\u00a0 Ma il partito ormai non c&#8217;\u00e8 pi\u00f9. Matteo \u00e8 un brav&#8217; uomo, ma da qui ad essere un bravo politico ce ne passa. Dovrebbe appendere la politica al chiodo e dedicarsi ad altro. Lasciando ad un gruppo di giovani o meno giovani, il compito di andare avanti e tenendo per lui il ruolo molto gratificante di &#8220;guardia di custodia di ci\u00f2 che rappresenta Rifondazione&#8221;. <\/p>\n<p><strong>Voto 5: Partito democratico.<\/strong> &#8211; Assemblea del circolo del Pd di Turi. Hanno votato 24 iscritti su un totale di 45. Mi piacerebbe sapere perch\u00e8 non ha votato quasi il 50 % degli iscritti. Risultato di parit\u00e0 tra Bersani e Franceschini che hanno avuto 12 voti per ciascuno. Assemblea con molte defezioni. Non \u00e8 stato un bello spettacolo da vedere. Con orari sballati totalmente . Insomma\u00a0 di pi\u00f9 e meglio sar\u00e0 fatto la prossima volta. E mentre si parla di elezioni anticipate, il\u00a0 Pd \u00e8\u00a0 al palo.\u00a0 Si vocifera che se\u00a0 si voter\u00e0 per le politiche, il Partito democratico chieder\u00e0 se\u00a0 pu\u00f2\u00a0 , per causa di forza maggiore, partecipare con due candidati-premier: Bersani e Franceschini. Chiss\u00e0 che con due candidati possa\u00a0 prendere qualche voto in pi\u00f9.\u00a0 Certo \u00e8 un momentaccio per il Pd. Ma se il congresso si fosse svolto dopo la sconfitta delle politiche, ora starebbe meglio. I politici del Pd? Sono dei Tafazzi e dei Temporeggiatori Titubanti Tremebondi Tiratardi\u00a0 che fanno un gran &#8216;casino&#8217; per lo Scudo fiscale ma poi non vanno a votare e Berlusconi vince. Cos\u00ec non si va da nessuna parte.\u00a0 E intanto\u00a0 il coordinatore\u00a0 Salice coordina un dolce\u00a0 far-niente. Amen.\u00a0\u00a0\u00a0\u00a0\u00a0\u00a0\u00a0\u00a0\u00a0\u00a0\u00a0\u00a0\u00a0\u00a0\u00a0\u00a0\u00a0\u00a0\u00a0\u00a0\u00a0\u00a0\u00a0\u00a0\u00a0\u00a0\u00a0\u00a0\u00a0\u00a0\u00a0\u00a0\u00a0\u00a0\u00a0\u00a0\u00a0\u00a0\u00a0\u00a0\u00a0\u00a0\u00a0\u00a0\u00a0\u00a0\u00a0\u00a0\u00a0\u00a0\u00a0\u00a0\u00a0\u00a0\u00a0\u00a0\u00a0\u00a0\u00a0\u00a0\u00a0\u00a0\u00a0\u00a0\u00a0\u00a0\u00a0\u00a0\u00a0\u00a0\u00a0\u00a0\u00a0\u00a0\u00a0\u00a0\u00a0\u00a0\u00a0\u00a0\u00a0\u00a0\u00a0\u00a0\u00a0\u00a0\u00a0\u00a0\u00a0\u00a0\u00a0\u00a0\u00a0\u00a0\u00a0\u00a0\u00a0\u00a0\u00a0\u00a0\u00a0\u00a0\u00a0\u00a0\u00a0\u00a0\u00a0\u00a0\u00a0\u00a0\u00a0\u00a0\u00a0\u00a0\u00a0\u00a0\u00a0\u00a0\u00a0\u00a0\u00a0\u00a0\u00a0\u00a0\u00a0\u00a0\u00a0\u00a0\u00a0\u00a0\u00a0\u00a0\u00a0\u00a0\u00a0\u00a0\u00a0\u00a0\u00a0\u00a0\u00a0\u00a0\u00a0\u00a0\u00a0\u00a0\u00a0\u00a0\u00a0\u00a0\u00a0\u00a0\u00a0\u00a0\u00a0\u00a0\u00a0\u00a0\u00a0\u00a0\u00a0\u00a0\u00a0\u00a0 \u00a0<\/p>\n<p><strong>Voto 4: Natalino Ventrella.<\/strong> &#8211; Abbiamo letto che negli ultimi tempi ha iniziato ad astenersi. Ha preso questa decisione per poter essere sempre al\u00a0 CENTRO dell&#8217; attenzione. E perch\u00e8 crede che essere di centro voglia dire astenersi. Sempre. Facciamoglielo credere. Natalino Centrista. Centrino. Centro-tavola. Centro-mediano. Centro-campista. Ma Natalino con la politica che CENTRA? Fautore del concetto: meglio apparire che essere. Ne ha fatto il suo cavallo di battaglia. Non sta con la minoranza. Non sta con la maggioranza. N\u00e9 con l&#8217;opposizione. Sta con se stesso. Forse. Ha un carattere ac-Centra-tore e per questo suo modo di essere ha poche amicizie. Bisognerebbe essere proprio un SANTE(tauro) per essere suo amico. \u00a0<\/p>\n<p><strong>Voto 3: Pedibus.<\/strong> &#8211; Leggiamo che quest&#8217;anno \u00e8 stata una partenza in sordina per il pedibus. Ci colpiscono le foto su Fax, dalle quali si capisce che i bambini partecipanti al pedibus sono proprio pochi. Con le mamme, invece, che sono\u00a0 pi\u00f9 dei bambini. Delle due l&#8217;una: o qualche bambino ha due mamme, oppure qualche mamma approfitta e si fa un viaggio gratis in pedibus. E magari\u00a0 invita pure qualche amica di mamma. Per dare un giudizio definitivo e ponderato, bisogner\u00e0 aspettare qualche settimana. Certo, se continueranno ad essere cos\u00ec pochi gli alunni partecipanti, ci si deve chiedere se ne valga la pena tutta questa &#8220;messa in scena&#8221; per un mezzo flop travestito da idea geniale. Geniale, solo sulla carta! <\/p>\n<p><strong>Voto 2: Leogrande-Perniola-Resta.<\/strong> &#8211; Per il trio LE.PE.RE, ogni occasione \u00e8\u00a0 buona per alzarsi e andarsene dal Consiglio comunale. E&#8217; una delle cose che al Trio riesce meglio. Escono di scena con classe e da attori consumati.\u00a0 Quante volte se ne saranno andati anzi-tempo? Il loro maestro \u00e8 stato\u00a0\u00a0 D&#8217;Autilia quando non pensava\u00a0 che un domani avrebbe fatto il salto della staccionata. Gianfranco per mezz&#8217; ora arringava Gigantelli e la sua Giunta, andava in\u00a0 crescendo, per poi prendere le sue carte e andarsene a casa a cenare. L&#8217; atteggiamento del trio\u00a0 LE-PE-RE \u00e8 pi\u00f9 sottile, pi\u00f9 smaliziato: tanto provoca, attacca, punzecchia che, prima o poi, qualcuno della maggioranza risponde per le rime. E il Trio &#8220;prende il muso&#8221; e se ne torna a casa felice ed appagato. Ha fatto la giornata. <br \/><strong><br \/>Voto 1: Paolo\u00a0 Tundo.<\/strong> &#8211; Ad una Tinaresta incalzante che, dialetticamente, non teme rivali\u00a0 e non sa cosa farsene degli esponenti della maggioranza, nessuno pu\u00f2\u00a0 tenere testa. Figuriamoci Paolo Tundo che, per fermarla e zittirla ha dovuto aggredirla verbalmente in modo esagerato e in maniera sbagliata. Tundo sa che la Resta non lo stima e non lo ha mai stimato. Ed \u00e8 crollato. Cadendo nel tranello. Cadendo nella provocazione. E ha sbagliato a rispondere in quel modo. Paolo per\u00f2, da persona sensibile, sa bene di aver sbagliato. Quindi, basta con le bacchettate al povero Paolo. Invece, tutti\u00a0 ad inveirgli contro, col dito puntato.\u00a0 Tanti &#8220;bacchettoni&#8221;\u00a0 che non vedevano l&#8217;ora di salire in cattedra per dare lezioni di bon-ton a destra e a manca, a maggioranza e opposizione,a Paolo e a Tundo. Ma per favore&#8230;<\/p>\n","protected":false},"excerpt":{"rendered":"<p><img loading=\"lazy\" decoding=\"async\" class=\" alignleft size-full wp-image-182\" style=\"float: left;\" alt=\"occhiosalato\" src=\"https:\/\/archivioturi.lavocedelpaese.info\/wp-content\/uploads\/2009\/08\/occhiosalato.jpg\" width=\"320\" height=\"156\" srcset=\"https:\/\/archivioturi.lavocedelpaese.info\/wp-content\/uploads\/2009\/08\/occhiosalato.jpg 410w, https:\/\/archivioturi.lavocedelpaese.info\/wp-content\/uploads\/2009\/08\/occhiosalato-300x146.jpg 300w\" sizes=\"auto, (max-width: 320px) 100vw, 320px\" \/> <\/p>\n","protected":false},"author":1,"featured_media":182,"comment_status":"open","ping_status":"closed","sticky":false,"template":"","format":"standard","meta":{"colormag_page_container_layout":"default_layout","colormag_page_sidebar_layout":"default_layout","footnotes":""},"categories":[7],"tags":[],"class_list":["post-448","post","type-post","status-publish","format-standard","has-post-thumbnail","hentry","category-attualita"],"_links":{"self":[{"href":"https:\/\/archivioturi.lavocedelpaese.info\/index.php\/wp-json\/wp\/v2\/posts\/448","targetHints":{"allow":["GET"]}}],"collection":[{"href":"https:\/\/archivioturi.lavocedelpaese.info\/index.php\/wp-json\/wp\/v2\/posts"}],"about":[{"href":"https:\/\/archivioturi.lavocedelpaese.info\/index.php\/wp-json\/wp\/v2\/types\/post"}],"author":[{"embeddable":true,"href":"https:\/\/archivioturi.lavocedelpaese.info\/index.php\/wp-json\/wp\/v2\/users\/1"}],"replies":[{"embeddable":true,"href":"https:\/\/archivioturi.lavocedelpaese.info\/index.php\/wp-json\/wp\/v2\/comments?post=448"}],"version-history":[{"count":0,"href":"https:\/\/archivioturi.lavocedelpaese.info\/index.php\/wp-json\/wp\/v2\/posts\/448\/revisions"}],"wp:featuredmedia":[{"embeddable":true,"href":"https:\/\/archivioturi.lavocedelpaese.info\/index.php\/wp-json\/wp\/v2\/media\/182"}],"wp:attachment":[{"href":"https:\/\/archivioturi.lavocedelpaese.info\/index.php\/wp-json\/wp\/v2\/media?parent=448"}],"wp:term":[{"taxonomy":"category","embeddable":true,"href":"https:\/\/archivioturi.lavocedelpaese.info\/index.php\/wp-json\/wp\/v2\/categories?post=448"},{"taxonomy":"post_tag","embeddable":true,"href":"https:\/\/archivioturi.lavocedelpaese.info\/index.php\/wp-json\/wp\/v2\/tags?post=448"}],"curies":[{"name":"wp","href":"https:\/\/api.w.org\/{rel}","templated":true}]}}