{"id":4275,"date":"2009-03-14T13:10:47","date_gmt":"2009-03-14T13:10:47","guid":{"rendered":"https:\/\/archivioturi.lavocedelpaese.info\/index.php\/2009\/03\/14\/seminario-alluniversit-della-terza-et\/"},"modified":"2009-03-14T13:10:47","modified_gmt":"2009-03-14T13:10:47","slug":"seminario-alluniversit-della-terza-et","status":"publish","type":"post","link":"https:\/\/archivioturi.lavocedelpaese.info\/index.php\/2009\/03\/14\/seminario-alluniversit-della-terza-et\/","title":{"rendered":"SEMINARIO ALL&#8221;UNIVERSITA&#8221; DELLA TERZA ETA&#8221;"},"content":{"rendered":"<div style=\"text-align: center\"><img loading=\"lazy\" decoding=\"async\" height=\"346\" width=\"461\" alt=\" \" src=\"http:\/\/farm4.static.flickr.com\/3012\/2333672610_d0c81c1b0b.jpg\" \/><\/div>\n<p style=\"text-align: justify;\" class=\"MsoNormal\"><span style=\"font-size: 10pt;\"><span style=\"font-family: verdana, geneva;\">Un luogo comune spesso ricordato nelle conversazioni tra turesi \u00e8 quello in base al quale a Turi non si fa nulla, non si organizza nulla e, se si organizza qualche iniziativa, di certo \u00e8 destinata ad avere vita breve. Non sempre \u00e8 cos\u00ec. Di sicuro non \u00e8 cos\u00ec per l\u2019Universit\u00e0 della Terza et\u00e0 che conta quarantacinque iscritti.<\/span><\/span><\/p>\n<p style=\"text-align: justify;\" class=\"MsoNormal\"><span style=\"font-size: 10pt;\"><span style=\"font-family: verdana, geneva;\">L\u2019idea che sta alla base della UTE \u00e8 quella che la formazione non ha mai termine, dura per tutta la vita: chi si impegna in un\u2019attivit\u00e0 fisica e\/o intellettiva si mantiene pi\u00f9 in forma, socializza e impara insieme agli altri, prevenendo anche i problemi che possono derivare all\u2019anziano dalla solitudine.<\/span><\/span><\/p>\n<p style=\"text-align: justify;\" class=\"MsoNormal\"><span style=\"font-size: 10pt;\"><span style=\"font-family: verdana, geneva;\">La fondatrice e\u00a0 presidente dell\u2019UTE Carmela Vittore ha attivato numerosi corsi tra i quali gli iscritti possono trovare sicuramente quello pi\u00f9 congeniale alla propria indole e alle proprie competenze. I corsi di quest\u2019anno sono: Storia Locale, Inglese, Informatica, Teatro, Storia dell\u2019archeologia locale con escursioni nei dintorni del paese <\/span><\/span><\/p>\n<p style=\"text-align: justify;\" class=\"MsoNormal\"><span style=\"font-size: 10pt;\"><span style=\"font-family: verdana, geneva;\">e Archeologia della Magna Grecia con visite guidate a Gioia del Colle, a Monte Sannace, a Taranto e al Museo Archeologico. Sono avviati anche i corsi di Ginnastica, Educazione motoria dolce, Ballo, Tombolo e Chiacchierino. <\/span><\/span><\/p>\n<p style=\"text-align: justify;\" class=\"MsoNormal\"><span style=\"font-size: 10pt;\"><span style=\"font-family: verdana, geneva;\">I docenti dei diversi corsi sono esperti qualificati e competenti di Turi che svolgono la propria opera in maniera volontaria e gratuita. La sede dell\u2019Universit\u00e0 della Terza et\u00e0, dove si svolgono le lezioni, \u00e8 rappresentata dai locali collocati al piano semi-interrato della Scuola Media Resta.<\/span><\/span><\/p>\n<p style=\"text-align: justify;\" class=\"MsoNormal\"><span style=\"font-size: 10pt;\"><span style=\"font-family: verdana, geneva;\">A fine giugno \u00e9 prevista una cerimonia conclusiva dei corsi durante la quale sar\u00e0 allestita anche una mostra dei lavori realizzati nei numerosi laboratori attivati.<\/span><\/span><\/p>\n<p style=\"text-align: justify;\" class=\"MsoNormal\"><span style=\"font-size: 10pt;\"><span style=\"font-family: verdana, geneva;\">Nel corso dell\u2019anno sono previsti anche alcuni Seminari su tematiche particolari. L\u2019ultimo si \u00e8 svolto il 10 marzo sul Diritto di Propriet\u00e0 e sugli altri diritti Reali. La lezione \u00e8 stata tenuta dall\u2019avvocato Cesare Romanizzi ed \u00e8 consultabile nel suo sito all\u2019indirizzo: www.studiolegaleromanazzi.it.<\/span><\/span><\/p>\n<p style=\"text-align: justify;\" class=\"MsoNormal\"><span style=\"font-size: 10pt;\"><span style=\"font-family: verdana, geneva;\">La presidente dell\u2019UTE annuncia la sua volont\u00e0 di curare una pubblicazione per raccogliere le numerose poesie scritte dal concittadino Vincenzo Savino, da poco scomparso, mascotte dell\u2019Associazione e protagonista del gruppo Teatrale. Il ricavato della vendita del testo sar\u00e0 devoluto in beneficenza.<\/span><\/span><\/p>\n","protected":false},"excerpt":{"rendered":"<div style=\"text-align: center\"><img loading=\"lazy\" decoding=\"async\" height=\"346\" width=\"461\" alt=\" \" src=\"http:\/\/farm4.static.flickr.com\/3012\/2333672610_d0c81c1b0b.jpg\" \/><\/div>\n","protected":false},"author":1,"featured_media":0,"comment_status":"open","ping_status":"closed","sticky":false,"template":"","format":"standard","meta":{"colormag_page_container_layout":"default_layout","colormag_page_sidebar_layout":"default_layout","footnotes":""},"categories":[6],"tags":[],"class_list":["post-4275","post","type-post","status-publish","format-standard","hentry","category-cultura"],"_links":{"self":[{"href":"https:\/\/archivioturi.lavocedelpaese.info\/index.php\/wp-json\/wp\/v2\/posts\/4275","targetHints":{"allow":["GET"]}}],"collection":[{"href":"https:\/\/archivioturi.lavocedelpaese.info\/index.php\/wp-json\/wp\/v2\/posts"}],"about":[{"href":"https:\/\/archivioturi.lavocedelpaese.info\/index.php\/wp-json\/wp\/v2\/types\/post"}],"author":[{"embeddable":true,"href":"https:\/\/archivioturi.lavocedelpaese.info\/index.php\/wp-json\/wp\/v2\/users\/1"}],"replies":[{"embeddable":true,"href":"https:\/\/archivioturi.lavocedelpaese.info\/index.php\/wp-json\/wp\/v2\/comments?post=4275"}],"version-history":[{"count":0,"href":"https:\/\/archivioturi.lavocedelpaese.info\/index.php\/wp-json\/wp\/v2\/posts\/4275\/revisions"}],"wp:attachment":[{"href":"https:\/\/archivioturi.lavocedelpaese.info\/index.php\/wp-json\/wp\/v2\/media?parent=4275"}],"wp:term":[{"taxonomy":"category","embeddable":true,"href":"https:\/\/archivioturi.lavocedelpaese.info\/index.php\/wp-json\/wp\/v2\/categories?post=4275"},{"taxonomy":"post_tag","embeddable":true,"href":"https:\/\/archivioturi.lavocedelpaese.info\/index.php\/wp-json\/wp\/v2\/tags?post=4275"}],"curies":[{"name":"wp","href":"https:\/\/api.w.org\/{rel}","templated":true}]}}