{"id":426,"date":"2009-10-02T08:56:14","date_gmt":"2009-10-02T08:56:14","guid":{"rendered":"https:\/\/archivioturi.lavocedelpaese.info\/index.php\/2009\/10\/02\/famiglia-dubbi-e-risposte\/"},"modified":"2009-10-02T08:56:14","modified_gmt":"2009-10-02T08:56:14","slug":"famiglia-dubbi-e-risposte","status":"publish","type":"post","link":"https:\/\/archivioturi.lavocedelpaese.info\/index.php\/2009\/10\/02\/famiglia-dubbi-e-risposte\/","title":{"rendered":"FAMIGLIA: DUBBI E RISPOSTE"},"content":{"rendered":"<p><img loading=\"lazy\" decoding=\"async\" class=\" size-full wp-image-424\" alt=\"fam-accoglienti-1\" src=\"https:\/\/archivioturi.lavocedelpaese.info\/wp-content\/uploads\/2009\/10\/fam-accoglienti-1.jpg\" height=\"156\" width=\"320\" srcset=\"https:\/\/archivioturi.lavocedelpaese.info\/wp-content\/uploads\/2009\/10\/fam-accoglienti-1.jpg 410w, https:\/\/archivioturi.lavocedelpaese.info\/wp-content\/uploads\/2009\/10\/fam-accoglienti-1-300x146.jpg 300w\" sizes=\"auto, (max-width: 320px) 100vw, 320px\" \/> <\/p>\n<p style=\"text-align: justify;\"><strong>La Cooperativa Sociale ITACA presenta il Progetto Famiglie Accoglienti<\/strong>.<\/p>\n<div style=\"text-align: justify;\"><\/div>\n<p style=\"text-align: justify;\">Alla presenza del nostro Sindaco, dott. Gigantelli, dell\u2019Assessore Tundo e del maresciallo dei carabinieri, si \u00e8 svolto ieri 26 settembre, nel Centro Culturale Polivalente di Turi, un incontro dal titolo \u201cRi-partiamo dalla Famiglia\u201d, a cura della <strong>Cooperativa Sociale ITACA<\/strong>.<\/p>\n<div style=\"text-align: justify;\"><\/div>\n<p style=\"text-align: justify;\">La seduta \u00e8 stata aperta dal nostro sindaco che subito centra l\u2019attenzione del discorso e di tutti i presenti, sul concetto di famiglia, fulcro della nostra societ\u00e0 e intorno alla quale si articolano tutti gli interessi. Le sue \u00a0parole sono finalizzate a sottolineare la presenza, in numerose famiglie, di rapporti di conflitto non solo tra i suoi membri, ma soprattutto tra questa e la comunit\u00e0 circostante. Conflitti che spesso si \u00e8 soliti cercare di arginare e risolvere chiudendosi all\u2019interno della propria sfera familiare, chiudendosi alla realt\u00e0. E\u2019 invece per loro utile ed efficace un confronto e un\u2019apertura con la societ\u00e0 o con esperti di mediazione familiare o sostegno alla genitorialit\u00e0 che orientano i membri in conflitto, a ritrovare la giusta via per un equilibrio e le risposte ai problemi che fino a questo momento li hanno afflitti. Il <strong>Progetto famiglie Accoglienti<\/strong>, iniziato da circa nove mesi e che coinvolge diversi comuni, ha proprio l\u2019obiettivo di informare la collettivit\u00e0 della presenza di figure e di servizi utili a chiunque ne senta la necessit\u00e0.<\/p>\n<div style=\"text-align: justify;\"><\/div>\n<p style=\"text-align: justify;\">L\u2019intero progetto \u00e8 descritto dalla <strong>dott.ssa R. Santoro<\/strong>, Counselor Biosistemico, che spiega il significato dell\u2019accezione \u201cfamiglia accogliente\u201d. Non solo una famiglia che accoglie bambini che vivono una condizione di disagio o di difficolt\u00e0 familiare, ma soprattutto, una famiglia che si apre alle necessit\u00e0 della societ\u00e0, ai bisogni e ai problemi della collettivit\u00e0 e partecipa per risolverli. A questa realt\u00e0, si associa quella di figure esperte, come i mediatori familiari o gli educatori, che svolgono una funzione di supporto alle attivit\u00e0 familiari, intervenendo nella ricerca di percorsi di mediazione di problemi o dubbi che possono sorgere naturalmente.<\/p>\n<p style=\"text-align: justify;\">\u00a0<\/p>\n<p style=\"text-align: center;\"><img loading=\"lazy\" decoding=\"async\" class=\" size-full wp-image-425\" alt=\"fam-accoglienti-2\" src=\"https:\/\/archivioturi.lavocedelpaese.info\/wp-content\/uploads\/2009\/10\/fam-accoglienti-2.jpg\" height=\"480\" width=\"640\" srcset=\"https:\/\/archivioturi.lavocedelpaese.info\/wp-content\/uploads\/2009\/10\/fam-accoglienti-2.jpg 640w, https:\/\/archivioturi.lavocedelpaese.info\/wp-content\/uploads\/2009\/10\/fam-accoglienti-2-300x225.jpg 300w\" sizes=\"auto, (max-width: 640px) 100vw, 640px\" \/><\/p>\n<div style=\"text-align: justify;\"><\/div>\n<p style=\"text-align: justify;\">Sul territorio di Turi sono presenti esperti come la <strong>dott.ssa A. Lacitignola<\/strong>, mediatrice familiare e la <strong>dott.ssa P. Demetrio<\/strong>, specialista in sostegno alla genitorialit\u00e0. La prima ha chiarito che fino ad oggi lo sportello della mediazione familiare ha permesso di sensibilizzare, chi ne ha fatto uso, alla \u201c<em>filosofia della mediazione<\/em>\u201d. Una mediazione non solo tra i membri di una famiglia, ma anche tra questa e le altre famiglie, tra questa e la societ\u00e0 o tra i membri di un gruppo, i quali si impegnano a non interrompere il loro legame e non dimenticare il motivo per il quale lo hanno creato. Il concetto di mediazione familiare nasce in America negli anni \u201960 e solo oggi sta prendendo piede nella nostra societ\u00e0. Il suo obiettivo principale \u00e8 riuscire a \u201c<em>guardarsi e guardare gli altri come persone<\/em>\u201d, ognuna con delle determinate caratteristiche e con differenti interessi. Rafforzare il rapporto tra le persone, l\u2019intreccio delle relazioni e delle comunicazioni \u00e8 alla base del vivere sociale. \u201c<em>Far capire, anche in un contesto scolastico, l\u2019importanza del dialogo e del confronto, produrrebbe forse meno conflitti e farebbe comprendere che Tutti sono Persone, farebbe aprire la porta della propria mente anche a qualcosa che prima non si era in grado di vedere o che si pensava non esistesse<\/em>\u201d.<\/p>\n<div style=\"text-align: justify;\"><\/div>\n<p style=\"text-align: justify;\">In chiusura dell\u2019incontro, la dott.ssa R. Santoro ha voluto sottolineare la riuscita e i progressi che gli sportelli hanno avuto nel comune di Turi, rispetto a quelli degli altri comuni. Ha ribadito che tutto \u00e8 svolto in forma gratuita da esperti che garantiscono rispetto della privacy e riservatezza. \u201c<em>Il nostro lavoro<\/em>\u201d, aggiunge infine, \u201c<em>non vuole entrare in conflitto con quello di altri professionisti, come medici, educatori, avvocati, psicologi, ma vuole solo fornire un sostegno per il ritrovamento di un rapporto all\u2019interno di una famiglia. Fare in modo che i bambini non perdano la propria famiglia o il contatto con i propri genitori e che questi, per amore e rispetto dei propri figli, collaborino in un rapporto sereno e pacifico<\/em>.\u201d<\/p>\n<div style=\"text-align: justify;\"><\/div>\n<p style=\"text-align: justify;\">\u201c<em>La speranza \u00e8 che sempre pi\u00f9 persone considerino i mediatori familiari un sostegno alla propria attivit\u00e0, non abbiano paura o vergogna a chiedere aiuto, a cercare un confronto o un appoggio per capire cosa \u00e8 meglio per la propria famiglia<\/em>\u201d.<\/p>\n<div style=\"text-align: justify;\"><\/div>\n<p style=\"text-align: justify;\">Ogni realt\u00e0 \u00e8 differente rispetto alle altre, ogni comune ha necessit\u00e0 diverse rispetto ad altri. Un questionario \u00e8 stato distribuito alla fine della serata per poter conoscere quali sono, per i turesi, gli interventi necessari e su cosa bisogna insistere. Secondo voi, di cosa ha occorre alla famiglia turese? Che tipo di intervento sarebbe necessario nel nostro comune?<\/p>\n","protected":false},"excerpt":{"rendered":"<p><img loading=\"lazy\" decoding=\"async\" class=\" size-full wp-image-424\" alt=\"fam-accoglienti-1\" src=\"https:\/\/archivioturi.lavocedelpaese.info\/wp-content\/uploads\/2009\/10\/fam-accoglienti-1.jpg\" height=\"156\" width=\"320\" srcset=\"https:\/\/archivioturi.lavocedelpaese.info\/wp-content\/uploads\/2009\/10\/fam-accoglienti-1.jpg 410w, https:\/\/archivioturi.lavocedelpaese.info\/wp-content\/uploads\/2009\/10\/fam-accoglienti-1-300x146.jpg 300w\" sizes=\"auto, (max-width: 320px) 100vw, 320px\" \/> <\/p>\n","protected":false},"author":1,"featured_media":424,"comment_status":"open","ping_status":"closed","sticky":false,"template":"","format":"standard","meta":{"colormag_page_container_layout":"default_layout","colormag_page_sidebar_layout":"default_layout","footnotes":""},"categories":[7],"tags":[],"class_list":["post-426","post","type-post","status-publish","format-standard","has-post-thumbnail","hentry","category-attualita"],"_links":{"self":[{"href":"https:\/\/archivioturi.lavocedelpaese.info\/index.php\/wp-json\/wp\/v2\/posts\/426","targetHints":{"allow":["GET"]}}],"collection":[{"href":"https:\/\/archivioturi.lavocedelpaese.info\/index.php\/wp-json\/wp\/v2\/posts"}],"about":[{"href":"https:\/\/archivioturi.lavocedelpaese.info\/index.php\/wp-json\/wp\/v2\/types\/post"}],"author":[{"embeddable":true,"href":"https:\/\/archivioturi.lavocedelpaese.info\/index.php\/wp-json\/wp\/v2\/users\/1"}],"replies":[{"embeddable":true,"href":"https:\/\/archivioturi.lavocedelpaese.info\/index.php\/wp-json\/wp\/v2\/comments?post=426"}],"version-history":[{"count":0,"href":"https:\/\/archivioturi.lavocedelpaese.info\/index.php\/wp-json\/wp\/v2\/posts\/426\/revisions"}],"wp:featuredmedia":[{"embeddable":true,"href":"https:\/\/archivioturi.lavocedelpaese.info\/index.php\/wp-json\/wp\/v2\/media\/424"}],"wp:attachment":[{"href":"https:\/\/archivioturi.lavocedelpaese.info\/index.php\/wp-json\/wp\/v2\/media?parent=426"}],"wp:term":[{"taxonomy":"category","embeddable":true,"href":"https:\/\/archivioturi.lavocedelpaese.info\/index.php\/wp-json\/wp\/v2\/categories?post=426"},{"taxonomy":"post_tag","embeddable":true,"href":"https:\/\/archivioturi.lavocedelpaese.info\/index.php\/wp-json\/wp\/v2\/tags?post=426"}],"curies":[{"name":"wp","href":"https:\/\/api.w.org\/{rel}","templated":true}]}}