{"id":4166,"date":"2009-01-18T09:05:28","date_gmt":"2009-01-18T09:05:28","guid":{"rendered":"https:\/\/archivioturi.lavocedelpaese.info\/index.php\/2009\/01\/18\/soppresso-uno-scuolabus-50-famiglie-lamentano-il-diritto-allo-studio-dei-figli\/"},"modified":"2009-01-18T09:05:28","modified_gmt":"2009-01-18T09:05:28","slug":"soppresso-uno-scuolabus-50-famiglie-lamentano-il-diritto-allo-studio-dei-figli","status":"publish","type":"post","link":"https:\/\/archivioturi.lavocedelpaese.info\/index.php\/2009\/01\/18\/soppresso-uno-scuolabus-50-famiglie-lamentano-il-diritto-allo-studio-dei-figli\/","title":{"rendered":"SOPPRESSO UNO SCUOLABUS. 50 FAMIGLIE LAMENTANO IL DIRITTO ALLO STUDIO DEI FIGLI"},"content":{"rendered":"<p>\u00a0<\/p>\n<div style=\"text-align: center\"><img loading=\"lazy\" decoding=\"async\" height=\"208\" width=\"198\" alt=\" \" src=\"http:\/\/www.scuolasuorefrancescane.it\/immagini\/scuolabus.gif\" \/><\/div>\n<p>\u00a0<\/p>\n<p>\u00a0<\/p>\n<h4 style=\"text-align: center;\">I bambini che abitano nelle periferie del paese costretti a svegliarsi alle 6.00<\/h4>\n<div style=\"text-align: center;\"><\/div>\n<h4 style=\"text-align: center;\">La minoranza: \u201cla verit\u00e0 \u00e8 che il Comune \u00e8 al verde\u201d<\/h4>\n<p>\u00a0<\/p>\n<p style=\"text-align: justify;\"><span style=\"font-size: 10pt;\"><span style=\"font-family: verdana, geneva;\">Turi \u2013 Dal 7 gennaio scorso i bambini che fino al 2008 hanno usufruito del servizio scuolabus sono rimasti appiedati. La decisione \u00e8 stata presa dalla delibera del 20 dicembre scorso, con cui \u00e8 stato, citando le parole testuali della delibera, \u201criorganizzato il servizio trasporto alunni\u201d. Di fatto, per\u00f2, \u00e8 rimasto un solo scuolabus attivo sul territorio che non riesce ad accompagnare tutti i bambini. Gli unici che ancora vengono accompagnati abitano in piena periferia. Almeno questo. Gli altri pulmini a disposizione del comune e della scuola sono rimasti anch\u2019essi \u201cappiedati\u201d perch\u00e9 sono andati in pensione due storici autisti. Pare che questa sia la motivazione data dall\u2019amministrazione circa questa vicenda.<\/span><\/span><\/p>\n<p style=\"text-align: justify;\"><span style=\"font-size: 10pt;\"><span style=\"font-family: verdana, geneva;\">Diametralmente opposta \u00e8 l\u2019opinione della minoranza e dell\u2019immancabile Biagio Elefante -che anche per questo argomento ha detto la sua esponendo un cartellone in via XX settembre-. A detta di questi ultimi pare che il Comune sia al verde e abbia sciaguratamente deciso di risparmiare denaro \u201csulla pelle dei bambini\u201d. <\/span><\/span><\/p>\n<p style=\"text-align: justify;\"><span style=\"font-size: 10pt;\"><span style=\"font-family: verdana, geneva;\">Prevedibile l\u2019 insoddisfazione di massa da parte di tutti i genitori che qualche giorno fa sono stati a colloquio col Sindaco per sollecitare un ripristino immediato degli scuolabus, legittimando il diritto allo studio dei loro figli ed esponendo i grossi disagi per la raggiungibilit\u00e0 delle sedi scolastiche. Molto irritata la posizione dei consiglieri di minoranza riguardo l\u2019atteggiamento della dott.ssa Dina Spada, assessore alla Pubblica istruzione, che \u00e8 mancata clamorosamente durante la seduta consiliare proprio quando si \u00e8 deliberato quanto sopra. Nel prossimo consiglio, o nella seduta straordinaria anticipata richiesta dall\u2019opposizione, speriamo che la giunta riesca a riportare alla normalit\u00e0 l\u2019insostenibile situazione venutasi a creare.<\/span><\/span><\/p>\n","protected":false},"excerpt":{"rendered":"<p>\u00a0<\/p>\n<div style=\"text-align: center\"><img loading=\"lazy\" decoding=\"async\" height=\"208\" width=\"198\" alt=\" \" src=\"http:\/\/www.scuolasuorefrancescane.it\/immagini\/scuolabus.gif\" \/><\/div>\n<p>\u00a0<\/p>\n<p>\u00a0<\/p>\n<h4 style=\"text-align: center;\">I bambini che abitano nelle periferie del paese costretti a svegliarsi alle 6.00<\/h4>\n<div style=\"text-align: center;\"><\/div>\n<h4 style=\"text-align: center;\">La minoranza: \u201cla verit\u00e0 \u00e8 che il Comune \u00e8 al verde\u201d<\/h4>\n<p>\u00a0<\/p>\n","protected":false},"author":1,"featured_media":0,"comment_status":"open","ping_status":"closed","sticky":false,"template":"","format":"standard","meta":{"colormag_page_container_layout":"default_layout","colormag_page_sidebar_layout":"default_layout","footnotes":""},"categories":[7],"tags":[],"class_list":["post-4166","post","type-post","status-publish","format-standard","hentry","category-attualita"],"_links":{"self":[{"href":"https:\/\/archivioturi.lavocedelpaese.info\/index.php\/wp-json\/wp\/v2\/posts\/4166","targetHints":{"allow":["GET"]}}],"collection":[{"href":"https:\/\/archivioturi.lavocedelpaese.info\/index.php\/wp-json\/wp\/v2\/posts"}],"about":[{"href":"https:\/\/archivioturi.lavocedelpaese.info\/index.php\/wp-json\/wp\/v2\/types\/post"}],"author":[{"embeddable":true,"href":"https:\/\/archivioturi.lavocedelpaese.info\/index.php\/wp-json\/wp\/v2\/users\/1"}],"replies":[{"embeddable":true,"href":"https:\/\/archivioturi.lavocedelpaese.info\/index.php\/wp-json\/wp\/v2\/comments?post=4166"}],"version-history":[{"count":0,"href":"https:\/\/archivioturi.lavocedelpaese.info\/index.php\/wp-json\/wp\/v2\/posts\/4166\/revisions"}],"wp:attachment":[{"href":"https:\/\/archivioturi.lavocedelpaese.info\/index.php\/wp-json\/wp\/v2\/media?parent=4166"}],"wp:term":[{"taxonomy":"category","embeddable":true,"href":"https:\/\/archivioturi.lavocedelpaese.info\/index.php\/wp-json\/wp\/v2\/categories?post=4166"},{"taxonomy":"post_tag","embeddable":true,"href":"https:\/\/archivioturi.lavocedelpaese.info\/index.php\/wp-json\/wp\/v2\/tags?post=4166"}],"curies":[{"name":"wp","href":"https:\/\/api.w.org\/{rel}","templated":true}]}}