{"id":411,"date":"2009-09-28T09:03:45","date_gmt":"2009-09-28T09:03:45","guid":{"rendered":"https:\/\/archivioturi.lavocedelpaese.info\/index.php\/2009\/09\/28\/associazione-scrineum-il-futuro-della-biblioteca-di-turi\/"},"modified":"2009-09-28T09:03:45","modified_gmt":"2009-09-28T09:03:45","slug":"associazione-scrineum-il-futuro-della-biblioteca-di-turi","status":"publish","type":"post","link":"https:\/\/archivioturi.lavocedelpaese.info\/index.php\/2009\/09\/28\/associazione-scrineum-il-futuro-della-biblioteca-di-turi\/","title":{"rendered":"SCRINEUM: IL FUTURO DELLA BIBLIOTECA"},"content":{"rendered":"<p><img loading=\"lazy\" decoding=\"async\" class=\" size-full wp-image-410\" alt=\"scrigno_bn\" src=\"https:\/\/archivioturi.lavocedelpaese.info\/wp-content\/uploads\/2009\/09\/scrigno_bn.jpg\" height=\"156\" width=\"320\" srcset=\"https:\/\/archivioturi.lavocedelpaese.info\/wp-content\/uploads\/2009\/09\/scrigno_bn.jpg 410w, https:\/\/archivioturi.lavocedelpaese.info\/wp-content\/uploads\/2009\/09\/scrigno_bn-300x146.jpg 300w\" sizes=\"auto, (max-width: 320px) 100vw, 320px\" \/> <\/p>\n<h3>L&#8217;ASSOCIAZIONE SCRINEUM E I SOGNI DI ANNALISA ROSSI<\/h3>\n<h4><strong>Una nuova immagine per la biblioteca comunale di Turi<\/strong><\/h4>\n<p><strong><br \/><\/strong><\/p>\n<h4 style=\"text-align: justify;\">Cosa \u00e8 l\u2019Associazione culturale Scrineum? Perch\u00e9 nasce e quali sono i suoi obiettivi?<\/h4>\n<div style=\"text-align: justify;\"><\/div>\n<p style=\"text-align: justify;\">Sono questi gli interrogativi che abbiamo voluto sottoporre alla fondatrice della neo Associazione culturale Scrineum, la dott.ssa <strong>Annalisa Rossi<\/strong>.<\/p>\n<div style=\"text-align: justify;\"><\/div>\n<p style=\"text-align: justify;\">L\u2019Associazione \u00e8 un&#8217;organizzazione nata intorno ai primi mesi del <strong>2009<\/strong> dalla volont\u00e0 della sua ideatrice e da amanti dell\u2019argomento che hanno appoggiato l&#8217;iniziativa e creduto in questa idea.<\/p>\n<div style=\"text-align: justify;\"><\/div>\n<p style=\"text-align: justify;\"><strong>La realizzazione di questa associazione \u00e8 il frutto di un sogno e un desiderio<\/strong> coltivato e maturato a lungo dalla sua fondatrice. Amante della cultura, dei testi classici e dei libri in generale sin da quando era bambina, la dott. Rossi ha sempre seguito un percorso formativo che le ha permesso di essere a contatto con l\u2019oggetto della sua passione. Lungo gli anni di studio universitario e di attivit\u00e0 lavorativa, ha continuato ad alimentare il desiderio di creare qualcosa che permettesse a tutti di avvicinarsi al testo e al libro con gli occhi non solo di curioso, ma di ansioso, per entrare in un mondo, quello racchiuso nelle pagine di un libro, lontano dal presente, ma del quale si pu\u00f2 far parte solo immergendosi nella sua lettura. Creare a tal fine un luogo atto a raccogliere l\u2019eredit\u00e0 dei nostri nonni e di tempi ormai passati o lontani \u00e8 il fulcro di questo lavoro.<\/p>\n<div style=\"text-align: justify;\"><\/div>\n<p style=\"text-align: justify;\"><strong>LO SCRIGNO<\/strong> &#8211; Come il ritrovamento di un <strong>tesoro<\/strong> tenuto nascosto a lungo all\u2019interno di uno scrigno, lo scopo dell&#8217;Associazione \u00e8 quindi di riportare alla luce tutti i testi e i materiali presenti nella nostra<strong> Biblioteca<\/strong> e nell\u2019<strong>Archivio comunale<\/strong>. Offrire la possibilit\u00e0 a tutti noi turesi e non solo, di un centro di informazione e diffusione di molteplici forme culturali, spaziando tra quelle letteraria, filosofica, artistica, esoterica, spirituale ed altro per far sviluppare l\u2019interesse a frequentare un luogo, come quello di una Biblioteca, spesso considerato buoi e noioso.<\/p>\n<div style=\"text-align: justify;\"><\/div>\n<h4 style=\"text-align: justify;\"><strong>PATRIMONIO CULTURALE<\/strong> &#8211; \u201cIl nostro impegno \u00e8 particolarmente indirizzato verso lo studio e la divulgazione di un patrimonio culturale ricchissimo, che consta di testi importanti, frutto di donazioni o di ritrovamenti, che per\u00f2 non sono conosciuti e verso lo sviluppo di una curiosit\u00e0, di una creativit\u00e0 e di un interesse da parte di tutte le fasce generazionali\u201d. Continua, Annalisa, sostenendo che \u201cl\u2019intento \u00e8 di organizzare luoghi di incontro e di confronto attraverso convegni, conferenze, seminari, corsi, mostre e rappresentazioni, anche con l\u2019ausilio della collaborazione di scuole, enti e comuni\u201d.<\/h4>\n<h4 style=\"text-align: justify;\"><strong>Il nome dell\u2019associazione<\/strong> deriva da una rivista letteraria di studi e ricerche soprattutto medioevali dell\u2019Universit\u00e0 di Pavia e, fino a questo momento, consta di soli tre membri. Il desiderio della dott.ssa Rossi \u00e8 quello di creare un gruppo di cultori dell\u2019argomento, che abbiano interesse a collaborare alla crescita e alla realizzazione di questo importante progetto che un giorno, forse non lontano, possa fare del nostro comune, il fulcro culturale del territorio e permetta di attrarre curiosi e interessati dalle citt\u00e0 vicine.<\/h4>\n","protected":false},"excerpt":{"rendered":"<p><img loading=\"lazy\" decoding=\"async\" class=\" size-full wp-image-410\" alt=\"scrigno_bn\" src=\"https:\/\/archivioturi.lavocedelpaese.info\/wp-content\/uploads\/2009\/09\/scrigno_bn.jpg\" height=\"156\" width=\"320\" srcset=\"https:\/\/archivioturi.lavocedelpaese.info\/wp-content\/uploads\/2009\/09\/scrigno_bn.jpg 410w, https:\/\/archivioturi.lavocedelpaese.info\/wp-content\/uploads\/2009\/09\/scrigno_bn-300x146.jpg 300w\" sizes=\"auto, (max-width: 320px) 100vw, 320px\" \/> <\/p>\n","protected":false},"author":1,"featured_media":410,"comment_status":"open","ping_status":"closed","sticky":false,"template":"","format":"standard","meta":{"colormag_page_container_layout":"default_layout","colormag_page_sidebar_layout":"default_layout","footnotes":""},"categories":[6],"tags":[],"class_list":["post-411","post","type-post","status-publish","format-standard","has-post-thumbnail","hentry","category-cultura"],"_links":{"self":[{"href":"https:\/\/archivioturi.lavocedelpaese.info\/index.php\/wp-json\/wp\/v2\/posts\/411","targetHints":{"allow":["GET"]}}],"collection":[{"href":"https:\/\/archivioturi.lavocedelpaese.info\/index.php\/wp-json\/wp\/v2\/posts"}],"about":[{"href":"https:\/\/archivioturi.lavocedelpaese.info\/index.php\/wp-json\/wp\/v2\/types\/post"}],"author":[{"embeddable":true,"href":"https:\/\/archivioturi.lavocedelpaese.info\/index.php\/wp-json\/wp\/v2\/users\/1"}],"replies":[{"embeddable":true,"href":"https:\/\/archivioturi.lavocedelpaese.info\/index.php\/wp-json\/wp\/v2\/comments?post=411"}],"version-history":[{"count":0,"href":"https:\/\/archivioturi.lavocedelpaese.info\/index.php\/wp-json\/wp\/v2\/posts\/411\/revisions"}],"wp:featuredmedia":[{"embeddable":true,"href":"https:\/\/archivioturi.lavocedelpaese.info\/index.php\/wp-json\/wp\/v2\/media\/410"}],"wp:attachment":[{"href":"https:\/\/archivioturi.lavocedelpaese.info\/index.php\/wp-json\/wp\/v2\/media?parent=411"}],"wp:term":[{"taxonomy":"category","embeddable":true,"href":"https:\/\/archivioturi.lavocedelpaese.info\/index.php\/wp-json\/wp\/v2\/categories?post=411"},{"taxonomy":"post_tag","embeddable":true,"href":"https:\/\/archivioturi.lavocedelpaese.info\/index.php\/wp-json\/wp\/v2\/tags?post=411"}],"curies":[{"name":"wp","href":"https:\/\/api.w.org\/{rel}","templated":true}]}}