{"id":4093,"date":"2007-12-01T11:57:01","date_gmt":"2007-12-01T11:57:01","guid":{"rendered":"https:\/\/archivioturi.lavocedelpaese.info\/index.php\/2007\/12\/01\/ada-stefani-come-mike-qbravo-bravissimoq-sbarca-a-turi\/"},"modified":"2007-12-01T11:57:01","modified_gmt":"2007-12-01T11:57:01","slug":"ada-stefani-come-mike-qbravo-bravissimoq-sbarca-a-turi","status":"publish","type":"post","link":"https:\/\/archivioturi.lavocedelpaese.info\/index.php\/2007\/12\/01\/ada-stefani-come-mike-qbravo-bravissimoq-sbarca-a-turi\/","title":{"rendered":"Ada Stefani come Mike. &#8220;Bravo, Bravissimo&#8221; sbarca a Turi"},"content":{"rendered":"<p>\u00a0<\/p>\n<div style=\"text-align: center\"><img loading=\"lazy\" decoding=\"async\" height=\"320\" width=\"218\" alt=\" \" src=\"http:\/\/img149.imageshack.us\/img149\/6932\/professoressastefanibrazi7.jpg\" \/><\/div>\n<div style=\"text-align: center\">\n<address> <\/address>\n<\/div>\n<div style=\"text-align: center\">\n<address>La prof. Ada Stefani <\/address>\n<\/div>\n<p>\u00a0<\/p>\n<h4><span style=\"font-size: 12pt; font-family: Arial\">La Scuola<\/span><span style=\"font-size: 12pt; font-family: Arial\"> Secondaria<\/span><span style=\"font-size: 12pt; font-family: Arial\"> di 1\u00b0 grado \u201cR. Resta\u201d di Turi sar\u00e0 teatro delle esibizioni artistiche. Concorso aperto a tutte le scuole del circondario. I<\/span><span style=\"font-size: 12pt; font-family: Arial\">scrizioni aperte fino al 10 dicembre.<\/span><\/h4>\n<p align=\"justify\" class=\"MsoNormal\"><span style=\"font-family: Arial\">\u201cIl concorso \u201cBravo, Bravissimo Junior\u201d \u00e8 un\u2019occasione per scoprire nuovi talenti in campo artistico, musicale, letterario ed altro\u201d. Queste le parole con cui la Professoressa Addolorata Stefani, conosciuta da tutti come Ada, che ci ha spiegato il motivo per cui \u00e8 nata questa iniziativa.<\/span><\/p>\n<div align=\"justify\"><\/div>\n<p align=\"justify\" class=\"MsoNormal\"><span style=\"font-family: Arial\">Il concorso \u00e8 aperto a tutti gli alunni residenti nella provincia di Bari, frequentanti le Scuole primarie di 1\u00b0 grado (ex scuole medie), di et\u00e0 compresa tra gli 11 e 13 anni. I ragazzi avranno la possibilit\u00e0, forse per la prima volta nella loro vita, di mettere in luce le loro vocazioni facendosi conoscere per quelle che sono le loro attitudini \u201cspeciali\u201d. Avranno a disposizione un palco, una platea di spettatori e una giuria: tutto quello che serve per garantire la riuscita di un concorso a regola d\u2019arte che potrebbe far emergere dei nuovi talenti sul territorio barese. Infondo non abbiamo dubbi sulla riuscita: la professoressa referente del progetto \u00e8 famosissima a Turi per essere un fiume in piena nel metter su progetti in campo letterario e artistico, come succede ormai da ben 14 anni. Mancava solo questo insomma. Ed \u00e8 arrivato.<\/span><\/p>\n<div align=\"justify\"><\/div>\n<p align=\"justify\" class=\"MsoNormal\"><span style=\"font-family: Arial\">Gli alunni per poter partecipare devono iscriversi al concorso compilando un modulo ritirabile presso le segreterie delle proprie scuole. La quota di partecipazione \u00e8 di 10 euro e il ricavato sar\u00e0 interamente utilizzato per le spese organizzative al fine di creare una manifestazione degna di questo nome.<\/span><\/p>\n<div align=\"justify\"><\/div>\n<p align=\"justify\" class=\"MsoNormal\"><span style=\"font-family: Arial\">L\u2019intero concorso si svilupper\u00e0 nell\u2019arco di tempo di 5 mesi: dalla data di scadenza delle iscrizioni, il 10 dicembre pv al mese di Aprile \u201908 in cui avverranno le finalissime.<\/span><\/p>\n<div align=\"justify\"><\/div>\n<p align=\"justify\" class=\"MsoNormal\"><span style=\"font-family: Arial\">In questo arco di tempo si proceder\u00e0 ad effettuare le selezioni in due fasi distinte. Nella prima, la giuria valuter\u00e0 le performance dei ragazzini che si esibiranno presso la Scuola Statale R. Resta di Turi. Le serate dedicate a questa fase saranno due o pi\u00f9, a seconda delle richieste di partecipazione, e vedranno in gara 12 studenti per volta. Passeranno il turno i migliori sei di ogni giornata. Nella seconda fase, una seconda giuria valuter\u00e0 le prestazioni artistiche dei ragazzi che avranno passato le prime selezioni, premiando i tre ragazzi pi\u00f9 bravi. Ognuno di essi ricever\u00e0 un premio: si spera di poter mettere in palio delle borse di studio con le quali i ragazzini potranno continuare a coltivare il sogno di diventare dei grandi artisti. Per far ci\u00f2, la scuola ha chiesto un contributo di 1500 euro al Comune di Turi, patrocinante del progetto, in modo tale da poter garantire una buona gestione del progetto e l\u2019assegnazione di premi corposi.<\/span><\/p>\n<div align=\"justify\"><\/div>\n<p align=\"justify\" class=\"MsoNormal\"><span style=\"font-family: Arial\">Sarebbe bello vedere tra qualche anno qualcuno dei ragazzini sbocciati grazie all\u2019iniziativa turese in qualche programma televisivo. Noi ci speriamo.<\/span><\/p>\n<div align=\"justify\"><\/div>\n<p align=\"justify\" class=\"MsoNormal\"><span style=\"font-family: Arial\">Durante le selezioni saranno tenuti in considerazione parametri di giudizio molto precisi ed indicati nel regolamento. I partecipanti dovranno dimostrare bravura nell\u2019esposizione, tono ed espressivit\u00e0 nella presentazione del proprio lavoro, spigliatezza e briosit\u00e0. Nello specifico: per la categoria \u201cdanza\u201d si terr\u00e0 conto della dinamicit\u00e0 ed armoniosit\u00e0 dei movimenti; per il \u201ccanto\u201d del tono e del timbro di voce; per il \u201cteatro\u201d della recitazione e della dizione. Sicuramente importante sar\u00e0 mostrare un tocco di originalit\u00e0, qualsiasi sia la categoria di appartenenza ed il tipo di esibizione proposta. I parametri saranno gli stessi qualora in gara ci fossero gruppi di ballerini, di cantanti ecc.<\/span><\/p>\n<div align=\"justify\"><\/div>\n<p align=\"justify\" class=\"MsoNormal\"><span style=\"font-family: Arial\">Cos\u00ec ogni singolo ragazzino avr\u00e0 la possibilit\u00e0 di confrontarsi con gli altri coetanei, col pubblico e con la giuria: elementi fondamentali per assicurare l\u2019espressione ai massimi livelli delle proprie potenzialit\u00e0. In bocca al lupo!<\/span><\/p>\n<div align=\"justify\"><\/div>\n<p align=\"justify\" class=\"MsoNormal\"><span style=\"font-family: Arial\">Infine, ricordiamo a chiunque voglia partecipare all\u2019iniziativa che per effettuare le iscrizioni basta contattare la Prof.ssa Stefani al numero 080.8915003, il luned\u00ec e il marted\u00ec, dalle ore 10 alle ore 12.<\/span><\/p>\n","protected":false},"excerpt":{"rendered":"<p>\u00a0<\/p>\n<div style=\"text-align: center\"><img loading=\"lazy\" decoding=\"async\" height=\"320\" width=\"218\" alt=\" \" src=\"http:\/\/img149.imageshack.us\/img149\/6932\/professoressastefanibrazi7.jpg\" \/><\/div>\n<div style=\"text-align: center\">\n<address> <\/address>\n<\/div>\n<div style=\"text-align: center\">\n<address>La prof. Ada Stefani <\/address>\n<\/div>\n<p>\u00a0<\/p>\n<h4><span style=\"font-size: 12pt; font-family: Arial\">La Scuola<\/span><span style=\"font-size: 12pt; font-family: Arial\"> Secondaria<\/span><span style=\"font-size: 12pt; font-family: Arial\"> di 1\u00b0 grado \u201cR. Resta\u201d di Turi sar\u00e0 teatro delle esibizioni artistiche. Concorso aperto a tutte le scuole del circondario. I<\/span><span style=\"font-size: 12pt; font-family: Arial\">scrizioni aperte fino al 10 dicembre.<\/span><\/h4>\n","protected":false},"author":1,"featured_media":0,"comment_status":"open","ping_status":"closed","sticky":false,"template":"","format":"standard","meta":{"colormag_page_container_layout":"default_layout","colormag_page_sidebar_layout":"default_layout","footnotes":""},"categories":[6],"tags":[],"class_list":["post-4093","post","type-post","status-publish","format-standard","hentry","category-cultura"],"_links":{"self":[{"href":"https:\/\/archivioturi.lavocedelpaese.info\/index.php\/wp-json\/wp\/v2\/posts\/4093","targetHints":{"allow":["GET"]}}],"collection":[{"href":"https:\/\/archivioturi.lavocedelpaese.info\/index.php\/wp-json\/wp\/v2\/posts"}],"about":[{"href":"https:\/\/archivioturi.lavocedelpaese.info\/index.php\/wp-json\/wp\/v2\/types\/post"}],"author":[{"embeddable":true,"href":"https:\/\/archivioturi.lavocedelpaese.info\/index.php\/wp-json\/wp\/v2\/users\/1"}],"replies":[{"embeddable":true,"href":"https:\/\/archivioturi.lavocedelpaese.info\/index.php\/wp-json\/wp\/v2\/comments?post=4093"}],"version-history":[{"count":0,"href":"https:\/\/archivioturi.lavocedelpaese.info\/index.php\/wp-json\/wp\/v2\/posts\/4093\/revisions"}],"wp:attachment":[{"href":"https:\/\/archivioturi.lavocedelpaese.info\/index.php\/wp-json\/wp\/v2\/media?parent=4093"}],"wp:term":[{"taxonomy":"category","embeddable":true,"href":"https:\/\/archivioturi.lavocedelpaese.info\/index.php\/wp-json\/wp\/v2\/categories?post=4093"},{"taxonomy":"post_tag","embeddable":true,"href":"https:\/\/archivioturi.lavocedelpaese.info\/index.php\/wp-json\/wp\/v2\/tags?post=4093"}],"curies":[{"name":"wp","href":"https:\/\/api.w.org\/{rel}","templated":true}]}}