{"id":405,"date":"2009-09-26T14:54:28","date_gmt":"2009-09-26T14:54:28","guid":{"rendered":"https:\/\/archivioturi.lavocedelpaese.info\/index.php\/2009\/09\/26\/ventrella-sui-rischi-della-giunta\/"},"modified":"2009-09-26T14:54:28","modified_gmt":"2009-09-26T14:54:28","slug":"ventrella-sui-rischi-della-giunta","status":"publish","type":"post","link":"https:\/\/archivioturi.lavocedelpaese.info\/index.php\/2009\/09\/26\/ventrella-sui-rischi-della-giunta\/","title":{"rendered":"A TURI VOGLIONO LA CADUTA DI GIGANTELLI"},"content":{"rendered":"<p><img loading=\"lazy\" decoding=\"async\" class=\" size-full wp-image-152\" alt=\"natale-ventrella\" src=\"https:\/\/archivioturi.lavocedelpaese.info\/wp-content\/uploads\/2009\/07\/natale-ventrella.png\" height=\"156\" width=\"320\" srcset=\"https:\/\/archivioturi.lavocedelpaese.info\/wp-content\/uploads\/2009\/07\/natale-ventrella.png 410w, https:\/\/archivioturi.lavocedelpaese.info\/wp-content\/uploads\/2009\/07\/natale-ventrella-300x146.png 300w\" sizes=\"auto, (max-width: 320px) 100vw, 320px\" \/> <\/p>\n<h3>&#8220;L&#8217;OPPOSIZIONE NON MI HA INVITATO AL COMIZIO&#8221;<\/h3>\n<h4><strong>Natalino Ventrella<\/strong>: &#8220;La gente vorrebbe la caduta dell&#8217;amministrazione. Vi spiego perch\u00e8 la caduta non sarebbe un bene per la comunit\u00e0&#8221;.<\/h4>\n<p>\u00a0<\/p>\n<h4 style=\"text-align: justify;\"><strong>Natalino Ventrella<\/strong>. Consigliere di maggioranza o dell\u2019opposizione? Se lo chiedono in tanti, qui, a Turi. Il dubbio \u00e8 amletico. E poi, la giunta Gigantelli rischia veramente il collasso?<\/h4>\n<div style=\"text-align: justify;\"><\/div>\n<p style=\"text-align: justify;\">A due giorni dall\u2019avvio degli studi di fattibilit\u00e0 sull\u2019area <strong>PIP<\/strong>, a pochi mesi dall\u2019approvazione del<strong> PUG<\/strong>, Ventrella si confessa ai lettori di <em>turiweb<\/em>. Tra le righe di questa intervista, si avverte uno stato represso di ansia. Natalino sembra temere una imminente caduta dell\u2019amministrazione. Qualcuno lo ferma per strada esprimendo questo desiderio latente e lui ne \u00e8 seriamente preoccupato.<\/p>\n<div style=\"text-align: justify;\"><\/div>\n<h4 style=\"text-align: justify;\"><strong>\u201cQuando si va a votare, non ci si ricordi solo del piccolo favore ottenuto!\u201d.<\/strong> E\u2019 questo un passaggio chiave. Viene da riflettere su quanto sia davvero svincolato il voto; ma questa \u00e8 un\u2019altra storia. Cos\u00ec, Ventrella, senza peli sulla lingua, ammonisce i gufi sul finale dell\u2019intervista che andiamo a leggere.<\/h4>\n<p>\u00a0<\/p>\n<p><strong>Consigliere, perch\u00e9 sabato non \u00e8 sceso in piazza al comizio con l\u2019opposizione?<\/strong><\/p>\n<p>\u201cNon ero presente perch\u00e9 non sono stato invitato. Da gennaio sono stato totalmente isolato dalla minoranza ma, nonostante ci\u00f2, la stima che ho di tutti i miei colleghi \u00e8 rimasta immutata. Politicamente sono molto preparati. Personalmente sono delle bravissime persone e grandi oratori\u201d.<\/p>\n<p>\u00a0<\/p>\n<p><strong>Che ne pensa dell\u2019opinione di Biagio Elefante sul finanziamento a fondo perduto dell\u2019area PIP da lei segnalato?<\/strong><\/p>\n<p>\u201cProbabilmente Elefante ha preso una cantonata, in quanto dobbiamo scindere da un bando di gara gli scopi e i requisiti. Lo scopo che il comune di Turi ha \u00e8 diverso da quello indicato da Elefante e non inficia minimamente sull\u2019ottenimento dello stesso. Benvengano le discussioni pubbliche, ma non capisco perch\u00e9 si debba offendere un consigliere comunale\u201d.<\/p>\n<p>\u00a0<\/p>\n<p><strong>Ventrella, qual \u00e8 la sua posizione politica rispetto alla maggioranza e all\u2019opposizione?<\/strong><\/p>\n<p>\u201cPersone mi hanno fermato e criticato per l\u2019attivit\u00e0 politica e vorrebbero la <strong>caduta dell\u2019amministrazione Gigantelli<\/strong>. Preciso che l\u2019attuale sistema elettorale prevede una maggioranza qualificata che possa creare stabilit\u00e0 politica in un paese. Questa maggioranza ha ottenuto <strong>4mila voti <\/strong>e se fosse realmente responsabile di qualcosa ne sono responsabili le 4mila persone che hanno votato per loro, in quanto noi consiglieri comunali siamo solo dei rappresentanti del popolo. Chiedo maggiore attenzione politica a tutti quanti perch\u00e9, <strong>quando si va a votare, non ci si ricordi solo del piccolo favore ottenuto<\/strong>.<\/p>\n<p><strong>Sono contrario alla caduta<\/strong> perch\u00e9 siamo arrivati alla fase del PUG che entro fine anno sar\u00e0 approvato e questo determiner\u00e0 la fine dello scempio edilizio a Turi.<\/p>\n<p>Finora abbiamo speso pi\u00f9 di <strong>130mila euro per compensi <\/strong>professionali ai tecnici, e un\u2019eventuale caduta determinerebbe un blocco dell\u2019attivit\u00e0 edilizia, spese inutili di tutti i cittadini. La venuta di un Commissario Prefettizio aumenterebbe la fiscalit\u00e0 locale. Ci perderebbe tutta la cittadinanza. La politica bisogna saperla fare e non criticare sempre negativamente\u201d.<\/p>\n<p>\u00a0<\/p>\n","protected":false},"excerpt":{"rendered":"<p><img loading=\"lazy\" decoding=\"async\" class=\" size-full wp-image-152\" alt=\"natale-ventrella\" src=\"https:\/\/archivioturi.lavocedelpaese.info\/wp-content\/uploads\/2009\/07\/natale-ventrella.png\" height=\"156\" width=\"320\" srcset=\"https:\/\/archivioturi.lavocedelpaese.info\/wp-content\/uploads\/2009\/07\/natale-ventrella.png 410w, https:\/\/archivioturi.lavocedelpaese.info\/wp-content\/uploads\/2009\/07\/natale-ventrella-300x146.png 300w\" sizes=\"auto, (max-width: 320px) 100vw, 320px\" \/> <\/p>\n","protected":false},"author":1,"featured_media":152,"comment_status":"open","ping_status":"closed","sticky":false,"template":"","format":"standard","meta":{"colormag_page_container_layout":"default_layout","colormag_page_sidebar_layout":"default_layout","footnotes":""},"categories":[4],"tags":[],"class_list":["post-405","post","type-post","status-publish","format-standard","has-post-thumbnail","hentry","category-politica"],"_links":{"self":[{"href":"https:\/\/archivioturi.lavocedelpaese.info\/index.php\/wp-json\/wp\/v2\/posts\/405","targetHints":{"allow":["GET"]}}],"collection":[{"href":"https:\/\/archivioturi.lavocedelpaese.info\/index.php\/wp-json\/wp\/v2\/posts"}],"about":[{"href":"https:\/\/archivioturi.lavocedelpaese.info\/index.php\/wp-json\/wp\/v2\/types\/post"}],"author":[{"embeddable":true,"href":"https:\/\/archivioturi.lavocedelpaese.info\/index.php\/wp-json\/wp\/v2\/users\/1"}],"replies":[{"embeddable":true,"href":"https:\/\/archivioturi.lavocedelpaese.info\/index.php\/wp-json\/wp\/v2\/comments?post=405"}],"version-history":[{"count":0,"href":"https:\/\/archivioturi.lavocedelpaese.info\/index.php\/wp-json\/wp\/v2\/posts\/405\/revisions"}],"wp:featuredmedia":[{"embeddable":true,"href":"https:\/\/archivioturi.lavocedelpaese.info\/index.php\/wp-json\/wp\/v2\/media\/152"}],"wp:attachment":[{"href":"https:\/\/archivioturi.lavocedelpaese.info\/index.php\/wp-json\/wp\/v2\/media?parent=405"}],"wp:term":[{"taxonomy":"category","embeddable":true,"href":"https:\/\/archivioturi.lavocedelpaese.info\/index.php\/wp-json\/wp\/v2\/categories?post=405"},{"taxonomy":"post_tag","embeddable":true,"href":"https:\/\/archivioturi.lavocedelpaese.info\/index.php\/wp-json\/wp\/v2\/tags?post=405"}],"curies":[{"name":"wp","href":"https:\/\/api.w.org\/{rel}","templated":true}]}}