{"id":4016,"date":"2010-12-28T10:07:58","date_gmt":"2010-12-28T10:07:58","guid":{"rendered":"https:\/\/archivioturi.lavocedelpaese.info\/index.php\/2010\/12\/28\/chi-e-il-piccolo-mario-della-quercia\/"},"modified":"2010-12-28T10:07:58","modified_gmt":"2010-12-28T10:07:58","slug":"chi-e-il-piccolo-mario-della-quercia","status":"publish","type":"post","link":"https:\/\/archivioturi.lavocedelpaese.info\/index.php\/2010\/12\/28\/chi-e-il-piccolo-mario-della-quercia\/","title":{"rendered":"CHI \u00c8 IL PICCOLO MARIO DELLA QUERCIA..?"},"content":{"rendered":"<p><img loading=\"lazy\" decoding=\"async\" class=\" size-full wp-image-4011\" alt=\"madonna_3\" height=\"150\" width=\"320\" src=\"https:\/\/archivioturi.lavocedelpaese.info\/wp-content\/uploads\/2010\/12\/madonna_3.jpg\" srcset=\"https:\/\/archivioturi.lavocedelpaese.info\/wp-content\/uploads\/2010\/12\/madonna_3.jpg 640w, https:\/\/archivioturi.lavocedelpaese.info\/wp-content\/uploads\/2010\/12\/madonna_3-300x141.jpg 300w\" sizes=\"auto, (max-width: 320px) 100vw, 320px\" \/> <\/p>\n<p style=\"text-align: justify;\"><span style=\"font-size: 10pt;\"><span style=\"font-family: verdana, geneva;\">Non \u00e8 trascorso molto tempo dalla prima pubblicazione dell&#8217;articolo a riguardo delle apparizioni <\/span><\/span><span style=\"font-size: 13px; font-family: verdana, geneva;\">avvenute in contrada Santa Teresa nel brindisino.<\/span><\/p>\n<p style=\"text-align: justify;\"><span style=\"font-size: 10pt;\"><span style=\"font-family: verdana, geneva;\">Molti si chiederanno: \u201cChi \u00e8 <strong>Mario D&#8217;Ignazio<\/strong>? Deve essere speciale! Cosa lo ha spinto a vivere in preghiera e a dedicarsi all&#8217;apostolato? Come vive questa situazione che gli si \u00e8 presentata?\u201d<\/span><\/span><\/p>\n<p style=\"text-align: justify;\"><span style=\"font-size: 10pt;\"><span style=\"font-family: verdana, geneva;\">Il giovane Mario D&#8217;Ignazio proviene da una famiglia molto umile e cattolica. Non si direbbe\u00a0 appartenete ad un&#8217;elite, anzi \u00e8 una persona modesta, che sa apprezzare la belt\u00e0 e la semplicit\u00e0 della vita stessa, che Dio ha donato a tutti gli uomini. Il piccolo Mario ha conseguito il diploma presso l&#8217;Istituto Alberghiero. Subito dopo ha dovuto aiutare la sua famiglia, compiendo lavori umili. Attualmente vive con suo padre, sua madre, sua sorella (vedova) e la sua nipotina.<\/span><\/span><\/p>\n<p><span style=\"font-size: 10pt;\"><span style=\"font-family: verdana, geneva;\"><img loading=\"lazy\" decoding=\"async\" class=\" alignleft size-full wp-image-4012\" src=\"https:\/\/archivioturi.lavocedelpaese.info\/wp-content\/uploads\/2010\/12\/madonna_5.jpg\" width=\"314\" height=\"235\" alt=\"madonna_5\" style=\"margin-top: 10px; margin-right: 10px; margin-bottom: 10px; float: left;\" srcset=\"https:\/\/archivioturi.lavocedelpaese.info\/wp-content\/uploads\/2010\/12\/madonna_5.jpg 314w, https:\/\/archivioturi.lavocedelpaese.info\/wp-content\/uploads\/2010\/12\/madonna_5-300x225.jpg 300w\" sizes=\"auto, (max-width: 314px) 100vw, 314px\" \/><\/span><\/span><\/p>\n<div style=\"text-align: justify;\">Tutto ha avuto inizio nell&#8217;agosto dell&#8217;anno 2009 nella sua casa in campagna in <strong>Contrada Santa Teresa, vicino all&#8217;Aeroporto Civile (Brindisi)<\/strong>. Mentre estirpava l&#8217;erba superflua nel suo giardino, gli apparve una Donna luminosa e candida. Ella si present\u00f2 a Mario: \u201cIo sono la Madre di Dio\u201d e lo invit\u00f2 a pregare, promettendogli che sarebbe apparsa ogni venerd\u00ec. Mario, in principio ebbe timore ed spieg\u00f2 tutto alla sua famiglia. Dopo tanti segni divini, che resero possibile comprendere la veridicit\u00e0 degli accaduti, i genitori di Mario lo sostennero e lo seguirono verso un intenso cammino spirituale, volto alla preghiera e alla penitenza.<\/div>\n<p>\u00a0<\/p>\n<p style=\"text-align: justify;\"><span style=\"font-size: 10pt;\"><span style=\"font-family: verdana, geneva;\">La Madre di Dio, per i primi 10 mesi apparve ogni venerd\u00ec. In seguito, sotto Sue indicazioni, si present\u00f2 ogni 5 del mese.<\/span><\/span><\/p>\n<p style=\"text-align: justify;\"><span style=\"font-size: 10pt;\"><span style=\"font-family: verdana, geneva;\">Durante l&#8217;evolversi della vicenda, la gente ha trasformato il giardino di Mario in un luogo di preghiera, dove la Madre di Dio si \u00e8 manifestata e ha tramandato il messaggio della Riconciliazione con Dio.<\/span><\/span><\/p>\n<p style=\"text-align: justify;\"><span style=\"font-size: 10pt;\"><span style=\"font-family: verdana, geneva;\">In questo luogo si riuniscono i credenti per pregare ed assistere all&#8217;estasi del giovane Mario. La gente curiosa e diffidente non manca, ma non disturba la preghiera.<\/span><\/span><\/p>\n<p><span style=\"font-size: 10pt;\"><span style=\"font-family: verdana, geneva;\"><img loading=\"lazy\" decoding=\"async\" class=\" alignright size-full wp-image-4013\" src=\"https:\/\/archivioturi.lavocedelpaese.info\/wp-content\/uploads\/2010\/12\/madonna_9.jpg\" width=\"314\" height=\"235\" alt=\"madonna_9\" style=\"margin-top: 10px; margin-bottom: 10px; margin-left: 10px; float: right;\" srcset=\"https:\/\/archivioturi.lavocedelpaese.info\/wp-content\/uploads\/2010\/12\/madonna_9.jpg 314w, https:\/\/archivioturi.lavocedelpaese.info\/wp-content\/uploads\/2010\/12\/madonna_9-300x225.jpg 300w\" sizes=\"auto, (max-width: 314px) 100vw, 314px\" \/><\/span><\/span><\/p>\n<div style=\"text-align: justify;\">Si susseguono avvenimenti celesti come: pulsazione, rotazione del sole e cambiamenti in vari colori, come testimoniano alcuni. Inoltre si manifestano sull&#8217;ulivo, durante le Apparizioni, globi di vario colore.<\/div>\n<p>\u00a0<\/p>\n<p style=\"text-align: justify;\"><span style=\"font-size: 10pt;\"><span style=\"font-family: verdana, geneva;\">Il 2 Aprile 2009, lo scorso venerd\u00ec santo, al veggente Mario, furono donate le piaghe sulle mani e sui piedi in presenza di un sacerdote diocesano. I fedeli pieni di lacrime pregarono e tinsero i loro fazzoletti del sangue, per conservare il ricordo, sino a che le ferite si richiusero. Le piaghe sono state viste aprirsi l\u00ec in seduta stante, da una donna turese, Pasquina Giannini, che ci ha riconfermato la sua testimonianza.<\/span><\/span><\/p>\n<p style=\"text-align: justify;\"><span style=\"font-size: 10pt;\"><span style=\"font-family: verdana, geneva;\">\u201cSono pene che portano luce e speranza in mezzo alla grande tenebra ovunque diffusa, donate dal Figlio Mio per amore\u201d- cos\u00ec la Vergine della Riconciliazione annunzier\u00e0 a Mario questo dono.<\/span><\/span><\/p>\n<p><span style=\"font-size: 10pt;\"><span style=\"font-family: verdana, geneva;\"><img loading=\"lazy\" decoding=\"async\" class=\" alignleft size-full wp-image-4014\" src=\"https:\/\/archivioturi.lavocedelpaese.info\/wp-content\/uploads\/2010\/12\/madonna_7.jpg\" width=\"314\" height=\"235\" alt=\"madonna_7\" style=\"margin-top: 10px; margin-right: 10px; margin-bottom: 10px; float: left;\" srcset=\"https:\/\/archivioturi.lavocedelpaese.info\/wp-content\/uploads\/2010\/12\/madonna_7.jpg 314w, https:\/\/archivioturi.lavocedelpaese.info\/wp-content\/uploads\/2010\/12\/madonna_7-300x225.jpg 300w\" sizes=\"auto, (max-width: 314px) 100vw, 314px\" \/><\/span><\/span><\/p>\n<div style=\"text-align: justify;\"><span style=\"font-size: 10pt;\"><span style=\"font-family: verdana, geneva;\">Un\u2019altra manifestazione divina visibile ai fedeli presenti fu la trasudazione di olio profumato dalla statua della Madonna di Fatima riposta nella cappellina.<\/span><\/span><\/div>\n<p>\u00a0<\/p>\n<p style=\"text-align: justify;\"><span style=\"font-size: 10pt;\"><span style=\"font-family: verdana, geneva;\">Il veggente Mario ha anche ricevuto la Comunione mistica: \u201cl&#8217;Eucarestia gli \u00e8 stata portata da Nostro Signore in pi\u00f9 occasioni, una delle quali \u00e8 stata fotografata da una giornalista locale. Si vide scendere l&#8217;Ostia e posarsi sulla lingua del veggente. Diverse persone dichiarano d&#8217;aver ricevuto Grazie e guarigioni a Santa Teresa e immancabilmente ogni 5 del mese sono l\u00ec per pregare il Santo Rosario .<\/span><\/span><\/p>\n<p style=\"text-align: justify;\"><span style=\"font-size: 10pt;\"><span style=\"font-family: verdana, geneva;\">\u201cLa Vergine Maria\u00a0 chiede di pregare il Rosario completo e di meditare i Suoi Messaggi .<\/span><\/span><\/p>\n<p><span style=\"font-size: 10pt;\"><span style=\"font-family: verdana, geneva;\"><img loading=\"lazy\" decoding=\"async\" class=\" alignright size-full wp-image-4015\" src=\"https:\/\/archivioturi.lavocedelpaese.info\/wp-content\/uploads\/2010\/12\/madonna_8.jpg\" width=\"314\" height=\"210\" alt=\"madonna_8\" style=\"margin-top: 10px; margin-bottom: 10px; margin-left: 10px; float: right;\" srcset=\"https:\/\/archivioturi.lavocedelpaese.info\/wp-content\/uploads\/2010\/12\/madonna_8.jpg 314w, https:\/\/archivioturi.lavocedelpaese.info\/wp-content\/uploads\/2010\/12\/madonna_8-300x201.jpg 300w\" sizes=\"auto, (max-width: 314px) 100vw, 314px\" \/> <\/span><\/span><\/p>\n<div style=\"text-align: justify;\">Messaggi\u00a0 semplici ricchi di spiritualit\u00e0 come quelli di Loureds e Fatima . Mario ha anche ricevuto un segreto, ma di ci\u00f2 non pu\u00f2 parlarne. Dei Messaggi s\u00ec ed invita alla conversione e al perdono esortando tutti a percorrere la via delle virt\u00f9 cristiane .<\/div>\n<p>\u00a0<\/p>\n<p style=\"text-align: justify;\"><span style=\"font-size: 10pt;\"><span style=\"font-family: verdana, geneva;\">E questo \u00e8 un segno dello Spirito. Lo chiede la Signora, la Madre\u201d. Cos\u00ec spiegano i fedeli che hanno assistito agli eventi.<\/span><\/span><\/p>\n<p style=\"text-align: justify;\"><span style=\"font-size: 10pt;\"><span style=\"font-family: verdana, geneva;\"><br \/><\/span><\/span><\/p>\n<p style=\"text-align: justify;\"><span style=\"font-size: 10pt;\"><span style=\"font-family: verdana, geneva;\">Chiunque sia interessato a far visita alla Madonna, pu\u00f2 contattare la redattrice lasciando un commento qui sotto. Grazie<\/span><\/span><\/p>\n<p>\u00a0<\/p>\n","protected":false},"excerpt":{"rendered":"<p><img loading=\"lazy\" decoding=\"async\" class=\" size-full wp-image-4011\" alt=\"madonna_3\" height=\"150\" width=\"320\" src=\"https:\/\/archivioturi.lavocedelpaese.info\/wp-content\/uploads\/2010\/12\/madonna_3.jpg\" srcset=\"https:\/\/archivioturi.lavocedelpaese.info\/wp-content\/uploads\/2010\/12\/madonna_3.jpg 640w, https:\/\/archivioturi.lavocedelpaese.info\/wp-content\/uploads\/2010\/12\/madonna_3-300x141.jpg 300w\" sizes=\"auto, (max-width: 320px) 100vw, 320px\" \/> <\/p>\n","protected":false},"author":1,"featured_media":4011,"comment_status":"open","ping_status":"closed","sticky":false,"template":"","format":"standard","meta":{"colormag_page_container_layout":"default_layout","colormag_page_sidebar_layout":"default_layout","footnotes":""},"categories":[7],"tags":[],"class_list":["post-4016","post","type-post","status-publish","format-standard","has-post-thumbnail","hentry","category-attualita"],"_links":{"self":[{"href":"https:\/\/archivioturi.lavocedelpaese.info\/index.php\/wp-json\/wp\/v2\/posts\/4016","targetHints":{"allow":["GET"]}}],"collection":[{"href":"https:\/\/archivioturi.lavocedelpaese.info\/index.php\/wp-json\/wp\/v2\/posts"}],"about":[{"href":"https:\/\/archivioturi.lavocedelpaese.info\/index.php\/wp-json\/wp\/v2\/types\/post"}],"author":[{"embeddable":true,"href":"https:\/\/archivioturi.lavocedelpaese.info\/index.php\/wp-json\/wp\/v2\/users\/1"}],"replies":[{"embeddable":true,"href":"https:\/\/archivioturi.lavocedelpaese.info\/index.php\/wp-json\/wp\/v2\/comments?post=4016"}],"version-history":[{"count":0,"href":"https:\/\/archivioturi.lavocedelpaese.info\/index.php\/wp-json\/wp\/v2\/posts\/4016\/revisions"}],"wp:featuredmedia":[{"embeddable":true,"href":"https:\/\/archivioturi.lavocedelpaese.info\/index.php\/wp-json\/wp\/v2\/media\/4011"}],"wp:attachment":[{"href":"https:\/\/archivioturi.lavocedelpaese.info\/index.php\/wp-json\/wp\/v2\/media?parent=4016"}],"wp:term":[{"taxonomy":"category","embeddable":true,"href":"https:\/\/archivioturi.lavocedelpaese.info\/index.php\/wp-json\/wp\/v2\/categories?post=4016"},{"taxonomy":"post_tag","embeddable":true,"href":"https:\/\/archivioturi.lavocedelpaese.info\/index.php\/wp-json\/wp\/v2\/tags?post=4016"}],"curies":[{"name":"wp","href":"https:\/\/api.w.org\/{rel}","templated":true}]}}