{"id":4008,"date":"2010-12-27T19:05:29","date_gmt":"2010-12-27T19:05:29","guid":{"rendered":"https:\/\/archivioturi.lavocedelpaese.info\/index.php\/2010\/12\/27\/la-sunflower-a-conversano-per-lunitalsi-e-la-zarzuela\/"},"modified":"2010-12-27T19:05:29","modified_gmt":"2010-12-27T19:05:29","slug":"la-sunflower-a-conversano-per-lunitalsi-e-la-zarzuela","status":"publish","type":"post","link":"https:\/\/archivioturi.lavocedelpaese.info\/index.php\/2010\/12\/27\/la-sunflower-a-conversano-per-lunitalsi-e-la-zarzuela\/","title":{"rendered":"LA SUNFLOWER A CONVERSANO PER LA SOLIDARIET\u00c0"},"content":{"rendered":"<p><img loading=\"lazy\" decoding=\"async\" class=\" size-full wp-image-3175\" alt=\"3\" height=\"150\" width=\"320\" src=\"https:\/\/archivioturi.lavocedelpaese.info\/wp-content\/uploads\/2010\/10\/3.jpg\" srcset=\"https:\/\/archivioturi.lavocedelpaese.info\/wp-content\/uploads\/2010\/10\/3.jpg 640w, https:\/\/archivioturi.lavocedelpaese.info\/wp-content\/uploads\/2010\/10\/3-300x141.jpg 300w\" sizes=\"auto, (max-width: 320px) 100vw, 320px\" \/> <\/p>\n<p style=\"text-align: center;\"><span style=\"font-size: 10pt;\"><span style=\"font-size: 12pt;\">Una mostra a Conversano per sostenere il centro &#8216;La Zanzuela&#8217; e l&#8217;Unitalsi.<\/span><\/span><\/p>\n<p style=\"text-align: justify;\"><span style=\"font-size: 10pt;\"><span style=\"font-family: verdana, geneva;\">Clima natalizio quello che si respira in questi giorni e, nonostante il 25 sia passato, \u00e8 importante non dimenticarsi dell\u2019importanza della solidariet\u00e0 e dell\u2019aiuto dei meno fortunati.<\/span><\/span><\/p>\n<p><span style=\"font-size: 10pt;\"><span style=\"font-family: verdana, geneva;\"><img loading=\"lazy\" decoding=\"async\" class=\" alignleft size-full wp-image-3176\" src=\"https:\/\/archivioturi.lavocedelpaese.info\/wp-content\/uploads\/2010\/10\/4.jpg\" width=\"448\" height=\"336\" alt=\"4\" style=\"margin-top: 10px; margin-right: 10px; margin-bottom: 10px; float: left;\" srcset=\"https:\/\/archivioturi.lavocedelpaese.info\/wp-content\/uploads\/2010\/10\/4.jpg 448w, https:\/\/archivioturi.lavocedelpaese.info\/wp-content\/uploads\/2010\/10\/4-300x225.jpg 300w\" sizes=\"auto, (max-width: 448px) 100vw, 448px\" \/><\/span><\/span><\/p>\n<div style=\"text-align: justify;\"><span style=\"font-size: 10pt;\"><span style=\"font-family: verdana, geneva;\">\u00c8 con questo obiettivo che si sono mossi i ragazzi della <strong>Sunflower<\/strong> che il giorno 24 dicembre, durante le ultime ore dedicate agli acquisti natalizi, hanno \u201cspeso\u201d il loro tempo per non dimenticare quanti si impegnano giornalmente nei confronti degli altri. La Sunflower, infatti, con l\u2019aiuto dei collaboratori dell&#8217;<strong>associazione ONLUS \u2018La Zarzuela\u2019 di Conversano<\/strong>, hanno realizzato una mattinata all\u2019insegna della solidariet\u00e0.<\/span><\/span><\/div>\n<p>\u00a0<\/p>\n<p style=\"text-align: justify;\"><span style=\"font-size: 10pt;\"><span style=\"font-family: verdana, geneva;\">\u201cSin dalle prime ore della giornata &#8211; commentano i ragazzi dell\u2019associazione turese \u2013 tra le bancarelle del mercato settimanale di Conversano, \u00e8 stato allestito lo spazio per gli oggetti esposti. I ragazzi del centro \u2018La Zarzuela\u2019 erano molto entusiasti di questa iniziativa e alcuni di loro ci hanno fatto compagnia per tutto il tempo\u201d.<\/span><\/span><\/p>\n<p><span style=\"font-size: 10pt;\"><span style=\"font-family: verdana, geneva;\"><img loading=\"lazy\" decoding=\"async\" class=\" alignright size-full wp-image-2222\" src=\"https:\/\/archivioturi.lavocedelpaese.info\/wp-content\/uploads\/2010\/06\/1.jpg\" width=\"448\" height=\"336\" alt=\"1\" style=\"margin-top: 10px; margin-bottom: 10px; margin-left: 10px; float: right;\" \/><\/span><\/span><\/p>\n<div style=\"text-align: justify;\">Durante la mattinata, inoltre, nel pieno spirito di festivit\u00e0 e di solidariet\u00e0, l\u2019<strong>Unitalsi<\/strong> di Turi, impegnata in una raccolta fondi per l\u2019acquisto di un pulmino per il trasporto dei disabili, ha distribuito ai bambini passanti dei palloncini.<\/div>\n<p>\u00a0<\/p>\n<p style=\"text-align: justify;\"><span style=\"font-size: 10pt;\"><span style=\"font-family: verdana, geneva;\"><strong>\u201cAbbiamo raggiunto un buon obiettivo sia per quanto riguarda il centro \u2018La Zarzuela\u2019 e sia per l&#8217;Unitalsi\u201d<\/strong> \u2013 rivelano entusiasti i ragazzi.<\/span><\/span><\/p>\n<p style=\"text-align: justify;\"><span style=\"font-size: 10pt;\"><span style=\"font-family: verdana, geneva;\">\u201cLa mostra \u00e8 stata realizzata a Conversano e non a Turi per un motivo prettamente logistico, visto che il centro socio sanitario si trova proprio a Conversano e sarebbe stato difficoltoso trasportare i collaboratori del centro e tutto il materiale creato dai ragazzi qui a Turi\u201d \u2013 risponde alla nostra domanda Giovanni Dell\u2019Aera, esponente della Sunflower.<\/span><\/span><\/p>\n<p style=\"text-align: justify;\"><strong><span style=\"font-size: 10pt;\"><span style=\"font-family: verdana, geneva;\">Da cosa nasce questo vostro avvicinamento al centro \u2018La Zarzuela\u2019, un istituto che si interessa di problemi socio sanitari come quelli psichiatrici?<\/span><\/span><\/strong><\/p>\n<p><span style=\"font-size: 10pt;\"><span style=\"font-family: verdana, geneva;\"><img loading=\"lazy\" decoding=\"async\" class=\" alignleft size-full wp-image-2207\" src=\"https:\/\/archivioturi.lavocedelpaese.info\/wp-content\/uploads\/2010\/05\/2.jpg\" width=\"448\" height=\"336\" alt=\"2\" style=\"margin-top: 10px; margin-right: 10px; margin-bottom: 10px; float: left;\" \/> <\/span><\/span><\/p>\n<div style=\"text-align: justify;\">\u201cL&#8217;interesse verso il centro nasce del fatto che il problema delle malattie psichiche non \u00e8 visto ancora come un vero e proprio problema e che spesso la si ritiene come una malattia secondaria. Noi crediamo che il problema dell&#8217;individuo e della sua famiglia debba diventare sempre pi\u00f9 un problema della societ\u00e0 e che le istituzioni debbano adottare politiche di sostegno maggiori. Inoltre, abbiamo conosciuto una bellissima realt\u00e0 che \u00e8 quella del \u2018Zarzuela\u2019, un centro diurno dove i ragazzi fanno tante attivit\u00e0 ricreative, possono socializzare e possono impegnare le proprie energie in lavori stupendi che sono proprio quelli che abbiamo esposto venerd\u00ec 24\u201d.<\/div>\n<p>\u00a0<\/p>\n<p style=\"text-align: justify;\"><span style=\"font-size: 10pt;\"><span style=\"font-family: verdana, geneva;\"><strong>PER SAPERNE DI PI\u00d9<\/strong>&#8211; La Cooperativa \u201cLa Zarzuela\u201d opera nella riabilitazione psichiatrica, avendo la funzione essenziale di impedire o arrestare processi di isolamento relazionali e di emarginazione, con l\u2019intento di prevenire il ricovero. Lavora quindi per il reinserimento sociale e lavorativo di persone diversamente abili.<\/span><\/span><\/p>\n<p>\u00a0<\/p>\n","protected":false},"excerpt":{"rendered":"<p><img loading=\"lazy\" decoding=\"async\" class=\" size-full wp-image-3175\" alt=\"3\" height=\"150\" width=\"320\" src=\"https:\/\/archivioturi.lavocedelpaese.info\/wp-content\/uploads\/2010\/10\/3.jpg\" srcset=\"https:\/\/archivioturi.lavocedelpaese.info\/wp-content\/uploads\/2010\/10\/3.jpg 640w, https:\/\/archivioturi.lavocedelpaese.info\/wp-content\/uploads\/2010\/10\/3-300x141.jpg 300w\" sizes=\"auto, (max-width: 320px) 100vw, 320px\" \/> <\/p>\n","protected":false},"author":1,"featured_media":3175,"comment_status":"open","ping_status":"closed","sticky":false,"template":"","format":"standard","meta":{"colormag_page_container_layout":"default_layout","colormag_page_sidebar_layout":"default_layout","footnotes":""},"categories":[7],"tags":[],"class_list":["post-4008","post","type-post","status-publish","format-standard","has-post-thumbnail","hentry","category-attualita"],"_links":{"self":[{"href":"https:\/\/archivioturi.lavocedelpaese.info\/index.php\/wp-json\/wp\/v2\/posts\/4008","targetHints":{"allow":["GET"]}}],"collection":[{"href":"https:\/\/archivioturi.lavocedelpaese.info\/index.php\/wp-json\/wp\/v2\/posts"}],"about":[{"href":"https:\/\/archivioturi.lavocedelpaese.info\/index.php\/wp-json\/wp\/v2\/types\/post"}],"author":[{"embeddable":true,"href":"https:\/\/archivioturi.lavocedelpaese.info\/index.php\/wp-json\/wp\/v2\/users\/1"}],"replies":[{"embeddable":true,"href":"https:\/\/archivioturi.lavocedelpaese.info\/index.php\/wp-json\/wp\/v2\/comments?post=4008"}],"version-history":[{"count":0,"href":"https:\/\/archivioturi.lavocedelpaese.info\/index.php\/wp-json\/wp\/v2\/posts\/4008\/revisions"}],"wp:featuredmedia":[{"embeddable":true,"href":"https:\/\/archivioturi.lavocedelpaese.info\/index.php\/wp-json\/wp\/v2\/media\/3175"}],"wp:attachment":[{"href":"https:\/\/archivioturi.lavocedelpaese.info\/index.php\/wp-json\/wp\/v2\/media?parent=4008"}],"wp:term":[{"taxonomy":"category","embeddable":true,"href":"https:\/\/archivioturi.lavocedelpaese.info\/index.php\/wp-json\/wp\/v2\/categories?post=4008"},{"taxonomy":"post_tag","embeddable":true,"href":"https:\/\/archivioturi.lavocedelpaese.info\/index.php\/wp-json\/wp\/v2\/tags?post=4008"}],"curies":[{"name":"wp","href":"https:\/\/api.w.org\/{rel}","templated":true}]}}