{"id":3996,"date":"2010-12-23T12:24:28","date_gmt":"2010-12-23T12:24:28","guid":{"rendered":"https:\/\/archivioturi.lavocedelpaese.info\/index.php\/2010\/12\/23\/polemiche-sul-cavidotto-puglia-albania\/"},"modified":"2010-12-23T12:24:28","modified_gmt":"2010-12-23T12:24:28","slug":"polemiche-sul-cavidotto-puglia-albania","status":"publish","type":"post","link":"https:\/\/archivioturi.lavocedelpaese.info\/index.php\/2010\/12\/23\/polemiche-sul-cavidotto-puglia-albania\/","title":{"rendered":"POLEMICHE SUL CAVIDOTTO PUGLIA &#8211; ALBANIA"},"content":{"rendered":"<p><img loading=\"lazy\" decoding=\"async\" class=\" alignleft size-full wp-image-3995\" style=\"float: left;\" alt=\"cavidotto-enel-turi-casamassima\" src=\"https:\/\/archivioturi.lavocedelpaese.info\/wp-content\/uploads\/2010\/12\/cavidotto-enel-turi-casamassima.jpg\" height=\"150\" width=\"320\" srcset=\"https:\/\/archivioturi.lavocedelpaese.info\/wp-content\/uploads\/2010\/12\/cavidotto-enel-turi-casamassima.jpg 904w, https:\/\/archivioturi.lavocedelpaese.info\/wp-content\/uploads\/2010\/12\/cavidotto-enel-turi-casamassima-300x140.jpg 300w, https:\/\/archivioturi.lavocedelpaese.info\/wp-content\/uploads\/2010\/12\/cavidotto-enel-turi-casamassima-768x358.jpg 768w\" sizes=\"auto, (max-width: 320px) 100vw, 320px\" \/><\/p>\n<div style=\"text-align: center;\">\n<h3><strong>UN ELETTRODOTTO AD ALTA TENSIONE CHE AFFONDERA&#8217; ANCHE NELLE CAMPAGNE TURESI<\/strong><\/h3>\n<p><strong><br \/><\/strong><\/p>\n<\/div>\n<div style=\"text-align: center;\"><\/div>\n<p style=\"text-align: justify;\">A Polignano infuria la polemica per il nuovo progetto dell\u2019Enel: un <strong>cavidotto ad altissima tensione<\/strong> che dall\u2019Albania, si aggancia alla centrale elettrica di Casamassima.<\/p>\n<div style=\"text-align: justify;\"><\/div>\n<p style=\"text-align: justify;\">Da una relazione tecnica stilata dall\u2019Ing. Fortunato Mezzapesa, \u00e8 possibile tracciare l\u2019intero passaggio del cavidotto che dall\u2019Albania attraversa i fondali dell\u2019Adriatico, perfora la costa Nord di Polignano e serpeggia nei sotterranei di Conversano, Mola, Rutigliano e nelle campagne turesi, prima di immettersi nella stazione di conversione da realizzare a Casamassima.<\/p>\n<div style=\"text-align: justify;\"><\/div>\n<p style=\"text-align: justify;\">Luned\u00ec scorso il Ministero dello Sviluppo Economico ha convocato d&#8217;urgenza, nella capitale, tutti i rappresentanti degli enti comunali coinvolti nel progetto, per una Conferenza di Servizi.<\/p>\n<div style=\"text-align: justify;\"><\/div>\n<p style=\"text-align: justify;\">Oltre a Capitaneria di Porto, Provincia di Bari, tecnici dell\u2019Enel, alla Conferenza ha partecipato solo l\u2019assessore Raffaele Scagliusi del comune di Polignano. <strong>Assente Turi <\/strong>che gi\u00e0 da diverso tempo, in sintonia con le localit\u00e0 limitrofe, ha inviato il proprio parere favorevole alla Regione Puglia.<\/p>\n<div style=\"text-align: justify;\"><\/div>\n<p style=\"text-align: justify;\">Il beneplacito all\u2019elettrodotto da parte del comune di Conversano sarebbe invece arrivato via fax, con riserva per eventuale sottoscrizione di una convenzione con l\u2019Enel.<\/p>\n<div style=\"text-align: justify;\"><\/div>\n<p style=\"text-align: justify;\">Conversano quindi, avvalla il progetto ma batte cassa.<img loading=\"lazy\" decoding=\"async\" class=\" alignright size-full wp-image-3995\" style=\"margin: 5px; float: right;\" alt=\"cavidotto-enel-turi-casamassima\" src=\"https:\/\/archivioturi.lavocedelpaese.info\/wp-content\/uploads\/2010\/12\/cavidotto-enel-turi-casamassima.jpg\" height=\"216\" width=\"463\" srcset=\"https:\/\/archivioturi.lavocedelpaese.info\/wp-content\/uploads\/2010\/12\/cavidotto-enel-turi-casamassima.jpg 904w, https:\/\/archivioturi.lavocedelpaese.info\/wp-content\/uploads\/2010\/12\/cavidotto-enel-turi-casamassima-300x140.jpg 300w, https:\/\/archivioturi.lavocedelpaese.info\/wp-content\/uploads\/2010\/12\/cavidotto-enel-turi-casamassima-768x358.jpg 768w\" sizes=\"auto, (max-width: 463px) 100vw, 463px\" \/><\/p>\n<p style=\"text-align: justify;\"><strong>L\u2019opera prevede un elettrodotto a 500 kV <\/strong>in corrente continua, realizzato in cavo terrestre lungo circa 30 km da Polignano a Casamassima, passando anche per <strong>Turi<\/strong>. Si dovr\u00e0 installare una stazione di conversione AC\/DC posta all\u2019estremit\u00e0 del collegamento nel Comune di Casamassima, nonch\u00e9 una stazione elettrica a 380 kV da realizzarsi nel nostro territorio, in prossimit\u00e0 delle gi\u00e0 esistenti linee a 380 kV a cui dovr\u00e0 agganciarsi il cavidotto, attraverso quattro brevi raccordi.<\/p>\n<p>Per il comune di Polignano, il cavidotto \u00e8 una seria<strong> minaccia ambientale<\/strong>. \u201cNon si evidenziano benefici alla comunit\u00e0 &#8211; si legge nella delibera di consiglio &#8211; anzi lo stesso intervento crea danni economici notevoli, in quanto interessa il costruendo nuovo porto Turistico e 4,5 Km di strade pubbliche interessate da vincoli paesaggistici, ambientali, archeologici (Grottole, <em>ndr<\/em>) e marini (flora e fauna entro le acque territoriali)\u201d.<\/p>\n<div style=\"text-align: justify;\"><\/div>\n<p style=\"text-align: justify;\">Superfluo ricordare come per l\u2019Enel invece, il progetto non abbia alcun impatto ambientale o non costituisca pericolo per le specie marine. Per la Capitaneria di Porto di Bari il progetto non pu\u00f2 essere realizzato, almeno in quel tratto di costa.<\/p>\n<div style=\"text-align: justify;\"><\/div>\n<p style=\"text-align: justify;\">Intanto, c\u2019\u00e8 qualcosa di superfluo che lega la Puglia all\u2019Albania; aspettando il pi\u00f9 importante \u00e8 agognato <strong>Corridoio paneuropeo 8<\/strong> che dovrebbe favorire dal 2020 il trasporto di merci e persone da e per l\u2019Europa dell\u2019Est.<\/p>\n<p>\u00a0<\/p>\n<p><a target=\"_blank\" href=\"http:\/\/www.polignanoweb.it\/attualita\/1745-il-porto-ci-salvera-cavidotto-scagliusi-replica.html\" rel=\"noopener\">SEGUI ANCHE IL DIBATTITO E ARTICOLI CORRELATI SU POLIGNANOWEB<\/a><\/p>\n","protected":false},"excerpt":{"rendered":"<p><img loading=\"lazy\" decoding=\"async\" class=\" alignleft size-full wp-image-3995\" style=\"float: left;\" alt=\"cavidotto-enel-turi-casamassima\" src=\"https:\/\/archivioturi.lavocedelpaese.info\/wp-content\/uploads\/2010\/12\/cavidotto-enel-turi-casamassima.jpg\" height=\"150\" width=\"320\" srcset=\"https:\/\/archivioturi.lavocedelpaese.info\/wp-content\/uploads\/2010\/12\/cavidotto-enel-turi-casamassima.jpg 904w, https:\/\/archivioturi.lavocedelpaese.info\/wp-content\/uploads\/2010\/12\/cavidotto-enel-turi-casamassima-300x140.jpg 300w, https:\/\/archivioturi.lavocedelpaese.info\/wp-content\/uploads\/2010\/12\/cavidotto-enel-turi-casamassima-768x358.jpg 768w\" sizes=\"auto, (max-width: 320px) 100vw, 320px\" \/><\/p>\n<p> <\/p>\n","protected":false},"author":1,"featured_media":3995,"comment_status":"open","ping_status":"closed","sticky":false,"template":"","format":"standard","meta":{"colormag_page_container_layout":"default_layout","colormag_page_sidebar_layout":"default_layout","footnotes":""},"categories":[7],"tags":[],"class_list":["post-3996","post","type-post","status-publish","format-standard","has-post-thumbnail","hentry","category-attualita"],"_links":{"self":[{"href":"https:\/\/archivioturi.lavocedelpaese.info\/index.php\/wp-json\/wp\/v2\/posts\/3996","targetHints":{"allow":["GET"]}}],"collection":[{"href":"https:\/\/archivioturi.lavocedelpaese.info\/index.php\/wp-json\/wp\/v2\/posts"}],"about":[{"href":"https:\/\/archivioturi.lavocedelpaese.info\/index.php\/wp-json\/wp\/v2\/types\/post"}],"author":[{"embeddable":true,"href":"https:\/\/archivioturi.lavocedelpaese.info\/index.php\/wp-json\/wp\/v2\/users\/1"}],"replies":[{"embeddable":true,"href":"https:\/\/archivioturi.lavocedelpaese.info\/index.php\/wp-json\/wp\/v2\/comments?post=3996"}],"version-history":[{"count":0,"href":"https:\/\/archivioturi.lavocedelpaese.info\/index.php\/wp-json\/wp\/v2\/posts\/3996\/revisions"}],"wp:featuredmedia":[{"embeddable":true,"href":"https:\/\/archivioturi.lavocedelpaese.info\/index.php\/wp-json\/wp\/v2\/media\/3995"}],"wp:attachment":[{"href":"https:\/\/archivioturi.lavocedelpaese.info\/index.php\/wp-json\/wp\/v2\/media?parent=3996"}],"wp:term":[{"taxonomy":"category","embeddable":true,"href":"https:\/\/archivioturi.lavocedelpaese.info\/index.php\/wp-json\/wp\/v2\/categories?post=3996"},{"taxonomy":"post_tag","embeddable":true,"href":"https:\/\/archivioturi.lavocedelpaese.info\/index.php\/wp-json\/wp\/v2\/tags?post=3996"}],"curies":[{"name":"wp","href":"https:\/\/api.w.org\/{rel}","templated":true}]}}