{"id":3981,"date":"2010-12-23T06:59:56","date_gmt":"2010-12-23T06:59:56","guid":{"rendered":"https:\/\/archivioturi.lavocedelpaese.info\/index.php\/2010\/12\/23\/gli-auguri-di-mons-cacucci\/"},"modified":"2010-12-23T06:59:56","modified_gmt":"2010-12-23T06:59:56","slug":"gli-auguri-di-mons-cacucci","status":"publish","type":"post","link":"https:\/\/archivioturi.lavocedelpaese.info\/index.php\/2010\/12\/23\/gli-auguri-di-mons-cacucci\/","title":{"rendered":"GLI AUGURI DI MONSIGNOR CACUCCI"},"content":{"rendered":"<p><img loading=\"lazy\" decoding=\"async\" class=\" size-full wp-image-3980\" src=\"https:\/\/archivioturi.lavocedelpaese.info\/wp-content\/uploads\/2010\/12\/mons._cacucci.jpg\" width=\"320\" height=\"150\" alt=\"mons._cacucci\" \/> <\/p>\n<p style=\"text-align: justify;\"><span style=\"font-size: 10pt;\">Carissimi tutti,<\/span><\/p>\n<p style=\"text-align: justify;\"><span style=\"font-size: 10pt;\"><span style=\"font-size: 10pt;\">vi invio un breve messaggio per augurare un sereno e lieto Natale del Signore, unitamente agli auguri per il nuovo anno 2011, illuminato dalla luce di Cristo.<\/span><\/span><\/p>\n<p style=\"text-align: justify;\"><span style=\"font-size: 10pt;\"><span style=\"font-size: 10pt;\">\u201cChe cosa significa il Natale per ciascuno di noi?\u201d<\/span><\/span><\/p>\n<p style=\"text-align: justify;\"><span style=\"font-size: 10pt;\"><span style=\"font-size: 10pt;\">Per colui che non crede, \u00e8 un giorno di festa, da trascorrere possibilmente in vacanza. Ma per chi crede nell\u2019amore di Dio per tutte le sue creature, il Natale \u00e8 il giorno pi\u00f9 bello perch\u00e9 Dio \u00e8 venuto tra noi.<\/span><\/span><\/p>\n<p style=\"text-align: justify;\"><span style=\"font-size: 10pt;\"><span style=\"font-size: 10pt;\">Egli, l\u2019Onnipotente, l\u2019Infinito, si \u00e8 abbassato fino a noi \u201cfiniti\u201d per amore; solo per amore, per aiutarci a riscoprire il \u201csenso della vita\u201d, e il \u201cperch\u00e9 viviamo\u201d.<\/span><\/span><\/p>\n<p style=\"text-align: justify;\"><span style=\"font-size: 10pt;\"><span style=\"font-size: 10pt;\">Sant\u2019Alfonso Maria de\u2019 Liguori, cos\u00ec parla del Natale:<\/span><\/span><\/p>\n<p style=\"text-align: justify;\"><span style=\"font-size: 10pt;\"><span style=\"font-size: 10pt;\">\u201cO mio caro Bambino, dimmi, perch\u00e9 sei venuto su questa terra? Dimmi: chi cerchi? Tu sei venuto a morire per me, per liberarmi dall\u2019Inferno. Sei venuto a cercare me, pecorella smarrita, affinch\u00e8 io non fugga pi\u00f9 da te e ti ami.\u201d<\/span><\/span><\/p>\n<p style=\"text-align: justify;\"><span style=\"font-size: 10pt;\"><span style=\"font-size: 10pt;\">Questo \u00e8 il Natale: Dio si \u00e8 fatto uomo per prendere ogni uomo per mano e condurlo verso il Padre. Ges\u00f9 \u00e8 venuto per salvare ognuno di noi.<\/span><\/span><\/p>\n<p style=\"text-align: justify;\"><span style=\"font-size: 10pt;\"><span style=\"font-size: 10pt;\">Con gli auguri per ogni santit\u00e0.<\/span><\/span><\/p>\n<p><span style=\"font-size: 10pt;\"><br \/><\/span><\/p>\n<p style=\"text-align: right;\"><span style=\"font-size: 10pt;\">Francesco Cacucci<\/span><\/p>\n<p style=\"text-align: right;\"><span style=\"font-size: 10pt;\">Arcivescovo di Bari-Bitont<\/span>o<\/p>\n","protected":false},"excerpt":{"rendered":"<p><img loading=\"lazy\" decoding=\"async\" class=\" size-full wp-image-3980\" src=\"https:\/\/archivioturi.lavocedelpaese.info\/wp-content\/uploads\/2010\/12\/mons._cacucci.jpg\" width=\"320\" height=\"150\" alt=\"mons._cacucci\" \/> <\/p>\n","protected":false},"author":1,"featured_media":3980,"comment_status":"open","ping_status":"closed","sticky":false,"template":"","format":"standard","meta":{"colormag_page_container_layout":"default_layout","colormag_page_sidebar_layout":"default_layout","footnotes":""},"categories":[7],"tags":[],"class_list":["post-3981","post","type-post","status-publish","format-standard","has-post-thumbnail","hentry","category-attualita"],"_links":{"self":[{"href":"https:\/\/archivioturi.lavocedelpaese.info\/index.php\/wp-json\/wp\/v2\/posts\/3981","targetHints":{"allow":["GET"]}}],"collection":[{"href":"https:\/\/archivioturi.lavocedelpaese.info\/index.php\/wp-json\/wp\/v2\/posts"}],"about":[{"href":"https:\/\/archivioturi.lavocedelpaese.info\/index.php\/wp-json\/wp\/v2\/types\/post"}],"author":[{"embeddable":true,"href":"https:\/\/archivioturi.lavocedelpaese.info\/index.php\/wp-json\/wp\/v2\/users\/1"}],"replies":[{"embeddable":true,"href":"https:\/\/archivioturi.lavocedelpaese.info\/index.php\/wp-json\/wp\/v2\/comments?post=3981"}],"version-history":[{"count":0,"href":"https:\/\/archivioturi.lavocedelpaese.info\/index.php\/wp-json\/wp\/v2\/posts\/3981\/revisions"}],"wp:featuredmedia":[{"embeddable":true,"href":"https:\/\/archivioturi.lavocedelpaese.info\/index.php\/wp-json\/wp\/v2\/media\/3980"}],"wp:attachment":[{"href":"https:\/\/archivioturi.lavocedelpaese.info\/index.php\/wp-json\/wp\/v2\/media?parent=3981"}],"wp:term":[{"taxonomy":"category","embeddable":true,"href":"https:\/\/archivioturi.lavocedelpaese.info\/index.php\/wp-json\/wp\/v2\/categories?post=3981"},{"taxonomy":"post_tag","embeddable":true,"href":"https:\/\/archivioturi.lavocedelpaese.info\/index.php\/wp-json\/wp\/v2\/tags?post=3981"}],"curies":[{"name":"wp","href":"https:\/\/api.w.org\/{rel}","templated":true}]}}