{"id":3934,"date":"2010-12-19T08:30:00","date_gmt":"2010-12-19T08:30:00","guid":{"rendered":"https:\/\/archivioturi.lavocedelpaese.info\/index.php\/2010\/12\/19\/coro-di-voci-gospel-in-chiesa-madre\/"},"modified":"2010-12-19T08:30:00","modified_gmt":"2010-12-19T08:30:00","slug":"coro-di-voci-gospel-in-chiesa-madre","status":"publish","type":"post","link":"https:\/\/archivioturi.lavocedelpaese.info\/index.php\/2010\/12\/19\/coro-di-voci-gospel-in-chiesa-madre\/","title":{"rendered":"CORO DI VOCI GOSPEL IN CHIESA MADRE"},"content":{"rendered":"<p><img loading=\"lazy\" decoding=\"async\" class=\" size-full wp-image-3930\" src=\"https:\/\/archivioturi.lavocedelpaese.info\/wp-content\/uploads\/2010\/12\/gospel_18-12_5.jpg\" alt=\"gospel_18-12_5\" width=\"320\" height=\"150\" srcset=\"https:\/\/archivioturi.lavocedelpaese.info\/wp-content\/uploads\/2010\/12\/gospel_18-12_5.jpg 640w, https:\/\/archivioturi.lavocedelpaese.info\/wp-content\/uploads\/2010\/12\/gospel_18-12_5-300x141.jpg 300w\" sizes=\"auto, (max-width: 320px) 100vw, 320px\" \/> <\/p>\n<p style=\"text-align: center;\"><span style=\"font-size: 10pt;\"><span style=\"font-family: verdana, geneva;\"><strong>I \u2018JUBILEE GOSPEL SINGERS\u2019 IN CONCERTO<\/strong><em> <\/em><\/span><\/span><\/p>\n<p><span style=\"font-size: 10pt;\"><span style=\"font-family: verdana, geneva;\"><img loading=\"lazy\" decoding=\"async\" class=\" alignleft size-full wp-image-3931\" style=\"margin-top: 10px; margin-right: 10px; margin-bottom: 10px; float: left;\" alt=\"gospel_18-12_10\" src=\"https:\/\/archivioturi.lavocedelpaese.info\/wp-content\/uploads\/2010\/12\/gospel_18-12_10.jpg\" width=\"348\" height=\"236\" \/> <\/span><\/span><\/p>\n<div style=\"text-align: justify;\"><span style=\"font-size: 10pt;\"><span style=\"font-family: verdana, geneva;\">Nonostante la scarsa affluenza, ieri sera la <strong>Chiesa Madre<\/strong> \u00e8 esplosa di voci e di musica con il concerto del coro <strong>\u2018Jubilee Gospel Singers\u2019<\/strong>, organizzato dalla Nuova Pro Loco per il Natale 2010.<\/span><\/span><\/div>\n<p>\u00a0<\/p>\n<p style=\"text-align: justify;\"><span style=\"font-size: 10pt;\"><span style=\"font-family: verdana, geneva;\">Il pubblico presente non ha potuto mancare di essere incantato, trascinato e coinvolto dalle voci gospel dei ragazzi che, guidati dal maestro <strong>Mario Petrosillo<\/strong>, hanno creato un\u2019atmosfera densa di spiritualit\u00e0 e di gioia. Il Gospel, come la stessa voce solista del gruppo <strong>Luciana Negroponte<\/strong> ha sottolineato, \u00e8 una musica religiosa, rievocazione di quei brani cantati nelle chiese afroamericane negli anni \u201830.<\/span><\/span><\/p>\n<p><span style=\"font-size: 10pt;\"><span style=\"font-family: verdana, geneva;\"><img loading=\"lazy\" decoding=\"async\" class=\" alignright size-full wp-image-3932\" src=\"https:\/\/archivioturi.lavocedelpaese.info\/wp-content\/uploads\/2010\/12\/gospel_18-12_15.jpg\" alt=\"gospel_18-12_15\" style=\"margin-top: 10px; margin-bottom: 10px; margin-left: 10px; float: right;\" width=\"448\" height=\"336\" srcset=\"https:\/\/archivioturi.lavocedelpaese.info\/wp-content\/uploads\/2010\/12\/gospel_18-12_15.jpg 448w, https:\/\/archivioturi.lavocedelpaese.info\/wp-content\/uploads\/2010\/12\/gospel_18-12_15-300x225.jpg 300w\" sizes=\"auto, (max-width: 448px) 100vw, 448px\" \/><\/span><\/span><\/p>\n<div style=\"text-align: justify;\"><span style=\"font-size: 10pt;\"><span style=\"font-family: verdana, geneva;\">Il ritmo propulsivo e le intricate armonie di voci hanno reso l&#8217;esibizione un grandioso spettacolo, una celebrazione della fede e della gioia nel Signore e soprattutto hanno determinato il coinvolgimento del pubblico. Nella parte finale della serata, infatti, i Gospel Singers hanno trascinato il pubblico che non ha potuto fare a meno di \u00a0partecipare ai canti seguendo il ritmo con il battito delle mani.<\/span><\/span><\/div>\n<p>\u00a0<\/p>\n<p><span style=\"font-size: 10pt;\"><span style=\"font-family: verdana, geneva;\"><img loading=\"lazy\" decoding=\"async\" class=\" alignleft size-full wp-image-3933\" src=\"https:\/\/archivioturi.lavocedelpaese.info\/wp-content\/uploads\/2010\/12\/gospel_18-12_20.jpg\" alt=\"gospel_18-12_20\" style=\"margin-top: 10px; margin-right: 10px; margin-bottom: 10px; float: left;\" width=\"448\" height=\"336\" srcset=\"https:\/\/archivioturi.lavocedelpaese.info\/wp-content\/uploads\/2010\/12\/gospel_18-12_20.jpg 448w, https:\/\/archivioturi.lavocedelpaese.info\/wp-content\/uploads\/2010\/12\/gospel_18-12_20-300x225.jpg 300w\" sizes=\"auto, (max-width: 448px) 100vw, 448px\" \/> <\/span><\/span><\/p>\n<div style=\"text-align: justify;\">In un clima festoso, ma anche di riflessione sulla storia della schiavit\u00f9 del popolo nero americano, si percepivano note musicali in una miscela di preghiera ed energia. La stessa energia che si evinceva dalla voce solista del gruppo, Luciana Negroponte, che alternava i canti alla narrazione di passi di storia e che tracciava, cos\u00ec, il senso liturgico e umano dello spiritual e del gospel. La musica Gospel, cantata nella religione battista dalla popolazione nera resa in schiavit\u00f9 era il canto di preghiera che la stessa rivolgeva al Signore al quale chiedeva di arrivare presto a lui perch\u00e9 solo cos\u00ec poteva essere finalmente libera.<\/div>\n<p>\u00a0<\/p>\n<p style=\"text-align: justify;\"><span style=\"font-size: 10pt;\"><span style=\"font-family: verdana, geneva;\">Un particolare ringraziamento \u00e8 andato dal maestro Petrosillo all\u2019impegno profuso per realizzare la serata all\u2019ass. Antonio Tateo e Michele Jamil Marzella. Non si \u00e8 mancato inoltre di ringraziare la generosa ospitalit\u00e0 di Don Giovanni Amodio, che ha accolto il coro nella sua Chiesa.<\/span><\/span><\/p>\n<p style=\"text-align: justify;\"><span style=\"font-size: 10pt;\"><span style=\"font-family: verdana, geneva;\">Per chi volesse avere maggiori info sul gruppo, <a target=\"_blank\" href=\"http:\/\/www.myspace.com\/jubileegospelsingers89\" rel=\"noopener\">cliccare qui<\/a>.<\/span><\/span><\/p>\n","protected":false},"excerpt":{"rendered":"<p><img loading=\"lazy\" decoding=\"async\" class=\" size-full wp-image-3930\" src=\"https:\/\/archivioturi.lavocedelpaese.info\/wp-content\/uploads\/2010\/12\/gospel_18-12_5.jpg\" alt=\"gospel_18-12_5\" width=\"320\" height=\"150\" srcset=\"https:\/\/archivioturi.lavocedelpaese.info\/wp-content\/uploads\/2010\/12\/gospel_18-12_5.jpg 640w, https:\/\/archivioturi.lavocedelpaese.info\/wp-content\/uploads\/2010\/12\/gospel_18-12_5-300x141.jpg 300w\" sizes=\"auto, (max-width: 320px) 100vw, 320px\" \/> <\/p>\n","protected":false},"author":1,"featured_media":3930,"comment_status":"open","ping_status":"closed","sticky":false,"template":"","format":"standard","meta":{"colormag_page_container_layout":"default_layout","colormag_page_sidebar_layout":"default_layout","footnotes":""},"categories":[6],"tags":[],"class_list":["post-3934","post","type-post","status-publish","format-standard","has-post-thumbnail","hentry","category-cultura"],"_links":{"self":[{"href":"https:\/\/archivioturi.lavocedelpaese.info\/index.php\/wp-json\/wp\/v2\/posts\/3934","targetHints":{"allow":["GET"]}}],"collection":[{"href":"https:\/\/archivioturi.lavocedelpaese.info\/index.php\/wp-json\/wp\/v2\/posts"}],"about":[{"href":"https:\/\/archivioturi.lavocedelpaese.info\/index.php\/wp-json\/wp\/v2\/types\/post"}],"author":[{"embeddable":true,"href":"https:\/\/archivioturi.lavocedelpaese.info\/index.php\/wp-json\/wp\/v2\/users\/1"}],"replies":[{"embeddable":true,"href":"https:\/\/archivioturi.lavocedelpaese.info\/index.php\/wp-json\/wp\/v2\/comments?post=3934"}],"version-history":[{"count":0,"href":"https:\/\/archivioturi.lavocedelpaese.info\/index.php\/wp-json\/wp\/v2\/posts\/3934\/revisions"}],"wp:featuredmedia":[{"embeddable":true,"href":"https:\/\/archivioturi.lavocedelpaese.info\/index.php\/wp-json\/wp\/v2\/media\/3930"}],"wp:attachment":[{"href":"https:\/\/archivioturi.lavocedelpaese.info\/index.php\/wp-json\/wp\/v2\/media?parent=3934"}],"wp:term":[{"taxonomy":"category","embeddable":true,"href":"https:\/\/archivioturi.lavocedelpaese.info\/index.php\/wp-json\/wp\/v2\/categories?post=3934"},{"taxonomy":"post_tag","embeddable":true,"href":"https:\/\/archivioturi.lavocedelpaese.info\/index.php\/wp-json\/wp\/v2\/tags?post=3934"}],"curies":[{"name":"wp","href":"https:\/\/api.w.org\/{rel}","templated":true}]}}