{"id":3878,"date":"2010-12-15T06:42:18","date_gmt":"2010-12-15T06:42:18","guid":{"rendered":"https:\/\/archivioturi.lavocedelpaese.info\/index.php\/2010\/12\/15\/luisi-de-florio-ventrella-e-il-coraggio-che-non-ce\/"},"modified":"2010-12-15T06:42:18","modified_gmt":"2010-12-15T06:42:18","slug":"luisi-de-florio-ventrella-e-il-coraggio-che-non-ce","status":"publish","type":"post","link":"https:\/\/archivioturi.lavocedelpaese.info\/index.php\/2010\/12\/15\/luisi-de-florio-ventrella-e-il-coraggio-che-non-ce\/","title":{"rendered":"LUISI, DE FLORIO, VENTRELLA E IL CORAGGIO CHE NON C\u2019E\u2019"},"content":{"rendered":"<p><img loading=\"lazy\" decoding=\"async\" class=\" size-full wp-image-3876\" src=\"https:\/\/archivioturi.lavocedelpaese.info\/wp-content\/uploads\/2010\/12\/vign_15.jpg\" width=\"320\" height=\"150\" alt=\"vign_15\" srcset=\"https:\/\/archivioturi.lavocedelpaese.info\/wp-content\/uploads\/2010\/12\/vign_15.jpg 640w, https:\/\/archivioturi.lavocedelpaese.info\/wp-content\/uploads\/2010\/12\/vign_15-300x141.jpg 300w\" sizes=\"auto, (max-width: 320px) 100vw, 320px\" \/> <\/p>\n<p style=\"text-align: justify;\"><span style=\"font-size: 10pt;\"><span style=\"font-family: verdana, geneva;\">Vogliono sfiduciare l\u2019amministrazione guidata da Vincenzo Gigantelli ma, mentre otto consiglieri della minoranza hanno fatto tutto il loro dovere firmando la mozione, ci sono tre consiglieri (di maggioranza? Di minoranza? Chi lo sa!) che hanno le idee leggermente confuse.<\/span><\/span><\/p>\n<p style=\"text-align: justify;\"><span style=\"font-size: 10pt;\"><span style=\"font-family: verdana, geneva;\">Le ha molto confuse la dott.ssa Teresita De Florio che ha fatto \u2018f\u00ecjrre e cat\u00e8ne\u2019 per sfiduciare il sindaco Gigantelli ma, quando si \u00e8 trattato di apporre la propria firma sulla mozione di sfiducia, con un atto non proprio di coraggio, non l\u2019ha messa, argomentando che lei e il consigliere comunale Gianpiero Luisi lo faranno non appena la metter\u00e0 il consigliere Natalino Ventrella.<\/span><\/span><\/p>\n<p style=\"text-align: justify;\"><span style=\"font-size: 10pt;\"><span style=\"font-family: verdana, geneva;\">Che ragionamenti \u201ccoraggiosi\u201d sono questi? Ma, prendete e firmate!<\/span><\/span><\/p>\n<p style=\"text-align: justify;\"><span style=\"font-size: 10pt;\"><span style=\"font-family: verdana, geneva;\">Intanto Natalino, autentico Ago della Bilancia, dice che prima vuole vedere se entro la fine di gennaio venga approvato il PUG. Se sar\u00e0 approvato niente sfiducia, ma se il PUG sar\u00e0 rimasto una chimera, anche il Natalino metter\u00e0 quella benedetta firma. Mah!<\/span><\/span><\/p>\n<p style=\"text-align: justify;\"><span style=\"font-size: 10pt;\"><span style=\"font-family: verdana, geneva;\">Concordate che stiamo messi davvero male?<\/span><\/span><\/p>\n<p style=\"text-align: justify;\"><span style=\"font-size: 10pt;\"><span style=\"font-family: verdana, geneva;\"><img loading=\"lazy\" decoding=\"async\" class=\" size-full wp-image-3877\" src=\"https:\/\/archivioturi.lavocedelpaese.info\/wp-content\/uploads\/2010\/12\/vig_15.jpg\" width=\"671\" height=\"464\" alt=\"vig_15\" srcset=\"https:\/\/archivioturi.lavocedelpaese.info\/wp-content\/uploads\/2010\/12\/vig_15.jpg 671w, https:\/\/archivioturi.lavocedelpaese.info\/wp-content\/uploads\/2010\/12\/vig_15-300x207.jpg 300w\" sizes=\"auto, (max-width: 671px) 100vw, 671px\" \/><\/span><\/span><\/p>\n","protected":false},"excerpt":{"rendered":"<p><img loading=\"lazy\" decoding=\"async\" class=\" size-full wp-image-3876\" src=\"https:\/\/archivioturi.lavocedelpaese.info\/wp-content\/uploads\/2010\/12\/vign_15.jpg\" width=\"320\" height=\"150\" alt=\"vign_15\" srcset=\"https:\/\/archivioturi.lavocedelpaese.info\/wp-content\/uploads\/2010\/12\/vign_15.jpg 640w, https:\/\/archivioturi.lavocedelpaese.info\/wp-content\/uploads\/2010\/12\/vign_15-300x141.jpg 300w\" sizes=\"auto, (max-width: 320px) 100vw, 320px\" \/> <\/p>\n","protected":false},"author":1,"featured_media":3876,"comment_status":"open","ping_status":"closed","sticky":false,"template":"","format":"standard","meta":{"colormag_page_container_layout":"default_layout","colormag_page_sidebar_layout":"default_layout","footnotes":""},"categories":[4],"tags":[],"class_list":["post-3878","post","type-post","status-publish","format-standard","has-post-thumbnail","hentry","category-politica"],"_links":{"self":[{"href":"https:\/\/archivioturi.lavocedelpaese.info\/index.php\/wp-json\/wp\/v2\/posts\/3878","targetHints":{"allow":["GET"]}}],"collection":[{"href":"https:\/\/archivioturi.lavocedelpaese.info\/index.php\/wp-json\/wp\/v2\/posts"}],"about":[{"href":"https:\/\/archivioturi.lavocedelpaese.info\/index.php\/wp-json\/wp\/v2\/types\/post"}],"author":[{"embeddable":true,"href":"https:\/\/archivioturi.lavocedelpaese.info\/index.php\/wp-json\/wp\/v2\/users\/1"}],"replies":[{"embeddable":true,"href":"https:\/\/archivioturi.lavocedelpaese.info\/index.php\/wp-json\/wp\/v2\/comments?post=3878"}],"version-history":[{"count":0,"href":"https:\/\/archivioturi.lavocedelpaese.info\/index.php\/wp-json\/wp\/v2\/posts\/3878\/revisions"}],"wp:featuredmedia":[{"embeddable":true,"href":"https:\/\/archivioturi.lavocedelpaese.info\/index.php\/wp-json\/wp\/v2\/media\/3876"}],"wp:attachment":[{"href":"https:\/\/archivioturi.lavocedelpaese.info\/index.php\/wp-json\/wp\/v2\/media?parent=3878"}],"wp:term":[{"taxonomy":"category","embeddable":true,"href":"https:\/\/archivioturi.lavocedelpaese.info\/index.php\/wp-json\/wp\/v2\/categories?post=3878"},{"taxonomy":"post_tag","embeddable":true,"href":"https:\/\/archivioturi.lavocedelpaese.info\/index.php\/wp-json\/wp\/v2\/tags?post=3878"}],"curies":[{"name":"wp","href":"https:\/\/api.w.org\/{rel}","templated":true}]}}