{"id":3834,"date":"2010-12-10T15:00:35","date_gmt":"2010-12-10T15:00:35","guid":{"rendered":"https:\/\/archivioturi.lavocedelpaese.info\/index.php\/2010\/12\/10\/diritto-allo-studio-2011-piano-comunale\/"},"modified":"2010-12-10T15:00:35","modified_gmt":"2010-12-10T15:00:35","slug":"diritto-allo-studio-2011-piano-comunale","status":"publish","type":"post","link":"https:\/\/archivioturi.lavocedelpaese.info\/index.php\/2010\/12\/10\/diritto-allo-studio-2011-piano-comunale\/","title":{"rendered":"DIRITTO ALLO STUDIO 2011: PIANO COMUNALE"},"content":{"rendered":"<p><img loading=\"lazy\" decoding=\"async\" class=\" size-full wp-image-3833\" src=\"https:\/\/archivioturi.lavocedelpaese.info\/wp-content\/uploads\/2010\/12\/scuole_turi.jpg\" width=\"320\" height=\"150\" alt=\"scuole_turi\" srcset=\"https:\/\/archivioturi.lavocedelpaese.info\/wp-content\/uploads\/2010\/12\/scuole_turi.jpg 640w, https:\/\/archivioturi.lavocedelpaese.info\/wp-content\/uploads\/2010\/12\/scuole_turi-300x141.jpg 300w\" sizes=\"auto, (max-width: 320px) 100vw, 320px\" \/> <\/p>\n<p style=\"text-align: justify;\"><span style=\"font-size: 10pt;\"><span style=\"font-family: verdana, geneva;\">\u00c8 stato approvato il Piano Comunale per l\u2019<strong>Attuazione del Diritto alla Studio 2011<\/strong>, per una spesa complessiva di <strong>237.975,00 \u20ac.<\/strong> Sar\u00e0 inoltrata la richiesta di finanziamento alla Regione Puglia pari a 125.000 \u20ac.<\/span><\/span><\/p>\n<p style=\"text-align: justify;\"><span style=\"font-size: 10pt;\"><span style=\"font-family: verdana, geneva;\">Per la gestione del <strong>servizio mensa<\/strong>, la spesa prevista \u00e8 di 153.000 \u20ac, di cui 80.000\u20ac verranno richiesti come contributo alla Regione. La spesa media prevista per il servizio mensa della scuola dell\u2019Infanzia si aggira intorno a 4.98 \u20ac pro \u2013 capite, comprendendo bambini (210) e insegnanti (26).<\/span><\/span><\/p>\n<p style=\"text-align: justify;\"><span style=\"font-size: 10pt;\"><span style=\"font-family: verdana, geneva;\">Per il servizio del <strong>trasporto scolastico<\/strong>, la spesa indicata \u00e8 di 70.745 \u20ac, di cui 64.745 \u20ac si riferiscono al personale (1 autista e 1 accompagnatore) e 6.000 \u20ac per la gestione dell\u2019automezzo. Alla Regione sar\u00e0 richiesto un contributo di 35.000 \u20ac. Il servizio trasporto scolastico gestito direttamente dal Comune con un solo scuolabus \u00e8 riferito alle zone distanti dal centro urbano e riguarder\u00e0 23 alunni della S. Primaria e 3 della S. Media.<\/span><\/span><\/p>\n<p style=\"text-align: justify;\"><span style=\"font-size: 10pt;\"><span style=\"font-family: verdana, geneva;\">Una somma pari a 10.000 \u20ac verranno indirizzati per la realizzazione di <strong>7 progetti<\/strong> presentati dalla Scuola Secondaria di I grado e 4.230 \u20ac per <strong>3 progetti<\/strong> della Scuola Secondaria di II grado. Alla Regione sar\u00e0 inoltrata la richiesta di 10.000 euro. Il totale quindi che il comune richieder\u00e0 alla Regione Puglia sar\u00e0 di 125.000 euro.<\/span><\/span><\/p>\n<p style=\"text-align: justify;\"><span style=\"font-size: 10pt;\"><span style=\"font-family: verdana, geneva;\">Saranno sviluppati dalla Scuola Secondaria di I grado \u2018Educazione ai valori e alla legalit\u00e0\u2019, \u2018Dizione e teatro\u2019, \u2018Educazione all\u2019ambiente\u2019, \u2018Storia locale\u2019, \u2018Consiglio Comunale dei Ragazzi\u2019, \u2018Il giornalino dei ricordi\u2019 e \u2018Biblioteca e Cineforum\u2019.<\/span><\/span><\/p>\n<p style=\"text-align: justify;\"><span style=\"font-size: 10pt;\"><span style=\"font-family: verdana, geneva;\">Presso l\u2019Istituto Tecnico Economico \u201cS. Pertini\u201d si realizzer\u00e0 nel prossimo anno il \u201812\u00b0 Torneo di pallavolo\u2019 a cui partecipano tutte le classi dell\u2019Istituto e le rappresentative delle Scuole Medie dei comuni vicini. La finalit\u00e0 \u00e8 riunire i ragazzi nel nome dei valori dello sport e della vita. \u2018Il Giorno della memoria. Le ragioni della tolleranza.\u2019 A cui parteciper\u00e0 un testimone della Resistenza Italiana e della sua deportazione nei lager nazisti. Una lezione di storia che, come negli scorsi anni, permette agli studenti di comprendere l\u2019inutilit\u00e0 del male e della guerra come strumento di risoluzione dei problemi tra gli uomini. \u2018La festa della primavera\u2019, ormai alla 7\u00b0 edizione, \u00e8 realizzata dai ragazzi impegnati in una rappresentazione teatrale, balli, canti e in tutto quello che scatena la loro creativit\u00e0.<\/span><\/span><\/p>\n<p style=\"text-align: justify;\"><span style=\"font-size: 10pt;\"><span style=\"font-family: verdana, geneva;\"><strong>Ultima considerazione<\/strong> &#8211; La popolazione scolastica turese, come possiamo apprendere dalla documentazione, \u00e8 sensibilmente aumentata rispetto allo scorso anno. La Scuola dell\u2019Infanzia, accoglie 326 utenti; quella primaria 557 alunni; la Scuola Media 348 studenti, mentre l\u2019ITC \u2018S. Pertini\u2019 raggiunge 532 iscritti.<\/span><\/span><\/p>\n","protected":false},"excerpt":{"rendered":"<p><img loading=\"lazy\" decoding=\"async\" class=\" size-full wp-image-3833\" src=\"https:\/\/archivioturi.lavocedelpaese.info\/wp-content\/uploads\/2010\/12\/scuole_turi.jpg\" width=\"320\" height=\"150\" alt=\"scuole_turi\" srcset=\"https:\/\/archivioturi.lavocedelpaese.info\/wp-content\/uploads\/2010\/12\/scuole_turi.jpg 640w, https:\/\/archivioturi.lavocedelpaese.info\/wp-content\/uploads\/2010\/12\/scuole_turi-300x141.jpg 300w\" sizes=\"auto, (max-width: 320px) 100vw, 320px\" \/> <\/p>\n","protected":false},"author":1,"featured_media":3833,"comment_status":"open","ping_status":"closed","sticky":false,"template":"","format":"standard","meta":{"colormag_page_container_layout":"default_layout","colormag_page_sidebar_layout":"default_layout","footnotes":""},"categories":[7],"tags":[],"class_list":["post-3834","post","type-post","status-publish","format-standard","has-post-thumbnail","hentry","category-attualita"],"_links":{"self":[{"href":"https:\/\/archivioturi.lavocedelpaese.info\/index.php\/wp-json\/wp\/v2\/posts\/3834","targetHints":{"allow":["GET"]}}],"collection":[{"href":"https:\/\/archivioturi.lavocedelpaese.info\/index.php\/wp-json\/wp\/v2\/posts"}],"about":[{"href":"https:\/\/archivioturi.lavocedelpaese.info\/index.php\/wp-json\/wp\/v2\/types\/post"}],"author":[{"embeddable":true,"href":"https:\/\/archivioturi.lavocedelpaese.info\/index.php\/wp-json\/wp\/v2\/users\/1"}],"replies":[{"embeddable":true,"href":"https:\/\/archivioturi.lavocedelpaese.info\/index.php\/wp-json\/wp\/v2\/comments?post=3834"}],"version-history":[{"count":0,"href":"https:\/\/archivioturi.lavocedelpaese.info\/index.php\/wp-json\/wp\/v2\/posts\/3834\/revisions"}],"wp:featuredmedia":[{"embeddable":true,"href":"https:\/\/archivioturi.lavocedelpaese.info\/index.php\/wp-json\/wp\/v2\/media\/3833"}],"wp:attachment":[{"href":"https:\/\/archivioturi.lavocedelpaese.info\/index.php\/wp-json\/wp\/v2\/media?parent=3834"}],"wp:term":[{"taxonomy":"category","embeddable":true,"href":"https:\/\/archivioturi.lavocedelpaese.info\/index.php\/wp-json\/wp\/v2\/categories?post=3834"},{"taxonomy":"post_tag","embeddable":true,"href":"https:\/\/archivioturi.lavocedelpaese.info\/index.php\/wp-json\/wp\/v2\/tags?post=3834"}],"curies":[{"name":"wp","href":"https:\/\/api.w.org\/{rel}","templated":true}]}}