{"id":3810,"date":"2010-12-09T09:05:32","date_gmt":"2010-12-09T09:05:32","guid":{"rendered":"https:\/\/archivioturi.lavocedelpaese.info\/index.php\/2010\/12\/09\/domenica-12-donazione-fidas\/"},"modified":"2010-12-09T09:05:32","modified_gmt":"2010-12-09T09:05:32","slug":"domenica-12-donazione-fidas","status":"publish","type":"post","link":"https:\/\/archivioturi.lavocedelpaese.info\/index.php\/2010\/12\/09\/domenica-12-donazione-fidas\/","title":{"rendered":"DOMENICA 12, INVITO ALLA DONAZIONE FIDAS"},"content":{"rendered":"<p><img loading=\"lazy\" decoding=\"async\" class=\" size-full wp-image-2472\" src=\"https:\/\/archivioturi.lavocedelpaese.info\/wp-content\/uploads\/2010\/07\/fidas3.jpg\" width=\"320\" height=\"150\" alt=\"fidas3\" \/> <\/p>\n<p style=\"text-align: justify;\"><span style=\"font-size: 10pt;\"><span style=\"font-family: verdana, geneva;\">L\u2019associazione <strong>FIDAS (Federazione Pugliese Donatori Sangue)<\/strong> invita tutta la cittadinanza all\u2019ultimo appuntamento annuale per la donazione del sangue. Come i precedenti incontri, <strong>domenica 12 dicembre<\/strong>, presso il\u00a0 Poliambulatorio, dalle ore\u00a0 8:00 alle 11:30, il gruppo della FIDAS \u2013 sezione di Turi, accoglier\u00e0 tutti coloro che vogliano donare.<\/span><\/span><\/p>\n<p style=\"text-align: justify;\"><span style=\"font-size: 10pt;\"><span style=\"font-family: verdana, geneva;\">L\u2019appello della Presidente della Sezione Fidas, <strong>Enza Mercieri<\/strong>, \u00e8 di \u201cvenire numerosi e regalare, durante questo periodo di festivit\u00e0, una speranza di vita a chi ne ha bisogno\u201d. Un gesto semplice, ma fondamentale per molti e una richiesta, sempre alta, da parte di tutti gli \u00a0ospedali, carenti di scorte di sangue per fronteggiare le emergenze\u201d.<\/span><\/span><\/p>\n<p style=\"text-align: justify;\"><span style=\"font-size: 10pt;\"><span style=\"font-family: verdana, geneva;\">Come gli altri appuntamenti, le signore dell\u2019associazione, alla fine della donazione, accoglieranno tutti con un\u2019invitante tazzina di caff\u00e8 e numerosi dolci preparati in casa.<\/span><\/span><\/p>\n<p style=\"text-align: justify;\"><span style=\"font-size: 10pt;\"><span style=\"font-family: verdana, geneva;\">\u201c<strong>Il 2010 \u00e8 stato un anno buono<\/strong> per la sezione Fpds-FIDAS Turi\u201d, ci conferma Enza. \u201cAbbiamo raggiunto un ottimo risultato e di questo ne siamo contenti \u2013 continua \u2013 ma dobbiamo fare di pi\u00f9. Speriamo che il Natale e il desiderio di donare a chi ne ha bisogno, spinga molti nostri concittadini a raggiungerci domenica 12\u201d.<\/span><\/span><\/p>\n<p style=\"text-align: justify;\"><span style=\"font-size: 10pt;\"><span style=\"font-family: verdana, geneva;\">\u00c8 importante ricordare che pu\u00f2 donare chiunque sia in buona salute, pesi almeno 50 kg ed abbia compiuto 18 anni. I sanitari del Servizio di Immunoematologia e Trasfusione (SIT), che domenica saranno del centro di Monopoli, sono tenuti ad accertare che i donatori siano in buona salute affinch\u00e9 la donazione non danneggi n\u00e9 questi n\u00e9 i riceventi. \u00c8 necessario tenersi a digiuno per almeno 8 ore prima del prelievo del sangue. Al mattino, si pu\u00f2 bere caff\u00e8 o t\u00e8, senza aggiunta di latte o suoi derivati.<\/span><\/span><\/p>\n<p style=\"text-align: justify;\"><span style=\"font-size: 10pt;\"><span style=\"font-family: verdana, geneva;\">Sono esclusi temporaneamente dalla donazione le donne in gravidanza, chi ha subito interventi chirurgici e ambulatoriali, chi nell\u2019ultimo periodo assume farmaci (compresa la classica aspirina) o chi ha compiuto viaggi in paesi tropicali. Comunque \u00e8 sempre consigliabile la consultazione con il sanitario del SIT di riferimento.<\/span><\/span><\/p>\n<p style=\"text-align: justify;\"><span style=\"font-size: 10pt;\"><span style=\"font-family: verdana, geneva;\"> <\/span><\/span><\/p>\n<p style=\"text-align: justify;\"><span style=\"font-size: 10pt;\"><span style=\"font-family: verdana, geneva;\">\u201cLa trasfusione di sangue, o di un suo componente, \u00e8 spesso l\u2019unica terapia in grado di salvare una vita umana: si pensi ai traumatizzati, ai grandi ustionati, ai talassemici, agli emofilici, ai trapiantati\u201d.<\/span><\/span><\/p>\n<p style=\"text-align: justify;\"><span style=\"font-size: 10pt;\"><span style=\"font-family: verdana, geneva;\">Ogni anno, aumenta il fabbisogno di sangue da trasfondere. Oggi in Puglia si raccolgono due terzi del sangue necessario a soddisfare tutte le esigenze trasfusionali della Regione. Pertanto la richiesta di tutti gli associati FIDAS &#8211; Turi \u00e8 di \u201caiutarci per aiutare\u201d.<\/span><\/span><\/p>\n<p>\u00a0<\/p>\n","protected":false},"excerpt":{"rendered":"<p><img loading=\"lazy\" decoding=\"async\" class=\" size-full wp-image-2472\" src=\"https:\/\/archivioturi.lavocedelpaese.info\/wp-content\/uploads\/2010\/07\/fidas3.jpg\" width=\"320\" height=\"150\" alt=\"fidas3\" \/> <\/p>\n","protected":false},"author":1,"featured_media":2472,"comment_status":"open","ping_status":"closed","sticky":false,"template":"","format":"standard","meta":{"colormag_page_container_layout":"default_layout","colormag_page_sidebar_layout":"default_layout","footnotes":""},"categories":[7],"tags":[],"class_list":["post-3810","post","type-post","status-publish","format-standard","has-post-thumbnail","hentry","category-attualita"],"_links":{"self":[{"href":"https:\/\/archivioturi.lavocedelpaese.info\/index.php\/wp-json\/wp\/v2\/posts\/3810","targetHints":{"allow":["GET"]}}],"collection":[{"href":"https:\/\/archivioturi.lavocedelpaese.info\/index.php\/wp-json\/wp\/v2\/posts"}],"about":[{"href":"https:\/\/archivioturi.lavocedelpaese.info\/index.php\/wp-json\/wp\/v2\/types\/post"}],"author":[{"embeddable":true,"href":"https:\/\/archivioturi.lavocedelpaese.info\/index.php\/wp-json\/wp\/v2\/users\/1"}],"replies":[{"embeddable":true,"href":"https:\/\/archivioturi.lavocedelpaese.info\/index.php\/wp-json\/wp\/v2\/comments?post=3810"}],"version-history":[{"count":0,"href":"https:\/\/archivioturi.lavocedelpaese.info\/index.php\/wp-json\/wp\/v2\/posts\/3810\/revisions"}],"wp:featuredmedia":[{"embeddable":true,"href":"https:\/\/archivioturi.lavocedelpaese.info\/index.php\/wp-json\/wp\/v2\/media\/2472"}],"wp:attachment":[{"href":"https:\/\/archivioturi.lavocedelpaese.info\/index.php\/wp-json\/wp\/v2\/media?parent=3810"}],"wp:term":[{"taxonomy":"category","embeddable":true,"href":"https:\/\/archivioturi.lavocedelpaese.info\/index.php\/wp-json\/wp\/v2\/categories?post=3810"},{"taxonomy":"post_tag","embeddable":true,"href":"https:\/\/archivioturi.lavocedelpaese.info\/index.php\/wp-json\/wp\/v2\/tags?post=3810"}],"curies":[{"name":"wp","href":"https:\/\/api.w.org\/{rel}","templated":true}]}}