{"id":3790,"date":"2010-12-07T07:13:15","date_gmt":"2010-12-07T07:13:15","guid":{"rendered":"https:\/\/archivioturi.lavocedelpaese.info\/index.php\/2010\/12\/07\/politica-nazionale-secondo-i-giovani-esponenti-turesi-2\/"},"modified":"2010-12-07T07:13:15","modified_gmt":"2010-12-07T07:13:15","slug":"politica-nazionale-secondo-i-giovani-esponenti-turesi-2","status":"publish","type":"post","link":"https:\/\/archivioturi.lavocedelpaese.info\/index.php\/2010\/12\/07\/politica-nazionale-secondo-i-giovani-esponenti-turesi-2\/","title":{"rendered":"POLITICA NAZIONALE, PAROLA AD ANTONIO ZITA"},"content":{"rendered":"<p><img loading=\"lazy\" decoding=\"async\" class=\" size-full wp-image-3789\" alt=\"zita\" height=\"150\" width=\"300\" src=\"https:\/\/archivioturi.lavocedelpaese.info\/wp-content\/uploads\/2010\/12\/zita.jpg\" \/> <\/p>\n<p style=\"text-align: justify;\"><span style=\"font-size: 10pt;\"><span style=\"font-family: verdana, geneva;\">In seguito alle vicissitudini che accompagnano la politica nazionale, abbiamo voluto porre alcune domande a due esponenti dalla natura politica opposta: <strong>Giovanni Settanni<\/strong>, esponente locale dell\u2019ex Alleanza Nazionale, e <strong>Antonio Zita<\/strong>, giovane esponente locale del PD.<\/span><\/span><\/p>\n<p style=\"text-align: justify;\"><span style=\"font-size: 10pt;\"><span style=\"font-family: verdana, geneva;\">Esporremo in due parti le risposte alle rispettive domande.<\/span><\/span><\/p>\n<p style=\"text-align: justify;\"><span style=\"font-size: 10pt;\"><span style=\"font-family: verdana, geneva;\">Antonio Zita<\/span><\/span><\/p>\n<p style=\"text-align: justify;\"><strong><span style=\"font-size: 10pt;\"><span style=\"font-family: verdana, geneva;\">Come abbiamo potuto notare in questi ultimi mesi \u00e8 avvenuta la scissione tra il Presidente del Consiglio, Silvio Berlusconi, e il Presidente della Camera dei deputati, Gianfranco Fini. Da cosa reputate abbia avuto origine questa spaccatura?<\/span><\/span><\/strong><\/p>\n<p style=\"text-align: justify;\"><span style=\"font-size: 10pt;\"><span style=\"font-family: verdana, geneva;\">\u201cL&#8217;origine della scissione del Pdl \u00e8 nata dalla sua stessa fondazione. Una persona sana di mente non penserebbe mai che un progetto personalistico che porta alla sudditanza del resto dei suoi componenti possa vivere a lungo. La Dc ha vissuto per tanti anni con la strategia correntizia, con il manuale Cencelli e i servizi segreti. L&#8217;interesse da parte del gruppo ex-missino, Alleanza Nazionale, era certamente quello di creare con Il popolo delle Libert\u00e0 un grande partito liberista, di massa, che portasse una direttiva democratica al Governo, allo stesso tempo conservatrice e non dittatoriale, come invece si \u00e8 dimostrato il timbro fortemente reazionario, xenofobo e falsamente liberale della politica di Berlusconi. \u00c8 chiaro come l\u2019assestamento fatto da Berlusconi con il Pdl gli sia servito per un posizionamento pi\u00f9 forte ed ottenere dunque l\u2019egemonia nel centro destra. Mentre ritornava a governare il centro destra nel 2008, lo spazio di dialogo e lavoro lasciato a Gianfranco Fini e il suo gruppo si riduceva sempre di pi\u00f9. L\u2019espulsione dal Pdl del Delfino e la consecutiva creazione di Futuro e Libert\u00e0, \u00e8 stato un passaggio inevitabile dato il grande spessore politico del leader dell\u2019ex AN, che per quanto io non condivida il suo pensiero, e lo reputo lontano dal mio, lo considero culturalmente e politicamente tutto meno che uno yesman di Berlusconi.\u201d<\/span><\/span><\/p>\n<p style=\"text-align: justify;\"><span style=\"font-size: 10pt;\"><span style=\"font-family: verdana, geneva;\"><strong>Cosa ne pensa della creazione di un nuovo partito come Futuro e Libert\u00e0 e di un avvicinamento alle sinistre nazionali?<\/strong><strong> <\/strong><\/span><\/span><\/p>\n<p style=\"text-align: justify;\"><span style=\"font-size: 10pt;\"><span style=\"font-family: verdana, geneva;\">\u201cIl vero tratto che merita attenzione di questo periodo di migrazione, AN, PDL, Fel \u00e8 il cambiamento eroico, se cos\u00ec si pu\u00f2 definire &#8211; io pi\u00f9 che altro lo definirei ipocrita &#8211; del Presidente della Camera, che da rimarcare la sua vicinanza in giovent\u00f9 alla cultura fascista, sia passato a fare dichiarazioni contraddittorie proprio con quel suo passato. Rimasi allibito quando per caso sentii il suo intervento in un convegno di giovani del Pdl, dove con nitidezza parlava del fascismo come il male assoluto, come un\u2019ideologia violenta, dal quale ci si debba allontanare. Non solo. Mi ha sempre stupito la sua apertura agli studi sulle cellule staminali e i riferimenti ad una politica laica. Una stoccata all\u2019Udc e quindi stigmatizzando una possibile apertura a quel gruppo parlamentare da parte del Pdl. Sbalorditivo perch\u00e9, il presidente si \u00e8 ritrovato ad essere etichettato dalla stampa vicina alla famiglia Berlusconi come \u201cil compagno Fini\u201d. Detto ci\u00f2 se vogliamo porci qualche interrogativo rispetto agli scenari futuri della politica nazionale, faremmo, per qualsiasi previsione, un azzardo troppo grande. La votazione del 14 sulla fiducia al governo ci dar\u00e0 elementi pi\u00f9 certi. Allo stesso modo nella propagazione della politica nazionale sul territorio. Cosa far\u00e0 Fitto alle prossime governative? La Polibortone e la Puglia Prima di Tutto? Strana risulta la vicinanza di Emiliano a Fini. Uno spostamento al centro di tutti gli indecisi? Sar\u00e0 questo il nuovo volto del trasformismo? Fini uguale Depretis?\u201d<\/span><\/span><\/p>\n<p style=\"text-align: justify;\"><span style=\"font-size: 10pt;\"><span style=\"font-family: verdana, geneva;\"><strong>Sulla politica locale i due esponenti espongano le loro opinioni inerenti ai piani d&#8217;azione dell&#8217;amministrazione odierna<\/strong>.<\/span><\/span><\/p>\n<p style=\"text-align: justify;\"><span style=\"font-size: 10pt;\"><span style=\"font-family: verdana, geneva;\">\u201cDue parole mi permetto di spenderle per ci\u00f2 che sta succedendo a Turi. Ci\u00f2 che accade da anni. E la mia non \u00e8 una valutazione nel merito delle proposte politiche in discussioni, poich\u00e9 sempre di pi\u00f9 emerge l\u2019interesse di pochi coaguli baronali, che portano avanti il solo interesse personale o del proprio gruppo. Non sentiamo una discussione seria su quale sia il futuro del nostro paese ormai da troppo tempo. La grande rete, una connessione di un villaggio in cui tutti conoscono tutti, non ha il pregio di avere un dibattito con onest\u00e0 intellettuale. Sono sempre pi\u00f9 sbalordito da come la voglia di figurare \u201cil politico\u201d, \u201cl\u2019assessore\u201d, sia solo per l\u2019appagamento di una propria vanit\u00e0. Quando chi fa politica a Turi capir\u00e0 che amministrare significa servire i propri cittadini, significa sacrificio e non privilegi, quando capir\u00e0 che politica significa lavorare per il bene comune e non per quello di pochi, solo allora in questo nostro paesino avremo una reale svolta e noi giovani avremo maggiori speranze.\u201d<\/span><\/span><\/p>\n<p>\u00a0<\/p>\n","protected":false},"excerpt":{"rendered":"<p><img loading=\"lazy\" decoding=\"async\" class=\" size-full wp-image-3789\" alt=\"zita\" height=\"150\" width=\"300\" src=\"https:\/\/archivioturi.lavocedelpaese.info\/wp-content\/uploads\/2010\/12\/zita.jpg\" \/> <\/p>\n","protected":false},"author":1,"featured_media":3789,"comment_status":"open","ping_status":"closed","sticky":false,"template":"","format":"standard","meta":{"colormag_page_container_layout":"default_layout","colormag_page_sidebar_layout":"default_layout","footnotes":""},"categories":[4],"tags":[],"class_list":["post-3790","post","type-post","status-publish","format-standard","has-post-thumbnail","hentry","category-politica"],"_links":{"self":[{"href":"https:\/\/archivioturi.lavocedelpaese.info\/index.php\/wp-json\/wp\/v2\/posts\/3790","targetHints":{"allow":["GET"]}}],"collection":[{"href":"https:\/\/archivioturi.lavocedelpaese.info\/index.php\/wp-json\/wp\/v2\/posts"}],"about":[{"href":"https:\/\/archivioturi.lavocedelpaese.info\/index.php\/wp-json\/wp\/v2\/types\/post"}],"author":[{"embeddable":true,"href":"https:\/\/archivioturi.lavocedelpaese.info\/index.php\/wp-json\/wp\/v2\/users\/1"}],"replies":[{"embeddable":true,"href":"https:\/\/archivioturi.lavocedelpaese.info\/index.php\/wp-json\/wp\/v2\/comments?post=3790"}],"version-history":[{"count":0,"href":"https:\/\/archivioturi.lavocedelpaese.info\/index.php\/wp-json\/wp\/v2\/posts\/3790\/revisions"}],"wp:featuredmedia":[{"embeddable":true,"href":"https:\/\/archivioturi.lavocedelpaese.info\/index.php\/wp-json\/wp\/v2\/media\/3789"}],"wp:attachment":[{"href":"https:\/\/archivioturi.lavocedelpaese.info\/index.php\/wp-json\/wp\/v2\/media?parent=3790"}],"wp:term":[{"taxonomy":"category","embeddable":true,"href":"https:\/\/archivioturi.lavocedelpaese.info\/index.php\/wp-json\/wp\/v2\/categories?post=3790"},{"taxonomy":"post_tag","embeddable":true,"href":"https:\/\/archivioturi.lavocedelpaese.info\/index.php\/wp-json\/wp\/v2\/tags?post=3790"}],"curies":[{"name":"wp","href":"https:\/\/api.w.org\/{rel}","templated":true}]}}