{"id":3770,"date":"2010-12-06T09:18:20","date_gmt":"2010-12-06T09:18:20","guid":{"rendered":"https:\/\/archivioturi.lavocedelpaese.info\/index.php\/2010\/12\/06\/confartigianato-ascoltate-le-richieste\/"},"modified":"2010-12-06T09:18:20","modified_gmt":"2010-12-06T09:18:20","slug":"confartigianato-ascoltate-le-richieste","status":"publish","type":"post","link":"https:\/\/archivioturi.lavocedelpaese.info\/index.php\/2010\/12\/06\/confartigianato-ascoltate-le-richieste\/","title":{"rendered":"CONFARTIGIANATO: ASCOLTATE LE RICHIESTE"},"content":{"rendered":"<p><img loading=\"lazy\" decoding=\"async\" class=\" size-full wp-image-3651\" src=\"https:\/\/archivioturi.lavocedelpaese.info\/wp-content\/uploads\/2010\/11\/upsa1.jpg\" width=\"320\" height=\"150\" alt=\"upsa1\" srcset=\"https:\/\/archivioturi.lavocedelpaese.info\/wp-content\/uploads\/2010\/11\/upsa1.jpg 640w, https:\/\/archivioturi.lavocedelpaese.info\/wp-content\/uploads\/2010\/11\/upsa1-300x141.jpg 300w\" sizes=\"auto, (max-width: 320px) 100vw, 320px\" \/> <\/p>\n<p style=\"text-align: justify;\"><span style=\"font-size: 10pt;\">Riceviamo e Pubblichiamo.<\/span><\/p>\n<p style=\"text-align: center;\"><strong><span style=\"font-size: 10pt;\"> <\/span><\/strong><\/p>\n<hr \/>\n<p><span style=\"font-size: 10pt;\"><strong><\/p>\n<div style=\"text-align: center;\">Ascoltate le richieste di Confartigianato<\/div>\n<p><\/strong> <\/span><\/p>\n<p style=\"text-align: center;\"><strong><span style=\"font-size: 10pt;\"><span style=\"font-size: 10pt;\">Grande risultato raggiunto dopo anni di notevole impegno sindacale<\/span><\/span><\/strong><\/p>\n<p style=\"text-align: justify;\"><span style=\"font-size: 10pt;\"><span style=\"font-size: 10pt;\"> <\/span><\/span><\/p>\n<p style=\"text-align: justify;\"><span style=\"font-size: 10pt;\"><span style=\"font-size: 10pt;\">Carissimi, vi informo che dopo diversi anni dalle prime richieste formulate dall\u2019UPSA Confartigianato alla Regione Puglia in materia di assimilabilit\u00e0 degli scarichi di alcune attivit\u00e0 produttive agli scarichi domestici, finalmente venerd\u00ec 3 dicembre si \u00e8 tenuto un incontro presso l\u2019Assessorato ai Lavori Pubblici della Regione Puglia per definire i contenuti del redigendo Regolamento regionale che discipliner\u00e0 la materia.<\/span><\/span><\/p>\n<p style=\"text-align: justify;\"><span style=\"font-size: 10pt;\"><span style=\"font-size: 10pt;\">La Dirigente del Servizio \u2013 dott.ssa Iannarelli \u2013 ha illustrato alle altre le parti ritualmente invitate all\u2019incontro &#8211; ATO, AQP, CNA \u2013 le richieste formulate da Confartigianato ed ha mostrato grande disponibilit\u00e0 a voler accogliere le nostre istanze.<\/span><\/span><\/p>\n<p style=\"text-align: justify;\"><span style=\"font-size: 10pt;\"><span style=\"font-size: 10pt;\">Da una prima bozza di intesa raggiunta in occasione della riunione, tra le attivit\u00e0 produttive i cui scarichi verranno assimilati ai domestici, figurano:<\/span><\/span><\/p>\n<p style=\"text-align: justify;\"><span style=\"font-size: 10pt;\"><span style=\"font-size: 10pt;\">&#8211;\u00a0\u00a0\u00a0\u00a0\u00a0\u00a0\u00a0\u00a0\u00a0\u00a0caseifici<\/span><\/span><\/p>\n<p style=\"text-align: justify;\"><span style=\"font-size: 10pt;\"><span style=\"font-size: 10pt;\">&#8211;\u00a0\u00a0\u00a0\u00a0\u00a0\u00a0\u00a0\u00a0\u00a0\u00a0produzione di prodotti di panetteria<\/span><\/span><\/p>\n<p style=\"text-align: justify;\"><span style=\"font-size: 10pt;\"><span style=\"font-size: 10pt;\">&#8211;\u00a0\u00a0\u00a0\u00a0\u00a0\u00a0\u00a0\u00a0\u00a0\u00a0produzione di pasticceria fresca, biscotti e pasticceria conservata<\/span><\/span><\/p>\n<p style=\"text-align: justify;\"><span style=\"font-size: 10pt;\"><span style=\"font-size: 10pt;\">&#8211;\u00a0\u00a0\u00a0\u00a0\u00a0\u00a0\u00a0\u00a0\u00a0\u00a0produzione di paste alimentari<\/span><\/span><\/p>\n<p style=\"text-align: justify;\"><span style=\"font-size: 10pt;\"><span style=\"font-size: 10pt;\">&#8211;\u00a0\u00a0\u00a0\u00a0\u00a0\u00a0\u00a0\u00a0\u00a0\u00a0studi odontotecnici<\/span><\/span><\/p>\n<p style=\"text-align: justify;\"><span style=\"font-size: 10pt;\"><span style=\"font-size: 10pt;\">&#8211;\u00a0\u00a0\u00a0\u00a0\u00a0\u00a0\u00a0\u00a0\u00a0\u00a0saloni di parrucchiere e istituti di bellezza<\/span><\/span><\/p>\n<p style=\"text-align: justify;\"><span style=\"font-size: 10pt;\"><span style=\"font-size: 10pt;\">&#8211;\u00a0\u00a0\u00a0\u00a0\u00a0\u00a0\u00a0\u00a0\u00a0\u00a0lavanderie e tintorie<\/span><\/span><\/p>\n<p style=\"text-align: justify;\"><span style=\"font-size: 10pt;\"><span style=\"font-size: 10pt;\">Il prossimo 16 dicembre ci sar\u00e0 un ulteriore incontro per puntualizzare le condizioni e i limiti di utilizzo massimo di acqua affinch\u00e9 le predette attivit\u00e0 possano definitivamente dire addio ai problemi legati all\u2019autorizzazione dei propri scarichi.<\/span><\/span><\/p>\n<p style=\"text-align: justify;\"><strong><span style=\"font-size: 10pt;\"><span style=\"font-size: 10pt;\">Come tutte le questioni per le quali si \u00e8 tanto lottato, massima \u00e8 la soddisfazione nel vedere accolte le richieste presentate e la soddisfazione \u00e8 ancora maggiore nel constatare di essere stati l\u2019associazione di categoria che ha pi\u00f9 a lungo, e pi\u00f9 tenacemente, difeso gli interessi delle imprese che rappresenta sindacalmente ed economicamente.<\/span><\/span><\/strong><\/p>\n<p><span style=\"font-size: 10pt;\"><span><strong><span style=\"font-size: 10pt;\"> <\/span><\/strong><\/span><\/span><\/p>\n<p style=\"text-align: justify;\"><span style=\"font-size: 10pt;\"><span style=\"font-size: 10pt;\">Dopo l&#8217;incontro del 16 dicembre, sarete informati in maniera dettagliata e puntuale dei contenuti dell&#8217;intesa raggiunta.<\/span><\/span><\/p>\n","protected":false},"excerpt":{"rendered":"<p><img loading=\"lazy\" decoding=\"async\" class=\" size-full wp-image-3651\" src=\"https:\/\/archivioturi.lavocedelpaese.info\/wp-content\/uploads\/2010\/11\/upsa1.jpg\" width=\"320\" height=\"150\" alt=\"upsa1\" srcset=\"https:\/\/archivioturi.lavocedelpaese.info\/wp-content\/uploads\/2010\/11\/upsa1.jpg 640w, https:\/\/archivioturi.lavocedelpaese.info\/wp-content\/uploads\/2010\/11\/upsa1-300x141.jpg 300w\" sizes=\"auto, (max-width: 320px) 100vw, 320px\" \/> <\/p>\n","protected":false},"author":1,"featured_media":3651,"comment_status":"open","ping_status":"closed","sticky":false,"template":"","format":"standard","meta":{"colormag_page_container_layout":"default_layout","colormag_page_sidebar_layout":"default_layout","footnotes":""},"categories":[7],"tags":[],"class_list":["post-3770","post","type-post","status-publish","format-standard","has-post-thumbnail","hentry","category-attualita"],"_links":{"self":[{"href":"https:\/\/archivioturi.lavocedelpaese.info\/index.php\/wp-json\/wp\/v2\/posts\/3770","targetHints":{"allow":["GET"]}}],"collection":[{"href":"https:\/\/archivioturi.lavocedelpaese.info\/index.php\/wp-json\/wp\/v2\/posts"}],"about":[{"href":"https:\/\/archivioturi.lavocedelpaese.info\/index.php\/wp-json\/wp\/v2\/types\/post"}],"author":[{"embeddable":true,"href":"https:\/\/archivioturi.lavocedelpaese.info\/index.php\/wp-json\/wp\/v2\/users\/1"}],"replies":[{"embeddable":true,"href":"https:\/\/archivioturi.lavocedelpaese.info\/index.php\/wp-json\/wp\/v2\/comments?post=3770"}],"version-history":[{"count":0,"href":"https:\/\/archivioturi.lavocedelpaese.info\/index.php\/wp-json\/wp\/v2\/posts\/3770\/revisions"}],"wp:featuredmedia":[{"embeddable":true,"href":"https:\/\/archivioturi.lavocedelpaese.info\/index.php\/wp-json\/wp\/v2\/media\/3651"}],"wp:attachment":[{"href":"https:\/\/archivioturi.lavocedelpaese.info\/index.php\/wp-json\/wp\/v2\/media?parent=3770"}],"wp:term":[{"taxonomy":"category","embeddable":true,"href":"https:\/\/archivioturi.lavocedelpaese.info\/index.php\/wp-json\/wp\/v2\/categories?post=3770"},{"taxonomy":"post_tag","embeddable":true,"href":"https:\/\/archivioturi.lavocedelpaese.info\/index.php\/wp-json\/wp\/v2\/tags?post=3770"}],"curies":[{"name":"wp","href":"https:\/\/api.w.org\/{rel}","templated":true}]}}