{"id":3751,"date":"2010-12-04T09:26:29","date_gmt":"2010-12-04T09:26:29","guid":{"rendered":"https:\/\/archivioturi.lavocedelpaese.info\/index.php\/2010\/12\/04\/insediata-la-consulta-provinciale-per-la-cerasicoltura\/"},"modified":"2010-12-04T09:26:29","modified_gmt":"2010-12-04T09:26:29","slug":"insediata-la-consulta-provinciale-per-la-cerasicoltura","status":"publish","type":"post","link":"https:\/\/archivioturi.lavocedelpaese.info\/index.php\/2010\/12\/04\/insediata-la-consulta-provinciale-per-la-cerasicoltura\/","title":{"rendered":"CONSULTA CERASICOLTURA: IL COMMENTO DI ELEFANTE"},"content":{"rendered":"<p><img loading=\"lazy\" decoding=\"async\" class=\" size-full wp-image-1549\" src=\"https:\/\/archivioturi.lavocedelpaese.info\/wp-content\/uploads\/2010\/02\/onofrio.jpg\" alt=\"onofrio\" width=\"320\" height=\"150\" srcset=\"https:\/\/archivioturi.lavocedelpaese.info\/wp-content\/uploads\/2010\/02\/onofrio.jpg 640w, https:\/\/archivioturi.lavocedelpaese.info\/wp-content\/uploads\/2010\/02\/onofrio-300x141.jpg 300w\" sizes=\"auto, (max-width: 320px) 100vw, 320px\" \/> <\/p>\n<p style=\"text-align: justify; font-size: 11px; line-height: 1.5em; margin: 0px;\"><span style=\"font-size: 10pt;\">Pubblichiamo una nota tratta dal profilo di Facebook di Biagio Elefante (IDV)<\/span><\/p>\n<p style=\"text-align: justify; font-size: 11px; line-height: 1.5em; margin: 0px;\"><a target=\"_blank\" href=\"attualita\/2251-istituita-la-consulta-provinciale-per-la-cerasicoltura.html\" rel=\"noopener\"><span style=\"font-size: 10pt;\"><br \/><\/span><\/a><\/p>\n<p><span style=\"font-size: 10pt;\"><a target=\"_blank\" href=\"attualita\/2251-istituita-la-consulta-provinciale-per-la-cerasicoltura.html\" rel=\"noopener\">CLICCA QUI PER RILEGGERE IL NOSTRO ARTICOLO: INSEDIATA LA CONSULTA PROVINCIALE CERASICOLTURA E COMMENTI<\/a><br \/><\/span><\/p>\n<p style=\"text-align: justify; font-size: 11px; line-height: 1.5em; margin-top: 0px; margin-right: 0px; margin-bottom: 0px; margin-left: 0px; \"><span style=\"font-size: 10pt;\"><span style=\"font-size: 10pt;\"> <\/span><\/span><\/p>\n<hr \/>\n<p>Questa mattina (29 novembre, ndr), su invito dell&#8217;assessore provinciale\u00a0alle attivit\u00e0 produttive prof.Onofrio Resta, abbiamo partecipato all&#8217;evento, io, Gianni Miccolis, c&#8217;era Vito Simone (commerciante), l&#8217;assessore all&#8217;agricoltura di Turi Giacomo Valentini, quelli di Conversano, Castellana, Putignano, Bisceglie, i prof. di agraria Godini e Palasciano, la prof.di medicina preventiva Musti, un impiegato dell&#8217;assessorato agricoltura della provincia (il dirigente per fortuna \u00e8 in pensione), uno della confartigianato-cofidi, e qualche altro.<\/p>\n<p style=\"text-align: justify; font-size: 11px; line-height: 1.5em; margin-top: 0px; margin-right: 0px; margin-bottom: 0px; margin-left: 0px; \"><span style=\"font-size: 10pt;\"><span style=\"font-size: 10pt;\"><br \/><\/span><\/span><\/p>\n<p><span style=\"font-size: 10pt;\"><span style=\"font-size: 10pt;\"> <\/span><\/span><\/p>\n<p style=\"text-align: justify; font-size: 11px; line-height: 1.5em; margin-top: 0px; margin-right: 0px; margin-bottom: 0px; margin-left: 0px; \"><span style=\"font-size: 10pt;\"><span style=\"font-size: 10pt;\">C&#8217;\u00e8, tra l&#8217;altro,\u00a0l&#8217;obiettivo\u00a0 di redigere, con la partecipazione dei diretti interessati, \u00a0un progetto\u00a0 di interventi vari che possa ottenere un grosso finanziamento, come avvenuto per Bisceglie.<\/span><\/span><\/p>\n<p><span style=\"font-size: 10pt;\"><span style=\"font-size: 10pt;\"> <\/span><\/span><\/p>\n<p style=\"text-align: justify; font-size: 11px; line-height: 1.5em; margin: 0px;\"><span style=\"font-size: 10pt;\"><br \/><\/span><\/p>\n<p style=\"text-align: justify; font-size: 11px; line-height: 1.5em; margin-top: 0px; margin-right: 0px; margin-bottom: 0px; margin-left: 0px; \"><span style=\"font-size: 10pt;\"><strong><span style=\"font-size: 10pt;\">COPERTURA CILIEGIETI<\/span><\/strong><\/span><\/p>\n<p style=\"text-align: justify; font-size: 11px; line-height: 1.5em; margin-top: 0px; margin-right: 0px; margin-bottom: 0px; margin-left: 0px; \"><span style=\"font-size: 10pt;\"><span style=\"font-size: 10pt;\"><br \/><\/span><\/span><\/p>\n<p><span style=\"font-size: 10pt;\"><span style=\"font-size: 10pt;\"> <\/span><\/span><\/p>\n<p style=\"text-align: justify; font-size: 11px; line-height: 1.5em; margin-top: 0px; margin-right: 0px; margin-bottom: 0px; margin-left: 0px; \"><span style=\"font-size: 10pt;\"><span style=\"font-size: 10pt;\">Due posizioni contrastanti: fra chi la ritiene utile e chi, come il prof. Godini ha spiegato che le necessarie 40 mila euro per coprire un ettaro non potranno mai essere ammortizzate negli anni nemmeno dai figli del realizzatore; che da noi i danni da spacco per pioggia sono molto meno gravi rispetto ad Emilia o altre regioni; che \u00e8 preferibile incrementare le variet\u00e0 pi\u00f9 resistenti allo spacco.<\/span><\/span><\/p>\n<p><span style=\"font-size: 10pt;\"><span style=\"font-size: 10pt;\"> <\/span><\/span><\/p>\n<p style=\"text-align: justify; font-size: 11px; line-height: 1.5em; margin-top: 0px; margin-right: 0px; margin-bottom: 0px; margin-left: 0px; \"><span style=\"font-size: 10pt;\"><span style=\"font-size: 10pt;\">Noi ci siamo associati, aggiungendo che i casi isolatissimi di copertura sono rimasti tali proprio perch\u00e8 non hanno prodotto i benefici sperati, e che sono stati motivati anche dall&#8217;obiettivo dell&#8217;anticipazione della maturazione, obiettivo molto pi\u00f9 economicamente perseguibile con variet\u00e0 precoci.<\/span><\/span><\/p>\n<p style=\"text-align: justify; font-size: 11px; line-height: 1.5em; margin-top: 0px; margin-right: 0px; margin-bottom: 0px; margin-left: 0px; \"><span style=\"font-size: 10pt;\"><span style=\"font-size: 10pt;\"><br \/><\/span><\/span><\/p>\n<p><span style=\"font-size: 10pt;\"><span style=\"font-size: 10pt;\"> <\/span><\/span><\/p>\n<p style=\"text-align: justify; font-size: 11px; line-height: 1.5em; margin-top: 0px; margin-right: 0px; margin-bottom: 0px; margin-left: 0px; \"><span style=\"font-size: 10pt;\"><strong><span style=\"font-size: 10pt;\">DOP E IGP<\/span><\/strong><\/span><\/p>\n<p style=\"text-align: justify; font-size: 11px; line-height: 1.5em; margin-top: 0px; margin-right: 0px; margin-bottom: 0px; margin-left: 0px; \"><span style=\"font-size: 10pt;\"><strong><span style=\"font-size: 10pt;\"><br \/><\/span><\/strong><\/span><\/p>\n<p><span style=\"font-size: 10pt;\"><span style=\"font-size: 10pt;\"> <\/span><\/span><\/p>\n<p style=\"text-align: justify; font-size: 11px; line-height: 1.5em; margin-top: 0px; margin-right: 0px; margin-bottom: 0px; margin-left: 0px; \"><span style=\"font-size: 10pt;\"><span style=\"font-size: 10pt;\">Un accenno del prof. Godini all&#8217;IGP della ciliegia di Bari, di cui lui \u00e8 stato artefice, \u00e8 stato subito stoppato dal&#8217;ass. Resta che gli ha spiegato che l&#8217;argomento \u00e8 al momento estraneo all&#8217;iniziativa.<\/span><\/span><\/p>\n<p><span style=\"font-size: 10pt;\"><span style=\"font-size: 10pt;\"> <\/span><\/span><\/p>\n<p style=\"text-align: justify; font-size: 11px; line-height: 1.5em; margin-top: 0px; margin-right: 0px; margin-bottom: 0px; margin-left: 0px; \"><span style=\"font-size: 10pt;\"><span style=\"font-size: 10pt;\">Abbiamo aggiunto che le richieste dei marchi sono di esclusiva competenza dei produttori specifici.<\/span><\/span><\/p>\n<p style=\"text-align: justify; font-size: 11px; line-height: 1.5em; margin-top: 0px; margin-right: 0px; margin-bottom: 0px; margin-left: 0px; \"><span style=\"font-size: 10pt;\"><strong><span style=\"font-size: 10pt;\"><br \/><\/span><\/strong><\/span><\/p>\n<p><span style=\"font-size: 10pt;\"><strong><span style=\"font-size: 10pt;\"> <\/span><\/strong><\/span><\/p>\n<p style=\"text-align: justify; font-size: 11px; line-height: 1.5em; margin-top: 0px; margin-right: 0px; margin-bottom: 0px; margin-left: 0px; \"><span style=\"font-size: 10pt;\"><strong><span style=\"font-size: 10pt;\">TUTELA DELLA SALUTE<\/span><\/strong><\/span><\/p>\n<p style=\"text-align: justify; font-size: 11px; line-height: 1.5em; margin-top: 0px; margin-right: 0px; margin-bottom: 0px; margin-left: 0px; \"><span style=\"font-size: 10pt;\"><strong><span style=\"font-size: 10pt;\"><br \/><\/span><\/strong><\/span><\/p>\n<p><span style=\"font-size: 10pt;\"><span style=\"font-size: 10pt;\"> <\/span><\/span><\/p>\n<p style=\"text-align: justify; font-size: 11px; line-height: 1.5em; margin-top: 0px; margin-right: 0px; margin-bottom: 0px; margin-left: 0px; \"><span style=\"font-size: 10pt;\"><span style=\"font-size: 10pt;\">La prof. Musti, che insieme ad Onofrio sta conducendo le visite specialsitiche sui nostri irroratori, ha insistito sulla necessit\u00e0 di un progetto volto ad analizzare il rapporto fra malattie e uso di prodotti chimici, osservando che in Puglia i tantissimi casi non vengono nemmeno riconosciuti come infortuni o malattie professionali.<\/span><\/span><\/p>\n<p><span style=\"font-size: 10pt;\"><span style=\"font-size: 10pt;\"> <\/span><\/span><\/p>\n<p style=\"text-align: justify; font-size: 11px; line-height: 1.5em; margin-top: 0px; margin-right: 0px; margin-bottom: 0px; margin-left: 0px; \"><span style=\"font-size: 10pt;\"><span style=\"font-size: 10pt;\"> <\/span><\/span><\/p>\n<p><span style=\"font-size: 10pt;\"><span style=\"font-size: 10pt;\"> <\/span><\/span><\/p>\n<p style=\"text-align: justify; font-size: 11px; line-height: 1.5em; margin-top: 0px; margin-right: 0px; margin-bottom: 0px; margin-left: 0px; \"><span style=\"font-size: 10pt;\"><span style=\"font-size: 10pt;\">E che\u00a0 sarebbe utile impegnare la ricerca universitaria allo studio di materiale e tecnologie idonee a preservare gli irroratori.<\/span><\/span><\/p>\n<p><span style=\"font-size: 10pt;\"><span style=\"font-size: 10pt;\"> <\/span><\/span><\/p>\n<p style=\"text-align: justify; font-size: 11px; line-height: 1.5em; margin-top: 0px; margin-right: 0px; margin-bottom: 0px; margin-left: 0px; \"><span style=\"font-size: 10pt;\"><span style=\"font-size: 10pt;\"> <\/span><\/span><\/p>\n<p><span style=\"font-size: 10pt;\"><span style=\"font-size: 10pt;\"> <\/span><\/span><\/p>\n<p style=\"text-align: justify; font-size: 11px; line-height: 1.5em; margin-top: 0px; margin-right: 0px; margin-bottom: 0px; margin-left: 0px; \"><span style=\"font-size: 10pt;\"><span style=\"font-size: 10pt;\">Abbiamo aggiunto che con pochi soldi si potrebbe creare un campo sperimentale ove verificare l&#8217;efficacia dei vari prodotti fitosanitari. Oggi impiegati irrazionalmente su consigli interessati delle ditte, spesso inefficaci, ripetuti, con dosi eccessive, e quant&#8217;altro nuoce a produttori e consumatori.<\/span><\/span><\/p>\n<p><span style=\"font-size: 10pt;\"><span style=\"font-size: 10pt;\"> <\/span><\/span><\/p>\n<p style=\"text-align: justify; font-size: 11px; line-height: 1.5em; margin-top: 0px; margin-right: 0px; margin-bottom: 0px; margin-left: 0px; \"><span style=\"font-size: 10pt;\"><span style=\"font-size: 10pt;\">Con questo sistema che ci farebbe risparmiare si creerebbe un canale fiduciario virtuoso fra produttori ed esperti a noi direttamente collegati.<\/span><\/span><\/p>\n<p><span style=\"font-size: 10pt;\"><span style=\"font-size: 10pt;\"> <\/span><\/span><\/p>\n<p style=\"text-align: justify; font-size: 11px; line-height: 1.5em; margin-top: 0px; margin-right: 0px; margin-bottom: 0px; margin-left: 0px; \"><span style=\"font-size: 10pt;\"><span style=\"font-size: 10pt;\">Nella prossima riunione si parler\u00e0 anche della situazione delle assicurazioni.<\/span><\/span><\/p>\n<p><span style=\"font-size: 10pt;\"><span style=\"font-size: 10pt;\"> <\/span><\/span><\/p>\n<p style=\"text-align: justify; font-size: 11px; line-height: 1.5em; margin-top: 0px; margin-right: 0px; margin-bottom: 0px; margin-left: 0px; \"><span style=\"font-size: 10pt;\"><span style=\"font-size: 10pt;\"> <\/span><\/span><\/p>\n<p><span style=\"font-size: 10pt;\"><span style=\"font-size: 10pt;\"> <\/span><\/span><\/p>\n<p style=\"text-align: justify; font-size: 11px; line-height: 1.5em; margin-top: 0px; margin-right: 0px; margin-bottom: 0px; margin-left: 0px; \"><span style=\"font-size: 10pt;\"><span style=\"font-size: 10pt;\">Per sentire il diretto parere dei produttori su questi punti,\u00a0riteniamo indispensabile<strong> indire un incontro di tutti i produttori turesi<\/strong>, a\u00a0cui invitiamo anche l&#8217;assessore Onofrio Resta\u00a0e ogni altro politico che vorr\u00e0\u00a0venire ad ascoltare,\u00a0nello spirito unitario e costruttivo dell&#8217;iniziativa, per la quale va il plauso ad Onofrio, che\u00a0sta dimostrando piena ottemperanza agli impegni preelettorali presi, operando nell&#8217;interesse generale e senza discriminazioni di sorta, come tutti i politici dovrebbero fare.<\/span><\/span><\/p>\n","protected":false},"excerpt":{"rendered":"<p><img loading=\"lazy\" decoding=\"async\" class=\" size-full wp-image-1549\" src=\"https:\/\/archivioturi.lavocedelpaese.info\/wp-content\/uploads\/2010\/02\/onofrio.jpg\" alt=\"onofrio\" width=\"320\" height=\"150\" srcset=\"https:\/\/archivioturi.lavocedelpaese.info\/wp-content\/uploads\/2010\/02\/onofrio.jpg 640w, https:\/\/archivioturi.lavocedelpaese.info\/wp-content\/uploads\/2010\/02\/onofrio-300x141.jpg 300w\" sizes=\"auto, (max-width: 320px) 100vw, 320px\" \/> <\/p>\n","protected":false},"author":1,"featured_media":1549,"comment_status":"open","ping_status":"closed","sticky":false,"template":"","format":"standard","meta":{"colormag_page_container_layout":"default_layout","colormag_page_sidebar_layout":"default_layout","footnotes":""},"categories":[7],"tags":[],"class_list":["post-3751","post","type-post","status-publish","format-standard","has-post-thumbnail","hentry","category-attualita"],"_links":{"self":[{"href":"https:\/\/archivioturi.lavocedelpaese.info\/index.php\/wp-json\/wp\/v2\/posts\/3751","targetHints":{"allow":["GET"]}}],"collection":[{"href":"https:\/\/archivioturi.lavocedelpaese.info\/index.php\/wp-json\/wp\/v2\/posts"}],"about":[{"href":"https:\/\/archivioturi.lavocedelpaese.info\/index.php\/wp-json\/wp\/v2\/types\/post"}],"author":[{"embeddable":true,"href":"https:\/\/archivioturi.lavocedelpaese.info\/index.php\/wp-json\/wp\/v2\/users\/1"}],"replies":[{"embeddable":true,"href":"https:\/\/archivioturi.lavocedelpaese.info\/index.php\/wp-json\/wp\/v2\/comments?post=3751"}],"version-history":[{"count":0,"href":"https:\/\/archivioturi.lavocedelpaese.info\/index.php\/wp-json\/wp\/v2\/posts\/3751\/revisions"}],"wp:featuredmedia":[{"embeddable":true,"href":"https:\/\/archivioturi.lavocedelpaese.info\/index.php\/wp-json\/wp\/v2\/media\/1549"}],"wp:attachment":[{"href":"https:\/\/archivioturi.lavocedelpaese.info\/index.php\/wp-json\/wp\/v2\/media?parent=3751"}],"wp:term":[{"taxonomy":"category","embeddable":true,"href":"https:\/\/archivioturi.lavocedelpaese.info\/index.php\/wp-json\/wp\/v2\/categories?post=3751"},{"taxonomy":"post_tag","embeddable":true,"href":"https:\/\/archivioturi.lavocedelpaese.info\/index.php\/wp-json\/wp\/v2\/tags?post=3751"}],"curies":[{"name":"wp","href":"https:\/\/api.w.org\/{rel}","templated":true}]}}