{"id":3732,"date":"2010-12-05T07:35:44","date_gmt":"2010-12-05T07:35:44","guid":{"rendered":"https:\/\/archivioturi.lavocedelpaese.info\/index.php\/2010\/12\/05\/sguardo-alla-settimana-29-nov-5-dic\/"},"modified":"2010-12-05T07:35:44","modified_gmt":"2010-12-05T07:35:44","slug":"sguardo-alla-settimana-29-nov-5-dic","status":"publish","type":"post","link":"https:\/\/archivioturi.lavocedelpaese.info\/index.php\/2010\/12\/05\/sguardo-alla-settimana-29-nov-5-dic\/","title":{"rendered":"SGUARDO ALLA SETTIMANA 29 NOV. \/ 5 DIC."},"content":{"rendered":"<p><img loading=\"lazy\" decoding=\"async\" class=\" size-full wp-image-3200\" alt=\"Postit\" height=\"150\" width=\"320\" src=\"https:\/\/archivioturi.lavocedelpaese.info\/wp-content\/uploads\/2010\/10\/Postit.jpg\" srcset=\"https:\/\/archivioturi.lavocedelpaese.info\/wp-content\/uploads\/2010\/10\/Postit.jpg 640w, https:\/\/archivioturi.lavocedelpaese.info\/wp-content\/uploads\/2010\/10\/Postit-300x141.jpg 300w\" sizes=\"auto, (max-width: 320px) 100vw, 320px\" \/> <\/p>\n<p style=\"text-align: justify;\"><span style=\"font-size: 10pt;\"><span style=\"font-family: verdana, geneva;\"><strong>Luned\u00ec 29:<\/strong><\/span><\/span><\/p>\n<p><a target=\"_blank\" href=\"rubriche\/la-voce-del-paese\/2239-giga-anche-i-politici-di-razza-vanno-a-casa.html\" style=\"text-decoration: underline; color: #980a00;\" rel=\"noopener\">GIGA: ANCHE I POLITICI DI RAZZA VANNO A CASA\u2026<\/a> La satira di Occhiosalato.<\/p>\n<p style=\"text-align: justify;\"><a target=\"_blank\" href=\"cultura\/2240-giornata-nazionale-fidas-in-scena-la-vita.html\" style=\"text-decoration: underline; color: #980a00;\" rel=\"noopener\">GIORNATA NAZIONALE FIDAS: IN SCENA LA VITA!<\/a> <span style=\"font-size: 10pt;\"><span style=\"font-family: verdana, geneva;\">Nello splendido scenario messo a disposizione dal comune di Bari, il\u00a0Teatro Piccinni, la\u00a0FIDAS \u2013 FPDS ha portato in scena l\u2019orgoglio di essere volontari. Per la\u00a0Prima Giornata Nazionale FIDASl\u2019emozione \u00e8 stata la padrona di casa.<\/span><\/span><\/p>\n<p style=\"text-align: justify;\"><a target=\"_blank\" href=\"attualita\/2242-un-amico-a-quattro-zampe-che-cerca-casa.html\" style=\"text-decoration: underline; color: #980a00;\" rel=\"noopener\">UN AMICO A QUATTRO ZAMPE CHE CERCA CASA<\/a> <span style=\"font-size: 10pt;\"><span style=\"font-family: verdana, geneva;\">Un appello a trovare una casa.<\/span><\/span><\/p>\n<p style=\"text-align: justify;\"><a target=\"_blank\" href=\"attualita\/2241-la-coldiretti-celebra-la-festa-del-ringraziamento.html\" style=\"text-decoration: underline; color: #980a00;\" rel=\"noopener\">LA COLDIRETTI CELEBRA LA FESTA DEL RINGRAZIAMENTO<\/a> <span style=\"font-size: 10pt;\"><span style=\"font-family: verdana, geneva;\">Una Chiesa madre gremita di gente ringrazia il Signore per i frutti del racconto e prega per la riuscita della prossima annata.<\/span><\/span><\/p>\n<p style=\"text-align: justify;\"><a target=\"_blank\" href=\"sport\/2243-la-villa-menelao-torna-alla-vittoria.html\" style=\"text-decoration: underline; color: #980a00;\" rel=\"noopener\">LA VILLA MENELAO TORNA ALLA VITTORIA<\/a> <span style=\"font-size: 10pt;\"><span style=\"font-family: verdana, geneva;\">Villa Menelao Turi &#8211; SideOut Castellana 3-0 (25-13, 25-19, 25-20)<\/span><\/span><\/p>\n<p style=\"text-align: justify;\"><a target=\"_blank\" href=\"sport\/2244-sconfitta-amara-delledilizia-coppi-thuriae.html\" style=\"text-decoration: underline; color: #980a00;\" rel=\"noopener\">SCONFITTA AMARA DELL\u2019EDILIZIA COPPI THURIAE<\/a> <span style=\"font-size: 10pt;\"><span style=\"font-family: verdana, geneva;\">Atletico Noicattaro &#8211; Edilizia Coppi Thuriae 3-1 (1-1)<\/span><\/span><\/p>\n<p style=\"text-align: justify;\"><a target=\"_blank\" href=\"attualita\/2246-mastrulli-al-carcere-di-turi.html\" style=\"text-decoration: none; color: #980a00;\" rel=\"noopener\">MASTRULLI IN VISITA AL CARCERE DI TURI<\/a> <span style=\"font-size: 10pt;\"><span style=\"font-family: verdana, geneva;\">Comunicato OSAPP.<\/span><\/span><\/p>\n<p style=\"text-align: justify;\"><a target=\"_blank\" href=\"sport\/2245-il-varese-di-gepi-in-zona-play-off.html\" style=\"text-decoration: underline; color: #980a00;\" rel=\"noopener\">IL VARESE DI GEPI IN ZONA PLAY-OFF<\/a> <span style=\"font-size: 10pt;\"><span style=\"font-family: verdana, geneva;\">Padova \u2013 Varese 2-3 (1-1)<\/span><\/span><\/p>\n<p style=\"text-align: justify;\"><a target=\"_blank\" href=\"politica\/2247-non-ce-piu-bisogno-di-parole.html\" style=\"text-decoration: underline; color: #980a00;\" rel=\"noopener\">NON C&#8217;E&#8217; PIU&#8217; BISOGNO DI PAROLE<\/a> <span style=\"font-size: 10pt;\"><span style=\"font-family: verdana, geneva;\">Avremmo potuto fare come qualche componente dell\u2019opposizione ci ha suggerito: pubblicare un articolo sottoforma di foto notizia. L\u2019immagine soprastante, la relativa didascalia, stop. Sarebbe bastato a trasmettere l\u2019inspiegabile situazione che si sta verificando in Comune. In effetti l\u2019idea ci ha stuzzicato, ma qualche parola, per pura deformazione professionale, la vogliamo mettere nero su bianco.<\/span><\/span><\/p>\n<p style=\"text-align: justify;\"><span style=\"font-size: 10pt;\"><span style=\"font-family: verdana, geneva;\"><br \/><\/span><\/span><\/p>\n<p style=\"text-align: justify;\"><span style=\"font-size: 10pt;\"><span style=\"font-family: verdana, geneva;\"><strong>Marted\u00ec 30:<\/strong><\/span><\/span><\/p>\n<p><a target=\"_blank\" href=\"politica\/2248-a-roma-per-cambiare-litalia.html\" style=\"text-decoration: underline; color: #980a00;\" rel=\"noopener\">11 DICEMBRE: A ROMA PER CAMBIARE L\u2019ITALIA<\/a> Comunicato PD- Turi.<\/p>\n<p style=\"text-align: justify;\"><a target=\"_blank\" href=\"attualita\/2249-articolo-3strategia-zero-rifiuti.html\" style=\"text-decoration: underline; color: #980a00;\" rel=\"noopener\">ARTICOLO 3:&#8217;STRATEGIA ZERO RIFIUTI&#8217;<\/a> <span style=\"font-size: 10pt;\"><span style=\"font-family: verdana, geneva;\">Sabato sera\u00a0\u00abSTRATEGIA ZERO RIFIUTI\u00bb dal principio alla pratica quotidiana.<\/span><\/span><\/p>\n<p style=\"text-align: justify;\"><a target=\"_blank\" href=\"politica\/2250-giuliani-il-centrosinistra-peschi-al-centro.html\" style=\"text-decoration: underline; color: #980a00;\" rel=\"noopener\">GIULIANI: \u201cIL CENTROSINISTRA PESCHI AL CENTRO\u201d<\/a> <span style=\"font-size: 10pt;\"><span style=\"font-family: verdana, geneva;\">Mentre Gigantelli e il centrodestra stanno attraversando un momentaccio, il centrosinistra non gli \u00e8 certo da meno.<\/span><\/span><\/p>\n<p style=\"text-align: justify;\"><a target=\"_blank\" href=\"attualita\/2251-istituita-la-consulta-provinciale-per-la-cerasicoltura.html\" style=\"text-decoration: underline; color: #980a00;\" rel=\"noopener\">CONSULTA PROVINCIALE PER LA CERASICOLTURA<\/a> <span style=\"line-height: 25px;\"><span style=\"font-size: 10pt;\"><span style=\"font-family: verdana, geneva;\">Presentate alcune proposte sui grandi temi della crisi agricola.<\/span><\/span><\/span><\/p>\n<p style=\"text-align: justify;\"><a target=\"_blank\" href=\"sport\/2252-lacqua-amata-ancora-ko.html\" style=\"text-decoration: underline; color: #980a00;\" rel=\"noopener\">PER L\u2019ACQUA AMATA E&#8217; ANCORA KO<\/a> <span style=\"font-size: 10pt;\"><span style=\"font-family: verdana, geneva;\">Giocoleria Asci Potenza &#8211; Acqua Amata Turi 3-1 (25-14, 25-14, 22-25, 25-20).<\/span><\/span><\/p>\n<p><a target=\"_blank\" href=\"attualita\/2253-accordo-bilaterale-per-partecipare-al-pon.html\" style=\"text-decoration: underline; color: #980a00;\" rel=\"noopener\">ACCORDO BILATERALE PER PARTECIPARE AL PON<\/a> <span style=\"font-size: 10pt;\"><span style=\"font-family: verdana, geneva;\">Comune e scuola si candidano per ricevere finanziamenti europei.<\/span><\/span><\/p>\n<p><span style=\"font-size: 10pt;\"><span style=\"font-family: verdana, geneva;\"><br \/><\/span><\/span><\/p>\n<p style=\"text-align: justify;\"><span style=\"font-size: 10pt;\"><span style=\"font-family: verdana, geneva;\"><strong>Mercoled\u00ec 1 :<\/strong><\/span><\/span><\/p>\n<p style=\"text-align: justify;\"><a target=\"_blank\" href=\"politica\/2254-barcolla-ma-non-cade-la-maggioranza-di-giga.html\" style=\"text-decoration: underline; color: #980a00;\" rel=\"noopener\">BARCOLLA MA NON CADE LA MAGGIORANZA DI GIGA<\/a> Ieri<span style=\"font-size: 10pt;\"><span style=\"font-family: verdana, geneva;\">, 30 novembre 2010, seduta fiume del Consiglio comunale: dalla mattina al pomeriggio inoltrato. Vincenzo Gigantelli tiene duro. La sua amministrazione resiste, anche se ad ogni seduta di Consiglio sembra scricchiolare sempre pi\u00f9.<\/span><\/span><\/p>\n<p style=\"text-align: justify;\"><a target=\"_blank\" href=\"attualita\/2256-giornata-mondiale-contro-laids.html\" style=\"text-decoration: underline; color: #980a00;\" rel=\"noopener\">GIORNATA MONDIALE CONTRO L&#8217;AIDS<\/a> <span style=\"font-size: 10pt;\"><span style=\"font-family: verdana, geneva;\">Oggi, 1 dicembre, si celebra la giornata mondiale per la\u00a0lotta contro l&#8217;Aids, istituita nel 1998 da Oms e Onu.\u00a0La data della ricorrenza \u00e8 stata scelta perch\u00e8 il primo caso di AIDS \u00e8 stato diagnosticato il 1\u00ba dicembre 1981.\u00a0Da allora l&#8217;AIDS ha ucciso oltre 25 milioni di persone.<\/span><\/span><\/p>\n<p style=\"text-align: justify;\"><a target=\"_blank\" href=\"attualita\/2255-332-mila-per-il-rifacimento-del-manto-stradale.html\" style=\"text-decoration: underline; color: #980a00;\" rel=\"noopener\">332 MILA \u20ac PER IL RIFACIMENTO DEL MANTO STRADALE<\/a> <span style=\"font-size: 10pt;\"><span style=\"font-family: verdana, geneva;\">La Giunta comunale ha approvato la stima dei costi relativa ai lavori di\u00a0manutenzione ordinaria e straordinaria delle strade comunali interne all\u2019abitato, pari a\u00a0332.453,70 \u20ac.<\/span><\/span><\/p>\n<p style=\"text-align: justify;\"><a target=\"_blank\" href=\"attualita\/2257-conferenza-stampa-nel-carcere-di-turi.html\" style=\"text-decoration: underline; color: #980a00;\" rel=\"noopener\">CONFERENZA STAMPA NEL CARCERE DI TURI<\/a><span style=\"font-size: 10pt;\"><span style=\"font-family: verdana, geneva;\"> Comunicato OSAPP.<\/span><\/span><\/p>\n<p style=\"text-align: justify;\"><a target=\"_blank\" href=\"attualita\/2259-lavori-di-efficientamento-energetico-del-centro-culturale-polivalente.html\" style=\"text-decoration: underline; color: #980a00;\" rel=\"noopener\">LAVORI PER IL CENTRO CULTURALE POLIVALENTE<\/a> <span style=\"font-size: 10pt;\"><span style=\"font-family: verdana, geneva;\">\u00c8 stato approvato dalla giunta comunale il progetto preliminare dell\u2019importo di\u00a01.141.826,00 \u20ac\u00a0relativo ai lavori di\u00a0efficientamento energetico del Centro Culturale Polivalente sito in via Sedile.<\/span><\/span><\/p>\n<p style=\"text-align: justify;\"><a target=\"_blank\" href=\"politica\/2258-pug-qsiamo-nella-fase-risolutivaq.html\" style=\"text-decoration: underline; color: #980a00;\" rel=\"noopener\">PUG, &#8220;SIAMO NELLA FASE RISOLUTIVA&#8221;<\/a> <span style=\"font-size: 10pt;\"><span style=\"font-family: verdana, geneva;\">Un consiglio comunale triste, basso, deludente, sotto molti punti di vista, come quello a cui abbiamo assistito per sette ore e mezza ieri, dalle 9.30 alle 16:00 circa, non l\u2019avevamo mai ascoltato. Per descriverlo impiegheremo diversi articoli, in modo da analizzarne passo dopo passo le fasi salienti.<\/span><\/span><\/p>\n<p style=\"text-align: justify;\"><a target=\"_blank\" href=\"attualita\/2260-ma-quando-arrivano-le-opere-pubbliche.html\" style=\"text-decoration: underline; color: #980a00;\" rel=\"noopener\">MA QUANDO ARRIVANO LE OPERE PUBBLICHE?<\/a> <span style=\"font-size: 10pt;\"><span style=\"font-family: verdana, geneva;\">Riceviamo e pubblichiamo.<\/span><\/span><\/p>\n<p style=\"text-align: justify;\"><a target=\"_blank\" href=\"rubriche\/la-voce-del-paese\/2263-corso-base-di-balli8-caraibici.html\" style=\"text-decoration: underline; color: #980a00;\" rel=\"noopener\">CHI E&#8217; DI SCENA, A DICEMBRE CORSO BASE DI BALLI CARAIBICI<\/a> <span style=\"font-size: 10pt;\"><span style=\"font-family: verdana, geneva;\">Comunicato Accademia di Danza &#8220;Chi \u00e8 di scena!?&#8221;.<\/span><\/span><\/p>\n<p style=\"text-align: justify;\"><a target=\"_blank\" href=\"politica\/2261-bando-minacce-e-denunce-brutto-momento-del-consiglio.html\" style=\"text-decoration: underline; color: #980a00;\" rel=\"noopener\">BANDO E MINACCE. TUTTI I LINK AGLI ARTICOLI<\/a> <span style=\"font-size: 10pt;\"><span style=\"font-family: verdana, geneva;\">Si \u00e8 passati presto a parlare del \u201cBando Bufala\u201d, questione venuta fuori grazie a\u00a0Turiweb\u00a0(compresa la vicenda clamorosa delle minacce a Tina Resta denunciata per la prima volta dalle nostre colonne). Il caso ha mosso delle perplessit\u00e0 sulla limpidezza dell\u2019iter seguito per l&#8217;assegnazione della vittoria di due ditte di Matera e di Bari.<\/span><\/span><\/p>\n<p style=\"text-align: justify;\"><a target=\"_blank\" href=\"politica\/2262-antonio-zita-proviamo-a-fermare-questo-scempio.html\" style=\"text-decoration: underline; color: #980a00;\" rel=\"noopener\">ANTONIO ZITA: \u201cPROVIAMO A FERMARE QUESTO SCEMPIO\u201d<\/a> <span style=\"font-size: 10pt;\"><span style=\"font-family: verdana, geneva;\">La Camera dei deputati ha approvato il disegno di legge Gelmini, al tempo stesso continuano le manifestazioni degli studenti contro la riforma. Per l\u2019approvazione definitiva, adesso il testo passa al Senato. Intanto Maria Stella Gelmini, ministro dell\u2019Istruzione, dichiara che il ddl sar\u00e0 approvato entro il 13 dicembre.<\/span><\/span><\/p>\n<p style=\"text-align: justify;\"><span style=\"font-size: 10pt;\"><span style=\"font-family: verdana, geneva;\"><br \/><\/span><\/span><\/p>\n<p style=\"text-align: justify;\"><span style=\"font-size: 10pt;\"><span style=\"font-family: verdana, geneva;\"><strong>Gioved\u00ec 2: <\/strong><\/span><\/span><\/p>\n<p style=\"text-align: justify;\"><a target=\"_blank\" href=\"cultura\/2264-mario-monicelli-giro-un-film-a-turi.html\" style=\"text-decoration: underline; color: #980a00;\" rel=\"noopener\">MARIO MONICELLI GIRO&#8217; UN FILM A TURI CON MASTROIANNI<\/a> <span style=\"line-height: 25px; font-size: 21px;\"><span style=\"font-size: 10pt;\"><span style=\"font-family: verdana, geneva;\">Gir\u00f2 &#8216;La ragazza con la pistola&#8217; a Polignano e Casanova &#8217;70 a Turi, nella splendida Masseria Caracciolo.<\/span><\/span><\/span><\/p>\n<p style=\"text-align: justify;\"><a target=\"_blank\" href=\"politica\/2265--sgamata-teresita-con-la-sua-canzone-preferita.html\" style=\"text-decoration: underline; color: #980a00;\" rel=\"noopener\">SGAMATA TERESITA CON LA SUA CANZONE PREFERITA<\/a> <span style=\"font-size: 10pt;\"><span style=\"font-family: verdana, geneva;\">Vignetta Occhiosalato.<\/span><\/span><\/p>\n<p style=\"text-align: justify;\"><a target=\"_blank\" href=\"cultura\/2267-5-dicembre-una-fombola-da-favola.html\" style=\"text-decoration: underline; color: #980a00;\" rel=\"noopener\">5 DICEMBRE: &#8216;UNA TOMBOLA DA FAVOLA&#8217;<\/a> <span style=\"font-size: 10pt;\"><span style=\"font-family: verdana, geneva;\">Comunicato associazioni.<\/span><\/span><\/p>\n<p style=\"text-align: justify;\"><a target=\"_blank\" href=\"politica\/2266-scuolabus-e-assunzioni-opposizione-infervorata.html\" style=\"text-decoration: underline; color: #980a00;\" rel=\"noopener\">SCUOLABUS E ASSUNZIONI, OPPOSIZIONE INFERVORATA<\/a> <span style=\"font-size: 10pt;\"><span style=\"font-family: verdana, geneva;\">Durante il Consiglio Comunale di mercoled\u00ec grande importanza \u00e8 stata data alla questione relativa alle quattro assunzioni previste dal Comune di Turi entro il 30 dicembre 2010. I quattro posti da assegnare riguardano un ingegnere, un geometra e due vigili urbani.<\/span><\/span><\/p>\n<p style=\"text-align: justify;\"><a target=\"_blank\" href=\"attualita\/2268-premio-ellisse-pronti-i-premi.html\" style=\"text-decoration: underline; color: #980a00;\" rel=\"noopener\">PREMIO ELLISSE 2010, PRONTI I PREMI PER LE ASSOCIAZIONI<\/a> <span style=\"font-size: 10pt;\"><span style=\"font-family: verdana, geneva;\">Comunicato Putignano nel mondo.<\/span><\/span><\/p>\n<p style=\"text-align: justify;\"><a target=\"_blank\" href=\"attualita\/2269-turi-ladb-pubblica-le-nuove-perimetrazioni.html\" style=\"text-decoration: underline; color: #980a00;\" rel=\"noopener\">TURI: L\u2019ADB PUBBLICA LE NUOVE PERIMETRAZIONI<\/a> <span style=\"font-size: 10pt;\"><span style=\"font-family: verdana, geneva;\">A seguito dei sopralluoghi effettuati nei giorni scorsi dai tecnici dell\u2019Autorit\u00e0 di Bacino, d\u2019intesa con le Amministrazioni Comunali, l&#8217;AdB Puglia ha provveduto alla pubblicazione delle<\/span><span style=\"font-family: verdana, geneva;\"> <span style=\"color: #000000; text-decoration: none;\">nuove perimetrazioni<\/span><\/span><span style=\"font-family: verdana, geneva;\"> ed alla definizione dei livelli di pericolosit\u00e0 nei territori dei Comuni di Statte, Fasano,\u00a0Turi, Secl\u00ec, Ripacandida, Andria, Otranto e Grottaglie.<\/span><\/span><\/p>\n<p style=\"text-align: justify;\"><a target=\"_blank\" href=\"politica\/2270-pug-a-campanella-qualcuno-laveva-previsto.html\" style=\"text-decoration: underline; color: #980a00;\" rel=\"noopener\">PUG A CAMPANELLA. QUALCUNO L&#8217;AVEVA PREVISTO<\/a> <span style=\"font-size: 10pt;\"><span style=\"font-family: verdana, geneva;\">A proposito del \u201cbando bufala\u201d, nel corso dello scorso Consiglio Comunale si sono espressi due esponenti della maggioranza: l\u2019ex vicesindaco Franco D\u2019Addabbo e l\u2019assessore esterno Antonio Tateo.<\/span><\/span><\/p>\n<p style=\"text-align: justify;\"><span style=\"font-size: 10pt;\"><span style=\"font-family: verdana, geneva;\"><br \/><\/span><\/span><\/p>\n<p style=\"text-align: justify;\"><span style=\"font-size: 10pt;\"><span style=\"font-family: verdana, geneva;\"><strong>Venerd\u00ec 3:<\/strong><\/span><\/span><\/p>\n<p style=\"text-align: justify;\"><a style=\"text-decoration: underline; color: #980a00;\" href=\"rubriche\/la-voce-del-paese\/2272-vese-la-madonne-e-vete-a-culche.html\" target=\"_blank\" rel=\"noopener\">V\u00c9SE LA MAD\u00d2NNE E V\u00c9TE A\u2019 C\u00daLCHE\u2026<\/a> <span style=\"font-size: 10pt;\"><span style=\"font-family: verdana, geneva;\">Proverbi turesi.<\/span><\/span><\/p>\n<p><a style=\"text-decoration: underline; color: #980a00;\" href=\"cultura\/2276-natale-in-grotta-vi-edizione.html\" target=\"_blank\" rel=\"noopener\">&#8216;NATALE IN GROTTA&#8217; &#8211; VI EDIZIONE<\/a> Comunicato.<\/p>\n<p style=\"text-align: justify;\"><a style=\"text-decoration: underline; color: #980a00;\" href=\"politica\/2274-mozione-di-sfiducia-consegnata-otto-le-sottoscrizioni.html\" target=\"_blank\" rel=\"noopener\">MOZIONE DI SFIDUCIA. OTTO LE SOTTOSCRIZIONI<\/a> <span style=\"font-size: 10pt;\"><span style=\"font-family: verdana, geneva;\">Nell\u2019ultimo Consiglio comunale, dopo aver concluso i botta e risposta relativi alle comunicazioni, si \u00e8 passati ai punti all\u2019ordine del giorno relativi all\u2019assestamento di Bilancio.<\/span><\/span><\/p>\n<p style=\"text-align: justify;\"><a style=\"text-decoration: underline; color: #980a00;\" href=\"attualita\/2275-sostegno-amministrativo-alla-proposta-di-accorpamento-scolastico.html\" target=\"_blank\" rel=\"noopener\">SOSTEGNO AMMINISTRATIVO ALL&#8217;ACCORPAMENTO SCOLASTICO<\/a> <span style=\"font-size: 10pt;\"><span style=\"font-family: verdana, geneva;\">La giunta comunale di Turi ha preso atto della proposta formulata dai Dirigenti Scolastici della Scuola Primaria C.D. \u201cDe Donato Giannini\u201d e della Scuola Secondaria di I grado \u201cR. Resta\u201d di Turi, di costituire un\u00a0Istituto Comprensivo nel Comune di Turi, come bacino integrato di scuola dell\u2019Infanzia, Scuola Primaria e Scuola Secondaria di I grado.<\/span><\/span><\/p>\n<p style=\"text-align: justify;\"><a style=\"text-decoration: underline; color: #980a00;\" href=\"sport\/2279-la-villa-menelao-turi-va-a-canosa.html\" target=\"_blank\" rel=\"noopener\">LA VILLA MENELAO TURI VA A CANOSA<\/a> <span style=\"font-size: 10pt;\"><span style=\"font-family: verdana, geneva;\">Onetiral\u00e0 Canosa-Trani &#8211; Villa Menelao Turi (sabato ore 18.30, Palazzetto, Canosa)<\/span><\/span><\/p>\n<p style=\"text-align: justify;\"><a style=\"text-decoration: underline; color: #980a00;\" href=\"sport\/2280-lacqua-amata-attende-il-benevento.html\" target=\"_blank\" rel=\"noopener\">L\u2019ACQUA AMATA ATTENDE IL BENEVENTO<\/a> <span style=\"font-size: 10pt;\"><span style=\"font-family: verdana, geneva;\">Acqua Amata Turi &#8211; Accademia Volley Benevento (sabato ore 19, Palazzetto, Turi)<\/span><\/span><\/p>\n<p style=\"text-align: justify;\"><a style=\"text-decoration: underline; color: #980a00;\" href=\"sport\/2281-ledilizia-coppi-thuriae-in-casa-contro-il-bari.html\" target=\"_blank\" rel=\"noopener\">L\u2019EDILIZIA COPPI THURIAE IN CASA CONTRO IL BARI<\/a> <span style=\"font-size: 10pt;\"><span style=\"font-family: verdana, geneva;\">Edilizia Coppi Thuriae &#8211; Futsal Bari (sabato ore 15.30, Palazzetto, Turi)<\/span><\/span><\/p>\n<p style=\"text-align: justify;\"><a style=\"text-decoration: underline; color: #980a00;\" href=\"attualita\/2277-la-tecnolab-si-aggiudica-la-gara-ambienti-per-lapprendimento.html\" target=\"_blank\" rel=\"noopener\">LA TECNOLAB SI AGGIUDICA LA GARA PON F.E.S.R.<\/a><span style=\"font-size: 10pt;\"><span style=\"font-family: verdana, geneva;\"> L\u2019aggiudicazione definitiva della gara, per la fornitura, posa in opera, installazione e collaudo di un laboratorio scientifico per la Scuola Primaria, finanziato dal\u00a0Programma Operativo Nazionale F.E.S.R. \u201cAmbienti per l\u2019apprendimento\u201d: Obiettivo B Codice 1.A \u2013 F.E.S.R. \u2013 2008 \u2013 243 (Laboratori e strumenti per l\u2019apprendimento delle competenze di base nelle istituzioni scolastiche del I ciclo \u2013 Matematica e scienze), \u00e8 stata vinta dalla Ditta TECNOLAB di Locorotondo (BA).<\/span><\/span><\/p>\n<p style=\"text-align: justify;\"><a style=\"text-decoration: underline; color: #980a00;\" href=\"attualita\/2278-crisi-economica-e-federalismo-incontro-in-comune.html\" target=\"_blank\" rel=\"noopener\">CRISI ECONOMICA E FEDERALISMO. INCONTRO<\/a><span style=\"font-size: 10pt;\"><span style=\"font-family: verdana, geneva;\"> Ieri pomeriggio nella sala giunta del Palazzo di Citt\u00e0 si \u00e8 svolto un incontro-dibattito sulla crisi economica e federalismo fiscale e le soluzioni per il Mezzogiorno, organizzato dal consigliere comunale Natalino Ventrella e dal costituendo laboratorio politico \u201cAlcide De Gasperi\u201d.<\/span><\/span><\/p>\n<p style=\"text-align: justify;\"><span style=\"font-family: verdana, geneva; font-size: small;\"><span><br \/><\/span><\/span><\/p>\n<p style=\"text-align: justify;\"><span style=\"font-size: 10pt;\"><span style=\"font-family: verdana, geneva;\"><strong>Sabato 4:<\/strong><\/span><\/span><\/p>\n<p style=\"text-align: justify;\"><a style=\"text-decoration: underline; color: #980a00;\" href=\"attualita\/2282-via-domenico-elefante-i-commercianti-si-ribellano.html\" target=\"_blank\" rel=\"noopener\">VIA DOMENICO ELEFANTE: I COMMERCIANTI SI RIBELLANO<\/a> <span style=\"font-size: 10pt;\"><span style=\"font-family: verdana, geneva;\">Da alcuni giorni sono stati eseguiti i lavori di ammodernamento delle aree di parcheggio di via Domenico Elefante: si potr\u00e0 ora sostare solo sul lato destro venendo da via Casamassima.<\/span><\/span><\/p>\n<p style=\"text-align: justify;\"><a style=\"text-decoration: underline; color: #980a00;\" href=\"attualita\/2283-bullismo-anche-il-nostro-paese-ne-soffre.html\" target=\"_blank\" rel=\"noopener\">BULLISMO, ANCHE IL NOSTRO PAESE NE SOFFRE<\/a> <span style=\"font-size: 10pt;\"><span style=\"font-family: verdana, geneva;\">Gli ultimi fatti di cronaca hanno portato alla luce una problematica adolescenziale sottovalutata da molti, soprattutto da genitori e insegnanti: il\u00a0bullismo.<\/span><\/span><\/p>\n<p style=\"text-align: justify;\"><a style=\"text-decoration: underline; color: #980a00;\" href=\"attualita\/2284--insediata-la-consulta-provinciale-per-la-cerasicoltura.html\" target=\"_blank\" rel=\"noopener\">CONSULTA PROVINCIALE PER LA CERASICOLTURA<\/a> <span style=\"font-size: 10pt;\"><span style=\"font-family: verdana, geneva;\">Pubblichiamo una nota tratta dal profilo di Facebook di Biagio Elefante (IDV).<\/span><\/span><\/p>\n<p><a style=\"text-decoration: underline; color: #980a00;\" href=\"attualita\/2286-le-assunzioni-che-il-comune-non-si-puo-permettere.html\" target=\"_blank\" rel=\"noopener\">LE ASSUNZIONI CHE IL COMUNE NON SI PUO\u2019 PERMETTERE<\/a> Riceviamo e Pubblichiamo.<\/p>\n","protected":false},"excerpt":{"rendered":"<p><img loading=\"lazy\" decoding=\"async\" class=\" size-full wp-image-3200\" alt=\"Postit\" height=\"150\" width=\"320\" src=\"https:\/\/archivioturi.lavocedelpaese.info\/wp-content\/uploads\/2010\/10\/Postit.jpg\" srcset=\"https:\/\/archivioturi.lavocedelpaese.info\/wp-content\/uploads\/2010\/10\/Postit.jpg 640w, https:\/\/archivioturi.lavocedelpaese.info\/wp-content\/uploads\/2010\/10\/Postit-300x141.jpg 300w\" sizes=\"auto, (max-width: 320px) 100vw, 320px\" \/> <\/p>\n","protected":false},"author":1,"featured_media":3200,"comment_status":"open","ping_status":"closed","sticky":false,"template":"","format":"standard","meta":{"colormag_page_container_layout":"default_layout","colormag_page_sidebar_layout":"default_layout","footnotes":""},"categories":[9],"tags":[],"class_list":["post-3732","post","type-post","status-publish","format-standard","has-post-thumbnail","hentry","category-la-voce-del-paese"],"_links":{"self":[{"href":"https:\/\/archivioturi.lavocedelpaese.info\/index.php\/wp-json\/wp\/v2\/posts\/3732","targetHints":{"allow":["GET"]}}],"collection":[{"href":"https:\/\/archivioturi.lavocedelpaese.info\/index.php\/wp-json\/wp\/v2\/posts"}],"about":[{"href":"https:\/\/archivioturi.lavocedelpaese.info\/index.php\/wp-json\/wp\/v2\/types\/post"}],"author":[{"embeddable":true,"href":"https:\/\/archivioturi.lavocedelpaese.info\/index.php\/wp-json\/wp\/v2\/users\/1"}],"replies":[{"embeddable":true,"href":"https:\/\/archivioturi.lavocedelpaese.info\/index.php\/wp-json\/wp\/v2\/comments?post=3732"}],"version-history":[{"count":0,"href":"https:\/\/archivioturi.lavocedelpaese.info\/index.php\/wp-json\/wp\/v2\/posts\/3732\/revisions"}],"wp:featuredmedia":[{"embeddable":true,"href":"https:\/\/archivioturi.lavocedelpaese.info\/index.php\/wp-json\/wp\/v2\/media\/3200"}],"wp:attachment":[{"href":"https:\/\/archivioturi.lavocedelpaese.info\/index.php\/wp-json\/wp\/v2\/media?parent=3732"}],"wp:term":[{"taxonomy":"category","embeddable":true,"href":"https:\/\/archivioturi.lavocedelpaese.info\/index.php\/wp-json\/wp\/v2\/categories?post=3732"},{"taxonomy":"post_tag","embeddable":true,"href":"https:\/\/archivioturi.lavocedelpaese.info\/index.php\/wp-json\/wp\/v2\/tags?post=3732"}],"curies":[{"name":"wp","href":"https:\/\/api.w.org\/{rel}","templated":true}]}}