{"id":373,"date":"2009-09-18T22:52:42","date_gmt":"2009-09-18T22:52:42","guid":{"rendered":"https:\/\/archivioturi.lavocedelpaese.info\/index.php\/2009\/09\/18\/santi-medici-essenza-o-cassa\/"},"modified":"2009-09-18T22:52:42","modified_gmt":"2009-09-18T22:52:42","slug":"santi-medici-essenza-o-cassa","status":"publish","type":"post","link":"https:\/\/archivioturi.lavocedelpaese.info\/index.php\/2009\/09\/18\/santi-medici-essenza-o-cassa\/","title":{"rendered":"I SANTI MEDICI? ESSENZA O&#8230;"},"content":{"rendered":"<p><img loading=\"lazy\" decoding=\"async\" class=\" size-full wp-image-371\" alt=\"manifestosantimedici3\" src=\"https:\/\/archivioturi.lavocedelpaese.info\/wp-content\/uploads\/2009\/09\/manifestosantimedici3.jpg\" height=\"156\" width=\"320\" srcset=\"https:\/\/archivioturi.lavocedelpaese.info\/wp-content\/uploads\/2009\/09\/manifestosantimedici3.jpg 410w, https:\/\/archivioturi.lavocedelpaese.info\/wp-content\/uploads\/2009\/09\/manifestosantimedici3-300x146.jpg 300w\" sizes=\"auto, (max-width: 320px) 100vw, 320px\" \/> <\/p>\n<div style=\"text-align: justify;\">Come si pu\u00f2 notare passeggiando per Turi e sul sito parrocchiausiliatrice.it, quest&#8217;anno, per la prima volta dopo decenni, non sono previsti i festeggiamenti &#8220;esterni&#8221; in onore dei Santi Cosma e Damiano, i Santi Medici. <\/p>\n<p>La novena in loro onore, come da tradizione, \u00e8 cominciata ieri, e le processioni ci saranno con\u00a0 la cadenza di sempre. Ci\u00f2 che non ci sar\u00e0, \u00e8 la banda, la cassa armonica, le illuminazioni, le sagre che da anni accompagnano questi festeggiamenti, insomma, mancher\u00e0 la festa &#8220;civile&#8221; che accompagna la devozione per i Santi Medici.<\/p>\n<p>&#8220;La tradizione e la festa sono espressioni gioiose della societ\u00e0&#8230; La preghiera, la fede e la devozione sono testimonianza di una matura cristianit\u00e0&#8221;, si legge, a firma del parroco della Chiesa Maria Ausiliatrice, don Maurizio Caldararo.<\/p>\n<p>Frasi assolutamente condivisibili.<\/p>\n<p>Resta tuttavia da chiedersi se la riduzione dei festeggiamenti all&#8217;essenziale sia una scelta di ritorno alla essenza del Vangelo, oppure sia una scelta &#8220;forzata&#8221; dovuta all&#8217;esaurimento dei fondi. <\/p>\n<p>Cosa ne pensate?<\/p><\/div>\n<div style=\"text-align: justify;\"><\/div>\n<div style=\"text-align: justify;\"><\/div>\n<p style=\"text-align: center;\"><img loading=\"lazy\" decoding=\"async\" class=\" size-full wp-image-372\" alt=\"manifestosantimedici4\" src=\"https:\/\/archivioturi.lavocedelpaese.info\/wp-content\/uploads\/2009\/09\/manifestosantimedici4.jpg\" height=\"614\" width=\"434\" srcset=\"https:\/\/archivioturi.lavocedelpaese.info\/wp-content\/uploads\/2009\/09\/manifestosantimedici4.jpg 434w, https:\/\/archivioturi.lavocedelpaese.info\/wp-content\/uploads\/2009\/09\/manifestosantimedici4-212x300.jpg 212w\" sizes=\"auto, (max-width: 434px) 100vw, 434px\" \/><\/p>\n","protected":false},"excerpt":{"rendered":"<p><img loading=\"lazy\" decoding=\"async\" class=\" size-full wp-image-371\" alt=\"manifestosantimedici3\" src=\"https:\/\/archivioturi.lavocedelpaese.info\/wp-content\/uploads\/2009\/09\/manifestosantimedici3.jpg\" height=\"156\" width=\"320\" srcset=\"https:\/\/archivioturi.lavocedelpaese.info\/wp-content\/uploads\/2009\/09\/manifestosantimedici3.jpg 410w, https:\/\/archivioturi.lavocedelpaese.info\/wp-content\/uploads\/2009\/09\/manifestosantimedici3-300x146.jpg 300w\" sizes=\"auto, (max-width: 320px) 100vw, 320px\" \/> <\/p>\n","protected":false},"author":1,"featured_media":371,"comment_status":"open","ping_status":"closed","sticky":false,"template":"","format":"standard","meta":{"colormag_page_container_layout":"default_layout","colormag_page_sidebar_layout":"default_layout","footnotes":""},"categories":[7],"tags":[],"class_list":["post-373","post","type-post","status-publish","format-standard","has-post-thumbnail","hentry","category-attualita"],"_links":{"self":[{"href":"https:\/\/archivioturi.lavocedelpaese.info\/index.php\/wp-json\/wp\/v2\/posts\/373","targetHints":{"allow":["GET"]}}],"collection":[{"href":"https:\/\/archivioturi.lavocedelpaese.info\/index.php\/wp-json\/wp\/v2\/posts"}],"about":[{"href":"https:\/\/archivioturi.lavocedelpaese.info\/index.php\/wp-json\/wp\/v2\/types\/post"}],"author":[{"embeddable":true,"href":"https:\/\/archivioturi.lavocedelpaese.info\/index.php\/wp-json\/wp\/v2\/users\/1"}],"replies":[{"embeddable":true,"href":"https:\/\/archivioturi.lavocedelpaese.info\/index.php\/wp-json\/wp\/v2\/comments?post=373"}],"version-history":[{"count":0,"href":"https:\/\/archivioturi.lavocedelpaese.info\/index.php\/wp-json\/wp\/v2\/posts\/373\/revisions"}],"wp:featuredmedia":[{"embeddable":true,"href":"https:\/\/archivioturi.lavocedelpaese.info\/index.php\/wp-json\/wp\/v2\/media\/371"}],"wp:attachment":[{"href":"https:\/\/archivioturi.lavocedelpaese.info\/index.php\/wp-json\/wp\/v2\/media?parent=373"}],"wp:term":[{"taxonomy":"category","embeddable":true,"href":"https:\/\/archivioturi.lavocedelpaese.info\/index.php\/wp-json\/wp\/v2\/categories?post=373"},{"taxonomy":"post_tag","embeddable":true,"href":"https:\/\/archivioturi.lavocedelpaese.info\/index.php\/wp-json\/wp\/v2\/tags?post=373"}],"curies":[{"name":"wp","href":"https:\/\/api.w.org\/{rel}","templated":true}]}}