{"id":3642,"date":"2010-11-25T07:06:34","date_gmt":"2010-11-25T07:06:34","guid":{"rendered":"https:\/\/archivioturi.lavocedelpaese.info\/index.php\/2010\/11\/25\/lorenzo-gassi-vince-il-premio-della-critica-a-martina\/"},"modified":"2010-11-25T07:06:34","modified_gmt":"2010-11-25T07:06:34","slug":"lorenzo-gassi-vince-il-premio-della-critica-a-martina","status":"publish","type":"post","link":"https:\/\/archivioturi.lavocedelpaese.info\/index.php\/2010\/11\/25\/lorenzo-gassi-vince-il-premio-della-critica-a-martina\/","title":{"rendered":"LORENZO GASSI VINCE IL PREMIO DELLA CRITICA A MARTINA"},"content":{"rendered":"<p><img loading=\"lazy\" decoding=\"async\" class=\" size-full wp-image-3638\" alt=\"gassi_2\" height=\"150\" width=\"320\" src=\"https:\/\/archivioturi.lavocedelpaese.info\/wp-content\/uploads\/2010\/11\/gassi_2.jpg\" srcset=\"https:\/\/archivioturi.lavocedelpaese.info\/wp-content\/uploads\/2010\/11\/gassi_2.jpg 640w, https:\/\/archivioturi.lavocedelpaese.info\/wp-content\/uploads\/2010\/11\/gassi_2-300x141.jpg 300w\" sizes=\"auto, (max-width: 320px) 100vw, 320px\" \/> <\/p>\n<p style=\"text-align: justify;\"><span style=\"font-size: 10pt;\"><span style=\"font-family: verdana, geneva;\">Si \u00e8 conclusa sabato scorso la cerimonia di premiazione del primo concorso \u201d<strong>S. Martino di Tours &#8211; Mostra d&#8217;Arte Sacra e\/o paesaggi rurali di Martina Franca<\/strong>\u201d, a cura dell\u2019associazione culturale locale \u201c<strong>Artemozioni<\/strong>\u201d, presso il Palazzo della Societ\u00e0 Operaia in Piazza Maria Immacolata.<\/span><\/span><\/p>\n<p><span style=\"font-size: 10pt;\"><span style=\"font-family: verdana, geneva;\"><img loading=\"lazy\" decoding=\"async\" class=\" alignleft size-full wp-image-3639\" src=\"https:\/\/archivioturi.lavocedelpaese.info\/wp-content\/uploads\/2010\/11\/gassi_1.jpg\" width=\"380\" height=\"390\" alt=\"gassi_1\" style=\"margin-top: 10px; margin-right: 10px; margin-bottom: 10px; float: left;\" \/> <\/span><\/span><\/p>\n<div style=\"text-align: justify;\"><span style=\"font-size: 10pt;\"><span style=\"font-family: verdana, geneva;\">Il <strong>pittore Lorenzo Gassi<\/strong>, nostro compaesano, ha ricevuto il <strong>Premio speciale della critica<\/strong> sezione pittura &#8211; paesaggi rurali, con un\u2019opera dal titolo \u201c<strong>Notte bianca in Valle d\u2019Itria- Notturno<\/strong>\u201d (tecnica: olio su tela; cm.80&#215;80).<\/span><\/span><\/div>\n<p style=\"text-align: justify;\"><span style=\"font-size: 13px; font-family: verdana, geneva;\">Il \u201cNotturno\u201d vincente rappresenta un viaggio nell\u2019immaginario.<\/span><\/p>\n<p style=\"text-align: justify;\"><span style=\"font-size: 10pt;\"><span style=\"font-family: verdana, geneva;\">Il mondo di Gassi \u00e8 s\u00ec un mondo di favola, ma essa \u00e8 reale, perch\u00e9 legata alle nostre radici storico-culturali. In contrapposizione allo scempio ambientale ed architettonico degli ultimi tempi, egli propone un revival storico, intriso di pittura, musica, poesia e racconti, contemporaneamente.<\/span><\/span><\/p>\n<p style=\"text-align: justify;\"><span style=\"font-size: 13px; font-family: verdana, geneva;\">La linea \u00e8 morbida, ritmica, i colori luminosi e caldi.<\/span><\/p>\n<p><span style=\"font-size: 10pt;\"><span style=\"font-family: verdana, geneva;\"><img loading=\"lazy\" decoding=\"async\" class=\" alignright size-full wp-image-3640\" style=\"margin-top: 10px; margin-bottom: 10px; margin-left: 10px; float: right;\" alt=\"gassi_3\" height=\"236\" width=\"348\" src=\"https:\/\/archivioturi.lavocedelpaese.info\/wp-content\/uploads\/2010\/11\/gassi_3.jpg\" \/><\/span><\/span><\/p>\n<div style=\"text-align: justify;\"><span style=\"font-size: 10pt;\"><span style=\"font-family: verdana, geneva;\">Le campiture incorniciano suggestivi istanti del ritmo della vita. Ed ecco, infatti, che come quadri nel quadro, si susseguono vivaci figurine danzanti, architetture quasi fantastiche ma a noi note come i trulli della Valle D\u2019Itria, che popolano e sovrastano la nostra terra, apprezzati in tutto il mondo. Vari sono gli influssi architettonici citati, dal normanno al barocco. Gli spiritelli fatati danzano a ritmo della pizzica e della taranta. Il girasole imponente rappresenta la speranza nel buio. Nei suoi dipinti immaginifici c\u2019\u00e8 sempre un\u2019impronta di speranza, di riflessione. Gassi lancia il suo messaggio di luce, non crede nell\u2019oscurit\u00e0. Ci\u00f2 che appare \u00e8 una visione notturna ma non si pu\u00f2 credere ad un mondo senza colori perch\u00e9 Dio non lo ha creato in bianco e nero. Il buio \u00e8 anche l\u2019insieme delle nostre paure infantili, dei racconti mostruosi che l\u2019artista supera nell\u2019affermazione del girasole-luce interiore nonostante un apparente \u201cNotturno\u201d.<\/span><\/span><\/div>\n<p><img loading=\"lazy\" decoding=\"async\" class=\" alignleft size-full wp-image-3641\" src=\"https:\/\/archivioturi.lavocedelpaese.info\/wp-content\/uploads\/2010\/11\/gassi_4.jpg\" style=\"margin-top: 10px; margin-right: 10px; margin-bottom: 10px; float: left;\" alt=\"gassi_4\" height=\"236\" width=\"348\" \/><\/p>\n<p style=\"text-align: justify;\"><span style=\"font-size: 13px; font-family: verdana, geneva;\">Lorenzo Gassi non \u00e8 d\u2019accordo con i mercanti e i critici d\u2019arte che affermano che il figurato sia stato superato dall\u2019arte concettuale, dall\u2019astrattismo o dal digitale.<\/span><\/p>\n<div style=\"text-align: justify;\"><span style=\"font-size: 10pt;\"><span style=\"font-family: verdana, geneva;\">\u201cIl mondo \u00e8 figura, immagine di cui noi siamo continuamente partecipi. Guardiamoci intorno. I musei sono ancora visitati. \u00c9 lo stile figurativo che attraverso i maestri del passato ci ha trasmesso usi, costumi e stili di vita lontani.\u201d<\/span><\/span><\/div>\n<p>\u00a0<\/p>\n","protected":false},"excerpt":{"rendered":"<p><img loading=\"lazy\" decoding=\"async\" class=\" size-full wp-image-3638\" alt=\"gassi_2\" height=\"150\" width=\"320\" src=\"https:\/\/archivioturi.lavocedelpaese.info\/wp-content\/uploads\/2010\/11\/gassi_2.jpg\" srcset=\"https:\/\/archivioturi.lavocedelpaese.info\/wp-content\/uploads\/2010\/11\/gassi_2.jpg 640w, https:\/\/archivioturi.lavocedelpaese.info\/wp-content\/uploads\/2010\/11\/gassi_2-300x141.jpg 300w\" sizes=\"auto, (max-width: 320px) 100vw, 320px\" \/> <\/p>\n","protected":false},"author":1,"featured_media":3638,"comment_status":"open","ping_status":"closed","sticky":false,"template":"","format":"standard","meta":{"colormag_page_container_layout":"default_layout","colormag_page_sidebar_layout":"default_layout","footnotes":""},"categories":[6],"tags":[],"class_list":["post-3642","post","type-post","status-publish","format-standard","has-post-thumbnail","hentry","category-cultura"],"_links":{"self":[{"href":"https:\/\/archivioturi.lavocedelpaese.info\/index.php\/wp-json\/wp\/v2\/posts\/3642","targetHints":{"allow":["GET"]}}],"collection":[{"href":"https:\/\/archivioturi.lavocedelpaese.info\/index.php\/wp-json\/wp\/v2\/posts"}],"about":[{"href":"https:\/\/archivioturi.lavocedelpaese.info\/index.php\/wp-json\/wp\/v2\/types\/post"}],"author":[{"embeddable":true,"href":"https:\/\/archivioturi.lavocedelpaese.info\/index.php\/wp-json\/wp\/v2\/users\/1"}],"replies":[{"embeddable":true,"href":"https:\/\/archivioturi.lavocedelpaese.info\/index.php\/wp-json\/wp\/v2\/comments?post=3642"}],"version-history":[{"count":0,"href":"https:\/\/archivioturi.lavocedelpaese.info\/index.php\/wp-json\/wp\/v2\/posts\/3642\/revisions"}],"wp:featuredmedia":[{"embeddable":true,"href":"https:\/\/archivioturi.lavocedelpaese.info\/index.php\/wp-json\/wp\/v2\/media\/3638"}],"wp:attachment":[{"href":"https:\/\/archivioturi.lavocedelpaese.info\/index.php\/wp-json\/wp\/v2\/media?parent=3642"}],"wp:term":[{"taxonomy":"category","embeddable":true,"href":"https:\/\/archivioturi.lavocedelpaese.info\/index.php\/wp-json\/wp\/v2\/categories?post=3642"},{"taxonomy":"post_tag","embeddable":true,"href":"https:\/\/archivioturi.lavocedelpaese.info\/index.php\/wp-json\/wp\/v2\/tags?post=3642"}],"curies":[{"name":"wp","href":"https:\/\/api.w.org\/{rel}","templated":true}]}}