{"id":3630,"date":"2010-11-23T13:34:18","date_gmt":"2010-11-23T13:34:18","guid":{"rendered":"https:\/\/archivioturi.lavocedelpaese.info\/index.php\/2010\/11\/23\/la-nuova-pro-loco-per-il-telefono-azzurro-foto\/"},"modified":"2010-11-23T13:34:18","modified_gmt":"2010-11-23T13:34:18","slug":"la-nuova-pro-loco-per-il-telefono-azzurro-foto","status":"publish","type":"post","link":"https:\/\/archivioturi.lavocedelpaese.info\/index.php\/2010\/11\/23\/la-nuova-pro-loco-per-il-telefono-azzurro-foto\/","title":{"rendered":"LA NUOVA PRO LOCO HA ACCESO L\u2019AZZURRO. Foto"},"content":{"rendered":"<p><img loading=\"lazy\" decoding=\"async\" class=\" size-full wp-image-3629\" alt=\"telefono_azzurro08\" height=\"150\" width=\"320\" src=\"https:\/\/archivioturi.lavocedelpaese.info\/wp-content\/uploads\/2010\/11\/telefono_azzurro08.jpg\" srcset=\"https:\/\/archivioturi.lavocedelpaese.info\/wp-content\/uploads\/2010\/11\/telefono_azzurro08.jpg 640w, https:\/\/archivioturi.lavocedelpaese.info\/wp-content\/uploads\/2010\/11\/telefono_azzurro08-300x141.jpg 300w\" sizes=\"auto, (max-width: 320px) 100vw, 320px\" \/> <\/p>\n<p style=\"text-align: justify;\"><span style=\"font-size: 10pt;\"><span style=\"font-family: verdana, geneva;\">Eccellente risultato per l\u2019iniziativa nazionale <strong>\u201cAccendi l\u2019Azzurro\u201d<\/strong> del 20-21 novembre scorsi, organizzata da <strong>Telefono Azzurro Onlus,<\/strong> a cui la Nuova Pro Loco ha aderito con grande entusiasmo. \u00c9 stata venduta, infatti, una quantit\u00e0 di candele pari al fatturato che si sarebbe raggiunto in un centro di dimensioni medio &#8211; grandi.<\/span><\/span><\/p>\n<p style=\"text-align: justify;\"><span style=\"font-size: 10pt;\"><span style=\"font-family: verdana, geneva;\">Un risultato umano pi\u00f9 che economico, segno che i valori, la fiducia e la disponibilit\u00e0 nei confronti dei bambini sono stati accolti e recepiti dalle famiglie turesi.<\/span><\/span><\/p>\n<p style=\"text-align: justify;\"><span style=\"font-size: 10pt;\"><span style=\"font-family: verdana, geneva;\">Un gesto importante che pu\u00f2 diventare punto di riferimento per i molti bambini, troppi che vivono forti disagi, non denunciati e non denunciabili, non gridati al mondo, per mancanza di mezzi, ma che ora sanno che possono sentirsi amati da adulti che hanno dato una dimostrazione di solidariet\u00e0, con poco, ma allo stesso tempo, molto: la luce di una candela che ridona la speranza in una vita diversa, pi\u00f9 sana, pi\u00f9 tranquilla, a misura di bimbo.<\/span><\/span><\/p>\n<p style=\"text-align: justify;\"><span style=\"font-size: 10pt;\"><span style=\"font-family: verdana, geneva;\">I fondi raccolti contribuiranno a sostenere grandi battaglie: la violenza domestica (abuso psicologico, fisico e sessuale), la pedopornografia on line, il bullismo, lo sfruttamento del lavoro minorile, la scomparsa di minori\u2026<\/span><\/span><\/p>\n<p style=\"text-align: justify;\"><span style=\"font-size: 10pt;\"><span style=\"font-family: verdana, geneva;\">\u201c\u00c9 la prima volta che Telefono Azzurro \u00e8 presente a Turi con questa campagna di solidariet\u00e0 a favore dei pi\u00f9 piccoli\u201d, \u00e8 intervenuta la segretaria della Pro Loco Rina Spinelli \u201c\u00c9 stato bello leggere i commenti dei bambini, tutti positivi, carichi della fiducia che iniziative come questa possano realmente contribuire alla crescita del Telefono Azzurro\u201d.<\/span><\/span><\/p>\n<p style=\"text-align: justify;\"><span style=\"font-size: 10pt;\"><span style=\"font-family: verdana, geneva;\">Tra gustosissime caramelle, palloncini colorati, il sorriso e l\u2019animazione del simpatico clown Giovanna, si sono avvicinati anche i pi\u00f9 piccini.<\/span><\/span><\/p>\n<p style=\"text-align: justify;\"><span style=\"font-size: 10pt;\"><span style=\"font-family: verdana, geneva;\">I bambini si sono sentiti protagonisti e si sono divertiti tra le varie bolle di sapone che volteggiavano felici per via XX settembre.<\/span><\/span><\/p>\n<p style=\"text-align: justify;\"><span style=\"font-size: 10pt;\"><span style=\"font-family: verdana, geneva;\">La Nuova Pro Loco ringrazia tutte le persone che si sono adoperate per la riuscita della manifestazione, la Polizia Municipale per la disponibilit\u00e0 e la collaborazione, l\u2019Amministrazione Comunale e soprattutto l\u2019animatrice Giovanna, sua attiva collaboratrice.<\/span><\/span><\/p>\n<p style=\"text-align: justify;\">Link correlato:\u00a0<a target=\"_blank\" href=\"attualita\/2190-la-nuova-pro-loco-aiuta-il-telefono-azzurro.html\" style=\"text-decoration: underline; color: #980a00;\" rel=\"noopener\">LA NUOVA PRO LOCO AIUTA IL TELEFONO AZZURRO<\/a><\/p>\n<p><object data=\"http:\/\/picasaweb.google.com\/s\/c\/bin\/slideshow.swf\" type=\"application\/x-shockwave-flash\" height=\"660\" width=\"660\"><param name=\"flashvars\" value=\"host=picasaweb.google.com&amp;hl=it&amp;feat=flashalbum&amp;RGB=0x000000&amp;feed=http%3A%2F%2Fpicasaweb.google.com%2Fdata%2Ffeed%2Fapi%2Fuser%2Fredazioneturiweb%2Falbumid%2F5542736973657611905%3Falt%3Drss%26kind%3Dphoto%26hl%3Dit\" \/><param name=\"src\" value=\"http:\/\/picasaweb.google.com\/s\/c\/bin\/slideshow.swf\" \/><\/object><\/p>\n","protected":false},"excerpt":{"rendered":"<p><img loading=\"lazy\" decoding=\"async\" class=\" size-full wp-image-3629\" alt=\"telefono_azzurro08\" height=\"150\" width=\"320\" src=\"https:\/\/archivioturi.lavocedelpaese.info\/wp-content\/uploads\/2010\/11\/telefono_azzurro08.jpg\" srcset=\"https:\/\/archivioturi.lavocedelpaese.info\/wp-content\/uploads\/2010\/11\/telefono_azzurro08.jpg 640w, https:\/\/archivioturi.lavocedelpaese.info\/wp-content\/uploads\/2010\/11\/telefono_azzurro08-300x141.jpg 300w\" sizes=\"auto, (max-width: 320px) 100vw, 320px\" \/> <\/p>\n","protected":false},"author":1,"featured_media":3629,"comment_status":"open","ping_status":"closed","sticky":false,"template":"","format":"standard","meta":{"colormag_page_container_layout":"default_layout","colormag_page_sidebar_layout":"default_layout","footnotes":""},"categories":[7],"tags":[],"class_list":["post-3630","post","type-post","status-publish","format-standard","has-post-thumbnail","hentry","category-attualita"],"_links":{"self":[{"href":"https:\/\/archivioturi.lavocedelpaese.info\/index.php\/wp-json\/wp\/v2\/posts\/3630","targetHints":{"allow":["GET"]}}],"collection":[{"href":"https:\/\/archivioturi.lavocedelpaese.info\/index.php\/wp-json\/wp\/v2\/posts"}],"about":[{"href":"https:\/\/archivioturi.lavocedelpaese.info\/index.php\/wp-json\/wp\/v2\/types\/post"}],"author":[{"embeddable":true,"href":"https:\/\/archivioturi.lavocedelpaese.info\/index.php\/wp-json\/wp\/v2\/users\/1"}],"replies":[{"embeddable":true,"href":"https:\/\/archivioturi.lavocedelpaese.info\/index.php\/wp-json\/wp\/v2\/comments?post=3630"}],"version-history":[{"count":0,"href":"https:\/\/archivioturi.lavocedelpaese.info\/index.php\/wp-json\/wp\/v2\/posts\/3630\/revisions"}],"wp:featuredmedia":[{"embeddable":true,"href":"https:\/\/archivioturi.lavocedelpaese.info\/index.php\/wp-json\/wp\/v2\/media\/3629"}],"wp:attachment":[{"href":"https:\/\/archivioturi.lavocedelpaese.info\/index.php\/wp-json\/wp\/v2\/media?parent=3630"}],"wp:term":[{"taxonomy":"category","embeddable":true,"href":"https:\/\/archivioturi.lavocedelpaese.info\/index.php\/wp-json\/wp\/v2\/categories?post=3630"},{"taxonomy":"post_tag","embeddable":true,"href":"https:\/\/archivioturi.lavocedelpaese.info\/index.php\/wp-json\/wp\/v2\/tags?post=3630"}],"curies":[{"name":"wp","href":"https:\/\/api.w.org\/{rel}","templated":true}]}}