{"id":363,"date":"2009-09-15T07:13:14","date_gmt":"2009-09-15T07:13:14","guid":{"rendered":"https:\/\/archivioturi.lavocedelpaese.info\/index.php\/2009\/09\/15\/si-riapre-lanno-scolastico\/"},"modified":"2009-09-15T07:13:14","modified_gmt":"2009-09-15T07:13:14","slug":"si-riapre-lanno-scolastico","status":"publish","type":"post","link":"https:\/\/archivioturi.lavocedelpaese.info\/index.php\/2009\/09\/15\/si-riapre-lanno-scolastico\/","title":{"rendered":"SI RIAPRE L&#8217;ANNO SCOLASTICO"},"content":{"rendered":"<p><img loading=\"lazy\" decoding=\"async\" class=\" size-full wp-image-362\" alt=\"zainetto\" src=\"https:\/\/archivioturi.lavocedelpaese.info\/wp-content\/uploads\/2009\/09\/zainetto.jpg\" width=\"320\" height=\"156\" srcset=\"https:\/\/archivioturi.lavocedelpaese.info\/wp-content\/uploads\/2009\/09\/zainetto.jpg 410w, https:\/\/archivioturi.lavocedelpaese.info\/wp-content\/uploads\/2009\/09\/zainetto-300x146.jpg 300w\" sizes=\"auto, (max-width: 320px) 100vw, 320px\" \/><\/p>\n<h4 style=\"text-align: justify;\">E\u2019 sempre un\u2019emozione assistere al rito del primo giorno di scuola.<\/h4>\n<p style=\"text-align: justify;\">Il suono della campanella genera da sempre un turbinio di emozioni ad alunni e genitori, mentre per i bambini del primo anno rappresenta l\u2019inizio di un cammino che segner\u00e0 per sempre la loro esistenza. <\/p>\n<div style=\"text-align: justify;\"><\/div>\n<p style=\"text-align: justify;\">Ma il primo giorno di scuola \u00e8 l\u2019inizio di una nuova sfida anche per gli operatori scolastici, che devono avere la consapevolezza dell\u2019importanza fondamentale del loro ruolo perch\u00e9 la diffusione della cultura e della conoscenza sono alla base del nostro benessere e della nostra crescita economica e sociale. <\/p>\n<div style=\"text-align: justify;\"><\/div>\n<p style=\"text-align: justify;\">A loro esortiamo di stare vicino ai ragazzi insegnandogli ad amare l\u2019apprendimento e sollecitandoli a vivere una cultura concreta, fatta di principi e di valori, non dimenticando di aggiornare tematiche e metodiche di insegnamento adeguati al linguaggio e ai nuovi stili di vita che propone la societ\u00e0.<\/p>\n<div style=\"text-align: justify;\"><\/div>\n<p style=\"text-align: justify;\">\u00a0<\/p>\n<div style=\"text-align: justify;\"><\/div>\n<p style=\"text-align: justify;\">Negli ultimi anni \u00e8 aumentato anche nella nostra citt\u00e0 il numero di lavoratori stranieri, che portano con s\u00e9 altre lingue, culture, religioni: la scuola sia per loro il luogo della partecipazione dei principi e dei valori della nostra civilt\u00e0 basata sul dialogo e sulla consapevolezza dei <strong>diritti<\/strong> e dei <strong>doveri<\/strong>. <\/p>\n<div style=\"text-align: justify;\"><\/div>\n<p style=\"text-align: justify;\">Favorite questi <strong>processi di aggregazione<\/strong> perch\u00e9 saranno fondamentali nell\u2019infondere in tutti noi una nuova cultura europea caratterizzata dal dialogo e dalla serena convivenza tra i popoli.<\/p>\n<div style=\"text-align: justify;\"><\/div>\n<p style=\"text-align: justify;\">L&#8217;istruzione resta il motore dello sviluppo e per questo deve assicurare processi formativi innovativi che offrano al mondo del lavoro, insieme alle figure tradizionali, le nuove professionalit\u00e0.<\/p>\n<div style=\"text-align: justify;\"><\/div>\n<p style=\"text-align: justify;\"> Ai ragazzi rivolgiamo un augurio particolare a vivere la scuola come il momento pi\u00f9 importante della loro vita e come luogo dove sar\u00e0 possibile formare le loro idee e le loro opinioni per essere pronti un domani a diventare i protagonisti del nostro futuro.<\/p>\n<div style=\"text-align: justify;\"><\/div>\n<p style=\"text-align: justify;\">Auguri e buon anno scolastico a tutti voi.<\/p>\n","protected":false},"excerpt":{"rendered":"<p><img loading=\"lazy\" decoding=\"async\" class=\" size-full wp-image-362\" alt=\"zainetto\" src=\"https:\/\/archivioturi.lavocedelpaese.info\/wp-content\/uploads\/2009\/09\/zainetto.jpg\" width=\"320\" height=\"156\" srcset=\"https:\/\/archivioturi.lavocedelpaese.info\/wp-content\/uploads\/2009\/09\/zainetto.jpg 410w, https:\/\/archivioturi.lavocedelpaese.info\/wp-content\/uploads\/2009\/09\/zainetto-300x146.jpg 300w\" sizes=\"auto, (max-width: 320px) 100vw, 320px\" \/> <\/p>\n","protected":false},"author":1,"featured_media":362,"comment_status":"open","ping_status":"closed","sticky":false,"template":"","format":"standard","meta":{"colormag_page_container_layout":"default_layout","colormag_page_sidebar_layout":"default_layout","footnotes":""},"categories":[9],"tags":[],"class_list":["post-363","post","type-post","status-publish","format-standard","has-post-thumbnail","hentry","category-la-voce-del-paese"],"_links":{"self":[{"href":"https:\/\/archivioturi.lavocedelpaese.info\/index.php\/wp-json\/wp\/v2\/posts\/363","targetHints":{"allow":["GET"]}}],"collection":[{"href":"https:\/\/archivioturi.lavocedelpaese.info\/index.php\/wp-json\/wp\/v2\/posts"}],"about":[{"href":"https:\/\/archivioturi.lavocedelpaese.info\/index.php\/wp-json\/wp\/v2\/types\/post"}],"author":[{"embeddable":true,"href":"https:\/\/archivioturi.lavocedelpaese.info\/index.php\/wp-json\/wp\/v2\/users\/1"}],"replies":[{"embeddable":true,"href":"https:\/\/archivioturi.lavocedelpaese.info\/index.php\/wp-json\/wp\/v2\/comments?post=363"}],"version-history":[{"count":0,"href":"https:\/\/archivioturi.lavocedelpaese.info\/index.php\/wp-json\/wp\/v2\/posts\/363\/revisions"}],"wp:featuredmedia":[{"embeddable":true,"href":"https:\/\/archivioturi.lavocedelpaese.info\/index.php\/wp-json\/wp\/v2\/media\/362"}],"wp:attachment":[{"href":"https:\/\/archivioturi.lavocedelpaese.info\/index.php\/wp-json\/wp\/v2\/media?parent=363"}],"wp:term":[{"taxonomy":"category","embeddable":true,"href":"https:\/\/archivioturi.lavocedelpaese.info\/index.php\/wp-json\/wp\/v2\/categories?post=363"},{"taxonomy":"post_tag","embeddable":true,"href":"https:\/\/archivioturi.lavocedelpaese.info\/index.php\/wp-json\/wp\/v2\/tags?post=363"}],"curies":[{"name":"wp","href":"https:\/\/api.w.org\/{rel}","templated":true}]}}