{"id":3534,"date":"2010-11-12T00:19:44","date_gmt":"2010-11-12T00:19:44","guid":{"rendered":"https:\/\/archivioturi.lavocedelpaese.info\/index.php\/2010\/11\/12\/crisi-del-settore-agricolo-intervista-a-resta\/"},"modified":"2010-11-12T00:19:44","modified_gmt":"2010-11-12T00:19:44","slug":"crisi-del-settore-agricolo-intervista-a-resta","status":"publish","type":"post","link":"https:\/\/archivioturi.lavocedelpaese.info\/index.php\/2010\/11\/12\/crisi-del-settore-agricolo-intervista-a-resta\/","title":{"rendered":"CRISI NEL SETTORE AGRICOLO: INTERVISTA AD ONOFRIO RESTA"},"content":{"rendered":"<p><img loading=\"lazy\" decoding=\"async\" class=\" alignleft size-full wp-image-78\" style=\"float: left;\" alt=\"Onofrio_Resta\" src=\"https:\/\/archivioturi.lavocedelpaese.info\/wp-content\/uploads\/2009\/07\/Onofrio_Resta.jpg\" width=\"320\" height=\"150\" \/> <\/p>\n<p><span style=\"line-height: 25px; font-size: 13px;\"><strong>CRISI AGRICOLA: &#8216;Ci sono altri canali per attingere risorse&#8217;<\/strong><\/span><\/p>\n<p style=\"text-align: justify;\"><span style=\"font-size: 10pt;\">Il governo Berlusconi ha presentato l\u2019altro ieri, in Commissione Bilancio, un maxiemendamento.<\/span><\/p>\n<div style=\"text-align: justify;\"><\/div>\n<p style=\"text-align: justify;\"><span style=\"font-size: 10pt;\">Dopo la notizia, qualcuno ha diffuso i soliti bollettini. Si annunciano in pompa magna \u201csegnali forti per il settore agricolo pugliese attanagliato da una gravissima crisi\u201d, per i cui effetti, ricorderete, furono scomodati grandi tavoli tecnici con parata di politici, esperti e pseudo tali.<\/span><\/p>\n<div style=\"text-align: justify;\"><\/div>\n<p style=\"text-align: justify;\"><span style=\"font-size: 10pt;\">Le piogge torrenziali devastarono ciliegie e percoche, senza che si riuscisse, nel caos mediatico, a quantificare la reale entit\u00e0 del danno.<\/span><\/p>\n<div style=\"text-align: justify;\"><\/div>\n<p style=\"text-align: justify;\"><span style=\"font-size: 10pt;\">Dopo tante parole e illusorie promesse nulla di pi\u00f9 per i nostri agricoltori.<\/span><\/p>\n<div style=\"text-align: justify;\"><\/div>\n<p style=\"text-align: justify;\"><span style=\"font-size: 10pt;\">In realt\u00e0 le strade per gli incentivi contro la crisi sarebbero altre. Una la suggerisce l\u2019assessore provinciale alle attivit\u00e0 produttive, prof. <strong>Onofrio Resta<\/strong>, impegnato sul fronte della crisi agricola, contattato telefonicamente dalla nostra redazione.<\/span><\/p>\n<div style=\"text-align: justify;\"><\/div>\n<p style=\"text-align: justify;\"><span style=\"font-size: 10pt;\">\u201cIntanto \u2013 frena gli entusiasmi Resta l\u2019indomani del maxiemendamento \u2013 questa manovra economica deve ancora passare dalla Camera, e da una prima analisi a caldo vedo che non \u00e8 prevista alcuna posta sull\u2019agricoltura\u201d.<\/span><\/p>\n<div style=\"text-align: justify;\"><\/div>\n<p style=\"text-align: justify;\"><span style=\"font-size: 10pt;\">Il professore \u00e8 cauto: \u201cQuesta manovra \u00e8 stata ridotta rispetto all\u2019ipotesi iniziale di 7 miliardi e mezzo. Ora sono 5 i miliardi. Non ci sono provvedimenti per altri settori importanti.\u201d<\/span><\/p>\n<div style=\"text-align: justify;\"><\/div>\n<p style=\"text-align: justify;\"><span style=\"font-size: 10pt;\">\u201c<strong>Non c\u2019\u00e8 nessuna posta per l\u2019agricoltura<\/strong> &#8211; osserva il prof. Resta &#8211; e credo si andr\u00e0 a una blindatura del testo, che quindi non dovrebbe cambiare, anche perch\u00e9 non ci sono pi\u00f9 risorse. Non c\u2019\u00e8 nulla per il settore degli ecoedifici. E\u2019 stato eliminato il bonus per l\u2019energia ecocompatibile: eolica e fotovoltaica. Prima, invece, si facevano detrazioni sull\u2019Irpef per chi utilizzava energia verde nel campo dell\u2019edilizia residenziale. Purtroppo questa misura non \u00e8 stata prorogata. Anche questa possibilit\u00e0 \u00e8 stata eliminata e sar\u00e0 un dura abbattere i costi di energia. Il settore delle energie verdi stava andando molto bene, con questo maxiemendamento ne risentir\u00e0 un po\u2019. Per l\u2019agricoltura c\u2019\u00e8 poco o niente, almeno a una lettura dei primi dati.\u201d<\/span><\/p>\n<div style=\"text-align: justify;\"><\/div>\n<p style=\"text-align: justify;\"><strong><span style=\"font-size: 10pt;\">Ci domandiamo a cosa siano servite tutte quelle battaglie contro la crisi cerasicola e i tavoli tecnici per il Sud Est Barese.<\/span><\/strong><\/p>\n<div style=\"text-align: justify;\"><\/div>\n<p style=\"text-align: justify;\"><span style=\"font-size: 10pt;\">\u201cQui il discorso cambia &#8211; conclude &#8211; perch\u00e9 le battaglie sono state fatte. Io credo per\u00f2 che ci siano altri canali dai quali attingere altre risorse per la crisi agricola. Al momento per\u00f2 queste risorse non sono state date. Ma <strong>con questo canale di finanziamenti, ripeto, non erano previste risorse all\u2019agricoltura<\/strong>, salvo quelle per il salario di produttivit\u00e0 che per\u00f2 non vanno soltanto agli agricoltori. La prossima settimana il maxiemendamento andr\u00e0 alla Camera, poi si vedr\u00e0\u201d.<\/span><\/p>\n<h4 style=\"text-align: justify;\"><strong><span style=\"font-size: 10pt;\">Link correlati alla notizia:<\/span><\/strong><\/h4>\n<p style=\"text-align: justify;\"><a target=\"_blank\" href=\"attualita\/1394-ciliegie-boccardi-chiede-stato-di-calamita-naturale-tutte-le-foto.html?phpMyAdmin=249be9a92230f4edfb2945ad723064de\" rel=\"noopener\"><span style=\"font-size: 10pt;\">VEDI ANCHE BOCCARDI CHIEDE STATO DI CALAMITA&#8217; NATURALE<\/span><\/a><\/p>\n<p style=\"text-align: justify;\"><a target=\"_blank\" href=\"attualita\/1402-crisi-ciliegia-adottato-un-documento-per-calamita-e-risarcimenti-oggi-consiglio-straordinario-a-turi.html\" rel=\"noopener\"><span style=\"font-size: 10pt;\">VEDI ANCHE I TAVOLI E LE RICHIESTE DELLO STATO DI CALAMITA&#8217;<\/span><\/a><\/p>\n<p style=\"text-align: justify;\"><a target=\"_blank\" href=\"attualita\/1890-crisi-agricola-stefano-e-boccardi-a-conversano.html\" rel=\"noopener\"><span style=\"font-size: 10pt;\">VEDI ANCHE STEFANO E BOCCARDI A CONVERSANO<\/span><\/a><\/p>\n<p style=\"text-align: justify;\">\u00a0<\/p>\n","protected":false},"excerpt":{"rendered":"<p><img loading=\"lazy\" decoding=\"async\" class=\" alignleft size-full wp-image-78\" style=\"float: left;\" alt=\"Onofrio_Resta\" src=\"https:\/\/archivioturi.lavocedelpaese.info\/wp-content\/uploads\/2009\/07\/Onofrio_Resta.jpg\" width=\"320\" height=\"150\" \/> <\/p>\n","protected":false},"author":1,"featured_media":78,"comment_status":"open","ping_status":"closed","sticky":false,"template":"","format":"standard","meta":{"colormag_page_container_layout":"default_layout","colormag_page_sidebar_layout":"default_layout","footnotes":""},"categories":[4],"tags":[],"class_list":["post-3534","post","type-post","status-publish","format-standard","has-post-thumbnail","hentry","category-politica"],"_links":{"self":[{"href":"https:\/\/archivioturi.lavocedelpaese.info\/index.php\/wp-json\/wp\/v2\/posts\/3534","targetHints":{"allow":["GET"]}}],"collection":[{"href":"https:\/\/archivioturi.lavocedelpaese.info\/index.php\/wp-json\/wp\/v2\/posts"}],"about":[{"href":"https:\/\/archivioturi.lavocedelpaese.info\/index.php\/wp-json\/wp\/v2\/types\/post"}],"author":[{"embeddable":true,"href":"https:\/\/archivioturi.lavocedelpaese.info\/index.php\/wp-json\/wp\/v2\/users\/1"}],"replies":[{"embeddable":true,"href":"https:\/\/archivioturi.lavocedelpaese.info\/index.php\/wp-json\/wp\/v2\/comments?post=3534"}],"version-history":[{"count":0,"href":"https:\/\/archivioturi.lavocedelpaese.info\/index.php\/wp-json\/wp\/v2\/posts\/3534\/revisions"}],"wp:featuredmedia":[{"embeddable":true,"href":"https:\/\/archivioturi.lavocedelpaese.info\/index.php\/wp-json\/wp\/v2\/media\/78"}],"wp:attachment":[{"href":"https:\/\/archivioturi.lavocedelpaese.info\/index.php\/wp-json\/wp\/v2\/media?parent=3534"}],"wp:term":[{"taxonomy":"category","embeddable":true,"href":"https:\/\/archivioturi.lavocedelpaese.info\/index.php\/wp-json\/wp\/v2\/categories?post=3534"},{"taxonomy":"post_tag","embeddable":true,"href":"https:\/\/archivioturi.lavocedelpaese.info\/index.php\/wp-json\/wp\/v2\/tags?post=3534"}],"curies":[{"name":"wp","href":"https:\/\/api.w.org\/{rel}","templated":true}]}}