{"id":3482,"date":"2010-11-05T06:58:28","date_gmt":"2010-11-05T06:58:28","guid":{"rendered":"https:\/\/archivioturi.lavocedelpaese.info\/index.php\/2010\/11\/05\/celebrazione-del-4-novembre\/"},"modified":"2010-11-05T06:58:28","modified_gmt":"2010-11-05T06:58:28","slug":"celebrazione-del-4-novembre","status":"publish","type":"post","link":"https:\/\/archivioturi.lavocedelpaese.info\/index.php\/2010\/11\/05\/celebrazione-del-4-novembre\/","title":{"rendered":"4 NOVEMBRE: TRA RICORDO E CELEBRAZIONE"},"content":{"rendered":"<p><img loading=\"lazy\" decoding=\"async\" class=\" size-full wp-image-3481\" alt=\"4_nov_10_19\" height=\"150\" width=\"320\" src=\"https:\/\/archivioturi.lavocedelpaese.info\/wp-content\/uploads\/2010\/11\/4_nov_10_19.jpg\" \/> <\/p>\n<p style=\"text-align: justify;\"><strong><span style=\"font-size: 10pt;\">4 Novembre 1918<\/span><\/strong><span style=\"font-size: 10pt;\"><span style=\"font-size: 10pt;\">, data che segn\u00f2 la vittoriosa <strong>conclusione della Prima Guerra Mondiale<\/strong>. 92 anni fa, in questo giorno, ebbe fine una guerra asprissima durata 41 mesi che coron\u00f2 l\u2019aspirazione di libert\u00e0 delle popolazioni oppresse dall\u2019imperialismo austro-ungarico.<\/span><\/span><\/p>\n<p style=\"text-align: justify;\"><span style=\"font-size: 10pt;\"><span style=\"font-size: 10pt;\">Parole profonde e un sentito ringraziamento a chi ha combattuto e ancora oggi combatte in nome della Patria e della libert\u00e0 sono state pronunciate da Don Giovanni Amodio durante il rito religioso e similmente dal sindaco, dott. Vincenzo Gigantelli, in piazza Aldo Moro.<\/span><\/span><\/p>\n<p style=\"text-align: justify;\"><span style=\"font-size: 10pt;\"><span style=\"font-size: 10pt;\">Questa Giornata, ancora e con forza, commemora i <strong>Caduti in guerra<\/strong>, ricordando ed esaltando il sacrificio di quanti hanno immolato la propria vita per difendere la propria terra e i propri simili.<\/span><\/span><\/p>\n<p style=\"text-align: justify;\"><span style=\"font-size: 10pt;\"><span style=\"font-size: 10pt;\">Ogni anno questa manifestazione \u00e8 finalizzata a ripercorrere quei momenti della storia italiana per apprezzare pienamente il <strong>valore dei diritti di cui oggi godiamo<\/strong> e ricordare sempre che dalla Prima Guerra Mondiale ne usc\u00ec un\u2019Italia Unita, il cui popolo aveva imparato, nella tragedia del conflitto, a condividere speranze e valori. Per questo il 4 Novembre \u00e8 anche giornata dell\u2019<strong>Unit\u00e0 Nazionale e delle Forze Armate<\/strong>.<\/span><\/span><\/p>\n<p style=\"text-align: justify;\"><span style=\"font-size: 10pt;\"><span style=\"font-size: 10pt;\">Celebrare il 4 Novembre \u00e8 quindi fondamentale perch\u00e9 il patrimonio di ideali, cos\u00ec a duro prezzo conquistato, si ravvivi e si consolidi sempre pi\u00f9. \u00c8 su questo ricordo che si \u00e8 volta la cerimonia, che ha visto una grande partecipazione di pubblico. Sono intervenuti, oltre a rappresentanti dell\u2019Amministrazione Comunale, le autorit\u00e0 civili e religiose, le locali scuole (docenti e discenti), i rappresentanti delle Forze Armate, della Polizia di Stato, dell\u2019Arma dei Carabinieri, dell\u2019Aereonautica, della Marina, dei Bersaglieri e le associazioni di Pensionati combattenti.<\/span><\/span><\/p>\n<p style=\"text-align: justify;\"><span style=\"font-size: 10pt;\">Gallery fotografica della manifestazione.<\/span><\/p>\n<p><object data=\"http:\/\/picasaweb.google.com\/s\/c\/bin\/slideshow.swf\" type=\"application\/x-shockwave-flash\" height=\"660\" width=\"660\"><param name=\"flashvars\" value=\"host=picasaweb.google.com&amp;hl=it&amp;feat=flashalbum&amp;RGB=0x000000&amp;feed=http%3A%2F%2Fpicasaweb.google.com%2Fdata%2Ffeed%2Fapi%2Fuser%2Fredazioneturiweb%2Falbumid%2F5535956004557780593%3Falt%3Drss%26kind%3Dphoto%26hl%3Dit\" \/><param name=\"src\" value=\"http:\/\/picasaweb.google.com\/s\/c\/bin\/slideshow.swf\" \/><\/object><\/p>\n","protected":false},"excerpt":{"rendered":"<p><img loading=\"lazy\" decoding=\"async\" class=\" size-full wp-image-3481\" alt=\"4_nov_10_19\" height=\"150\" width=\"320\" src=\"https:\/\/archivioturi.lavocedelpaese.info\/wp-content\/uploads\/2010\/11\/4_nov_10_19.jpg\" \/> <\/p>\n","protected":false},"author":1,"featured_media":3481,"comment_status":"open","ping_status":"closed","sticky":false,"template":"","format":"standard","meta":{"colormag_page_container_layout":"default_layout","colormag_page_sidebar_layout":"default_layout","footnotes":""},"categories":[6],"tags":[],"class_list":["post-3482","post","type-post","status-publish","format-standard","has-post-thumbnail","hentry","category-cultura"],"_links":{"self":[{"href":"https:\/\/archivioturi.lavocedelpaese.info\/index.php\/wp-json\/wp\/v2\/posts\/3482","targetHints":{"allow":["GET"]}}],"collection":[{"href":"https:\/\/archivioturi.lavocedelpaese.info\/index.php\/wp-json\/wp\/v2\/posts"}],"about":[{"href":"https:\/\/archivioturi.lavocedelpaese.info\/index.php\/wp-json\/wp\/v2\/types\/post"}],"author":[{"embeddable":true,"href":"https:\/\/archivioturi.lavocedelpaese.info\/index.php\/wp-json\/wp\/v2\/users\/1"}],"replies":[{"embeddable":true,"href":"https:\/\/archivioturi.lavocedelpaese.info\/index.php\/wp-json\/wp\/v2\/comments?post=3482"}],"version-history":[{"count":0,"href":"https:\/\/archivioturi.lavocedelpaese.info\/index.php\/wp-json\/wp\/v2\/posts\/3482\/revisions"}],"wp:featuredmedia":[{"embeddable":true,"href":"https:\/\/archivioturi.lavocedelpaese.info\/index.php\/wp-json\/wp\/v2\/media\/3481"}],"wp:attachment":[{"href":"https:\/\/archivioturi.lavocedelpaese.info\/index.php\/wp-json\/wp\/v2\/media?parent=3482"}],"wp:term":[{"taxonomy":"category","embeddable":true,"href":"https:\/\/archivioturi.lavocedelpaese.info\/index.php\/wp-json\/wp\/v2\/categories?post=3482"},{"taxonomy":"post_tag","embeddable":true,"href":"https:\/\/archivioturi.lavocedelpaese.info\/index.php\/wp-json\/wp\/v2\/tags?post=3482"}],"curies":[{"name":"wp","href":"https:\/\/api.w.org\/{rel}","templated":true}]}}