{"id":3451,"date":"2010-11-01T14:02:39","date_gmt":"2010-11-01T14:02:39","guid":{"rendered":"https:\/\/archivioturi.lavocedelpaese.info\/index.php\/2010\/11\/01\/il-nuovo-marciapiede-lungo-via-rutigliano\/"},"modified":"2010-11-01T14:02:39","modified_gmt":"2010-11-01T14:02:39","slug":"il-nuovo-marciapiede-lungo-via-rutigliano","status":"publish","type":"post","link":"https:\/\/archivioturi.lavocedelpaese.info\/index.php\/2010\/11\/01\/il-nuovo-marciapiede-lungo-via-rutigliano\/","title":{"rendered":"IL NUOVO MARCIAPIEDE LUNGO VIA RUTIGLIANO"},"content":{"rendered":"<p><img loading=\"lazy\" decoding=\"async\" class=\" size-full wp-image-3449\" height=\"150\" width=\"320\" src=\"https:\/\/archivioturi.lavocedelpaese.info\/wp-content\/uploads\/2010\/11\/marciapiede2.jpg\" alt=\"marciapiede2\" srcset=\"https:\/\/archivioturi.lavocedelpaese.info\/wp-content\/uploads\/2010\/11\/marciapiede2.jpg 640w, https:\/\/archivioturi.lavocedelpaese.info\/wp-content\/uploads\/2010\/11\/marciapiede2-300x141.jpg 300w\" sizes=\"auto, (max-width: 320px) 100vw, 320px\" \/> <\/p>\n<p style=\"text-align: justify;\"><span style=\"font-size: 10pt;\"><span style=\"font-family: verdana, geneva;\">1\u00b0 Novembre. Molte famiglie, anche quest\u2019anno, dedicano la giornata festiva di Ognissanti a commemorare i propri cari, consapevoli che nel giorno successivo gli impegni lavorativi lo impedirebbero.<\/span><\/span><\/p>\n<p style=\"text-align: justify;\"><span style=\"font-size: 10pt;\"><span style=\"font-family: verdana, geneva;\">Sin da prima mattina il cimitero comunale, come accade in ogni paese, accoglie i visitatori che, in silenzio e con calma, portano il proprio omaggio floreale al caro estinto. A Turi, per\u00f2, sin da ieri, in tanti hanno raggiunto il cimitero percorrendo il <strong>nuovo marciapiede<\/strong>. Realizzato in poche settimane, esattamente per rispondere alle esigenze della comunit\u00e0 in queste giornate, il marciapiede agevola sicuramente la percorrenza di coloro\u00a0(spesso anziani) che\u00a0sono soliti raggiungere il cimitero a piedi.<\/span><\/span><\/p>\n<p style=\"text-align: justify;\"><span style=\"font-size: 10pt;\"><span style=\"font-family: verdana, geneva;\">Ma ricordiamo l\u2019iter di questa costruzione? Sin dallo scorso luglio l\u2019intero paese si era diviso in due sostenendo o criticando la scelta di realizzare questo marciapiede. Creato lungo un percorso che conservava da circa 50 anni alberi di gelso, ha scatenato commenti divergenti sulla possibilit\u00e0 di una sua costruzione che non minasse la vita della vegetazione.<\/span><\/span><\/p>\n<p><span style=\"font-size: 10pt;\"><span style=\"font-family: verdana, geneva;\"><img loading=\"lazy\" decoding=\"async\" class=\" alignleft size-full wp-image-3450\" height=\"280\" width=\"440\" src=\"https:\/\/archivioturi.lavocedelpaese.info\/wp-content\/uploads\/2010\/11\/marciapiede3.jpg\" alt=\"marciapiede3\" style=\"float: left; margin-top: 10px; margin-right: 10px; margin-bottom: 10px;\" \/><\/p>\n<div style=\"text-align: justify;\">\u201cIl marciapiede si poteva realizzare anche lasciando gli alberi\u201d si poteva leggere in alcuni commenti apparsi sul nostro sito. \u201cChi lo dice che non pianteranno degli alberi nuovi dopo aver terminato la costruzione del marciapiede? Secondo me bisogna attendere prima di esprimersi&#8230;\u201d \u2013 commenta un altro nostro lettore.<\/div>\n<p><\/span><\/span><\/p>\n<p style=\"text-align: justify;\"><span style=\"font-size: 10pt;\"><span style=\"font-family: verdana, geneva;\">Effettivamente \u00e8 possibile notare che i lavori non sono del tutto completati e sul margine del marciapiede \u00e8 stato lasciato dello spazio da sistemare. Attendiamo pertanto il completamento del progetto lungo la strada di via Rutigliano, consapevoli che, comunque, oggi la percorrenza fino al cimitero \u00e8 pi\u00f9 agevole e pi\u00f9 sicura per pedoni e conducenti.<\/span><\/span><\/p>\n","protected":false},"excerpt":{"rendered":"<p><img loading=\"lazy\" decoding=\"async\" class=\" size-full wp-image-3449\" height=\"150\" width=\"320\" src=\"https:\/\/archivioturi.lavocedelpaese.info\/wp-content\/uploads\/2010\/11\/marciapiede2.jpg\" alt=\"marciapiede2\" srcset=\"https:\/\/archivioturi.lavocedelpaese.info\/wp-content\/uploads\/2010\/11\/marciapiede2.jpg 640w, https:\/\/archivioturi.lavocedelpaese.info\/wp-content\/uploads\/2010\/11\/marciapiede2-300x141.jpg 300w\" sizes=\"auto, (max-width: 320px) 100vw, 320px\" \/> <\/p>\n","protected":false},"author":1,"featured_media":3449,"comment_status":"open","ping_status":"closed","sticky":false,"template":"","format":"standard","meta":{"colormag_page_container_layout":"default_layout","colormag_page_sidebar_layout":"default_layout","footnotes":""},"categories":[7],"tags":[],"class_list":["post-3451","post","type-post","status-publish","format-standard","has-post-thumbnail","hentry","category-attualita"],"_links":{"self":[{"href":"https:\/\/archivioturi.lavocedelpaese.info\/index.php\/wp-json\/wp\/v2\/posts\/3451","targetHints":{"allow":["GET"]}}],"collection":[{"href":"https:\/\/archivioturi.lavocedelpaese.info\/index.php\/wp-json\/wp\/v2\/posts"}],"about":[{"href":"https:\/\/archivioturi.lavocedelpaese.info\/index.php\/wp-json\/wp\/v2\/types\/post"}],"author":[{"embeddable":true,"href":"https:\/\/archivioturi.lavocedelpaese.info\/index.php\/wp-json\/wp\/v2\/users\/1"}],"replies":[{"embeddable":true,"href":"https:\/\/archivioturi.lavocedelpaese.info\/index.php\/wp-json\/wp\/v2\/comments?post=3451"}],"version-history":[{"count":0,"href":"https:\/\/archivioturi.lavocedelpaese.info\/index.php\/wp-json\/wp\/v2\/posts\/3451\/revisions"}],"wp:featuredmedia":[{"embeddable":true,"href":"https:\/\/archivioturi.lavocedelpaese.info\/index.php\/wp-json\/wp\/v2\/media\/3449"}],"wp:attachment":[{"href":"https:\/\/archivioturi.lavocedelpaese.info\/index.php\/wp-json\/wp\/v2\/media?parent=3451"}],"wp:term":[{"taxonomy":"category","embeddable":true,"href":"https:\/\/archivioturi.lavocedelpaese.info\/index.php\/wp-json\/wp\/v2\/categories?post=3451"},{"taxonomy":"post_tag","embeddable":true,"href":"https:\/\/archivioturi.lavocedelpaese.info\/index.php\/wp-json\/wp\/v2\/tags?post=3451"}],"curies":[{"name":"wp","href":"https:\/\/api.w.org\/{rel}","templated":true}]}}