{"id":3446,"date":"2010-11-01T05:24:08","date_gmt":"2010-11-01T05:24:08","guid":{"rendered":"https:\/\/archivioturi.lavocedelpaese.info\/index.php\/2010\/11\/01\/comune-incontro-delle-associazioni\/"},"modified":"2010-11-01T05:24:08","modified_gmt":"2010-11-01T05:24:08","slug":"comune-incontro-delle-associazioni","status":"publish","type":"post","link":"https:\/\/archivioturi.lavocedelpaese.info\/index.php\/2010\/11\/01\/comune-incontro-delle-associazioni\/","title":{"rendered":"COMUNE: INCONTRO DELLE ASSOCIAZIONI"},"content":{"rendered":"<p><img loading=\"lazy\" decoding=\"async\" class=\" size-full wp-image-3443\" alt=\"inc_3\" height=\"150\" width=\"320\" src=\"https:\/\/archivioturi.lavocedelpaese.info\/wp-content\/uploads\/2010\/11\/inc_3.jpg\" srcset=\"https:\/\/archivioturi.lavocedelpaese.info\/wp-content\/uploads\/2010\/11\/inc_3.jpg 640w, https:\/\/archivioturi.lavocedelpaese.info\/wp-content\/uploads\/2010\/11\/inc_3-300x141.jpg 300w\" sizes=\"auto, (max-width: 320px) 100vw, 320px\" \/> <\/p>\n<p style=\"text-align: justify;\"><span style=\"font-size: 10pt;\">L\u2019<strong>amministrazione comunale<\/strong> ha invitato il 28 ottobre scorso, presso la Sala Consiliare, prima degli eventi natalizi, per coordinare tutto al meglio, tutte le associazioni locali, iscritte e non alla carte delle associazioni, ad un incontro delucidativo in cui si \u00e8 annunciata anche la imminente istituzione della consulta delle associazioni.<\/span><\/p>\n<p style=\"text-align: justify;\"><span style=\"font-size: 10pt;\"><span style=\"font-size: 10pt;\">La consulta delle associazioni \u00e8 un organo che dovrebbe riunirsi quattro volte l\u2019anno.<\/span><\/span><\/p>\n<p><span style=\"font-size: 10pt;\"><span><img loading=\"lazy\" decoding=\"async\" class=\" alignleft size-full wp-image-3444\" src=\"https:\/\/archivioturi.lavocedelpaese.info\/wp-content\/uploads\/2010\/11\/inc_1.jpg\" width=\"440\" height=\"280\" alt=\"inc_1\" style=\"margin-top: 10px; margin-right: 10px; margin-bottom: 10px; float: left;\" \/><\/span><\/span><\/p>\n<div style=\"text-align: justify;\"><span style=\"font-size: 10pt;\"><span style=\"font-size: 10pt;\">\u201c\u00c9 un atto di coraggio e di impegno;\u201d &#8211; ha esordito il <strong>sindaco Vincenzo Gigantelli<\/strong> &#8211; \u201cogni associazione dovr\u00e0 rispettarla perch\u00e9 non serve a nessuno avere rilevanza a scapito di altri. Essa servir\u00e0 a raccogliere le idee e a renderle coerenti, vitali e compatibili con l\u2019attivit\u00e0 amministrativa. Non servono i soldi. Le iniziative pi\u00f9 belle sono anche quelle che si rivolgono ai pi\u00f9 deboli. Basta essere autentici. Vorrei che fossero coinvolti anche i carcerati. Vogliamo investire di pi\u00f9 sulla cultura per dare a tutti un\u2019occasione di equit\u00e0, nonostante la crisi economica. Voglio dare la notizia di un avvenuto finanziamento di 48mila euro (che verranno divisi tra quattro comuni) da parte del Ministero della Giovent\u00f9, per un progetto che vedr\u00e0 Turi come comune capofila.\u201d<\/span><\/span><\/div>\n<p style=\"text-align: justify;\"><span style=\"font-size: 10pt;\"><span style=\"font-size: 10pt;\">Riguardo alla discussione sugli eventi di Natale e sulla necessit\u00e0 di creare un contenitore di comunicazione unico, l\u2019<strong>assessore Antonio Tateo <\/strong>ha affermato: \u201cSecondo noi, non serve a nulla, \u00e8 dannoso sovrapporre le manifestazioni perch\u00e9 diventano tanti eventi tutti belli ma svolti in gran confusione. Ci\u00f2 non significa esclusione o perdita di autonomia\u201d, per poi proseguire: \u201cVi chiediamo di poter stilare nei prossimi dieci giorni il programma degli eventi natalizi. Ad esempio, un gruppo di docenti ha gi\u00e0 espresso la disponibilit\u00e0 per allestire un presepe nella scuola e tenerla aperta durante le festivit\u00e0. Questo \u00e8 un esempio di come vogliamo che sia la nostra cittadina, cio\u00e8 un crogiolo di movimento, fermento, nonostante il grave periodo di crisi per invogliare anche gli operatori economici a partecipare. Importante in questo ambito \u00e8 il ruolo della Pro Loco che quest\u2019anno si \u00e8 anche iscritta alla carta nazionale, di tramite con il Comune e di coordinamento del territorio. L\u2019amministrazione comunale per lacci vari e per vincoli di bilancio, non pu\u00f2 intervenire direttamente nelle questioni economiche che nel 2011 saranno pi\u00f9 ristrette, perch\u00e9 sar\u00e0 obbligata ad utilizzare meno del 20% delle proprie, gi\u00e0 esigue risorse. Credo fermamente che l\u2019amministrazione ed il mio assessorato nelle ultime attivit\u00e0, abbia trattato in modo equanime, secondo un regolamento associativo vigente che esiste e che in alcuni momenti ho verificato che per certuni non esiste, tutte le realt\u00e0 associative.\u201d<\/span><\/span><\/p>\n<p><span style=\"font-size: 10pt;\"><span><img loading=\"lazy\" decoding=\"async\" class=\" alignright size-full wp-image-3445\" style=\"margin-top: 10px; margin-bottom: 10px; margin-left: 10px; float: right;\" alt=\"inc_2\" height=\"280\" width=\"440\" src=\"https:\/\/archivioturi.lavocedelpaese.info\/wp-content\/uploads\/2010\/11\/inc_2.jpg\" \/> <\/span><\/span><\/p>\n<div style=\"text-align: justify;\"><span style=\"font-size: 10pt;\">Il <strong>presidente Giuseppe Mezzapesa<\/strong> della Nuova Pro Loco ha ribadito: \u201cIl nostro primo obiettivo \u00e8 ridare lustro al paese; il secondo \u00e8 coordinare tutte le associazioni. Voglio precisare, per\u00f2, che la Pro Loco \u00e8 vista erroneamente come un\u2019associazione che ha liquidit\u00e0 a destra e a sinistra. Siamo pronti, disponibili alla collaborazione, ma bisogna arrivare ad un punto d\u2019incontro se ci dovessero essere delle problematiche anche economiche. Sicuramente in linea con l\u2019idea di un unico contenitore pubblicitario e comunicativo, ci impegniamo con le spese della Siae e dei manifesti. Crediamo che insieme si possa avere un risultato molto pi\u00f9 positivo.\u201d<\/span><\/div>\n<p style=\"text-align: justify;\"><span style=\"font-size: 13px;\">Il sindaco Vincenzo Gigantelli ha dato dei suggerimenti per una pubblicizzazione anche fuori Turi e sulla realizzazione di pieghevoli che a suo parere vengono letti molto di pi\u00f9 dei manifesti grandi. \u201cIl nostro scopo all\u2019interno del progetto non deve essere solo quello di informare.<\/span><\/p>\n<p style=\"text-align: justify;\"><span style=\"font-size: 10pt;\"><span style=\"font-size: 10pt;\">Ho notato che molta gente prima di spostarsi con la famiglia, valuta l\u2019offerta alberghiera \u2013 ristorativa. Il sabato pu\u00f2 diventare una bella occasione per venire a Turi se c\u2019\u00e8 un\u2019offerta.<\/span><\/span><\/p>\n<p style=\"text-align: justify;\"><span style=\"font-size: 10pt;\"><span style=\"font-size: 10pt;\">I fuochi del 28 agosto ad esempio andrebbero proposti in occasioni come questa.\u201d<\/span><\/span><\/p>\n<p style=\"text-align: justify;\"><span style=\"font-size: 10pt;\"><span style=\"font-size: 10pt;\">Per le idee messe in comune tra le varie associazioni si rimanda ad un prossimo articolo.<\/span><\/span><\/p>\n","protected":false},"excerpt":{"rendered":"<p><img loading=\"lazy\" decoding=\"async\" class=\" size-full wp-image-3443\" alt=\"inc_3\" height=\"150\" width=\"320\" src=\"https:\/\/archivioturi.lavocedelpaese.info\/wp-content\/uploads\/2010\/11\/inc_3.jpg\" srcset=\"https:\/\/archivioturi.lavocedelpaese.info\/wp-content\/uploads\/2010\/11\/inc_3.jpg 640w, https:\/\/archivioturi.lavocedelpaese.info\/wp-content\/uploads\/2010\/11\/inc_3-300x141.jpg 300w\" sizes=\"auto, (max-width: 320px) 100vw, 320px\" \/> <\/p>\n","protected":false},"author":1,"featured_media":3443,"comment_status":"open","ping_status":"closed","sticky":false,"template":"","format":"standard","meta":{"colormag_page_container_layout":"default_layout","colormag_page_sidebar_layout":"default_layout","footnotes":""},"categories":[7],"tags":[],"class_list":["post-3446","post","type-post","status-publish","format-standard","has-post-thumbnail","hentry","category-attualita"],"_links":{"self":[{"href":"https:\/\/archivioturi.lavocedelpaese.info\/index.php\/wp-json\/wp\/v2\/posts\/3446","targetHints":{"allow":["GET"]}}],"collection":[{"href":"https:\/\/archivioturi.lavocedelpaese.info\/index.php\/wp-json\/wp\/v2\/posts"}],"about":[{"href":"https:\/\/archivioturi.lavocedelpaese.info\/index.php\/wp-json\/wp\/v2\/types\/post"}],"author":[{"embeddable":true,"href":"https:\/\/archivioturi.lavocedelpaese.info\/index.php\/wp-json\/wp\/v2\/users\/1"}],"replies":[{"embeddable":true,"href":"https:\/\/archivioturi.lavocedelpaese.info\/index.php\/wp-json\/wp\/v2\/comments?post=3446"}],"version-history":[{"count":0,"href":"https:\/\/archivioturi.lavocedelpaese.info\/index.php\/wp-json\/wp\/v2\/posts\/3446\/revisions"}],"wp:featuredmedia":[{"embeddable":true,"href":"https:\/\/archivioturi.lavocedelpaese.info\/index.php\/wp-json\/wp\/v2\/media\/3443"}],"wp:attachment":[{"href":"https:\/\/archivioturi.lavocedelpaese.info\/index.php\/wp-json\/wp\/v2\/media?parent=3446"}],"wp:term":[{"taxonomy":"category","embeddable":true,"href":"https:\/\/archivioturi.lavocedelpaese.info\/index.php\/wp-json\/wp\/v2\/categories?post=3446"},{"taxonomy":"post_tag","embeddable":true,"href":"https:\/\/archivioturi.lavocedelpaese.info\/index.php\/wp-json\/wp\/v2\/tags?post=3446"}],"curies":[{"name":"wp","href":"https:\/\/api.w.org\/{rel}","templated":true}]}}