{"id":3430,"date":"2010-10-29T10:25:45","date_gmt":"2010-10-29T10:25:45","guid":{"rendered":"https:\/\/archivioturi.lavocedelpaese.info\/index.php\/2010\/10\/29\/cia-insieme-per-dire-basta-agli-aumenti\/"},"modified":"2010-10-29T10:25:45","modified_gmt":"2010-10-29T10:25:45","slug":"cia-insieme-per-dire-basta-agli-aumenti","status":"publish","type":"post","link":"https:\/\/archivioturi.lavocedelpaese.info\/index.php\/2010\/10\/29\/cia-insieme-per-dire-basta-agli-aumenti\/","title":{"rendered":"CIA: \u201cINSIEME PER DIRE BASTA AGLI AUMENTI\u201d"},"content":{"rendered":"<p><img loading=\"lazy\" decoding=\"async\" class=\" size-full wp-image-3428\" alt=\"CIA02\" height=\"150\" width=\"320\" src=\"https:\/\/archivioturi.lavocedelpaese.info\/wp-content\/uploads\/2010\/10\/CIA02.jpg\" \/> <\/p>\n<p style=\"text-align: justify;\"><span style=\"font-size: 10pt;\">Si \u00e8 tenuta presso la sala conferenze della <strong>Biblioteca Comunale<\/strong> di Turi l\u2019Assemblea Pubblica della<strong> CIA<\/strong> organizzata la sera del <strong>28 ottobre<\/strong>.<\/span><\/p>\n<p style=\"text-align: justify;\"><span style=\"font-size: 10pt;\"><span style=\"font-size: 10pt;\">Un clima di amarezza, mista ad irritazione, ha sostenuto le parole espresse dal coordinatore del comprensorio Sud-Est barese <strong>Emilio Ciccarone<\/strong>, che ha sollevato presto la questione sulla difficile situazione in cui verte l\u2019agricoltura non solo turese, ma nazionale. Specchio di una condizione collettiva, il settore agricolo turese, che da anni avverte un atteggiamento di indifferenza e disinteresse da parte degli organi amministrativi, come fosse l\u2019ultima ruota trainante della societ\u00e0, vive una realt\u00e0 di grande disagio e grave difficolt\u00e0.<\/span><\/span><\/p>\n<p><span style=\"font-size: 10pt;\"><span><img loading=\"lazy\" decoding=\"async\" class=\" alignleft size-full wp-image-3429\" src=\"https:\/\/archivioturi.lavocedelpaese.info\/wp-content\/uploads\/2010\/10\/CIA04.jpg\" width=\"440\" height=\"280\" alt=\"CIA04\" style=\"float: left; margin-top: 10px; margin-right: 10px; margin-bottom: 10px;\" \/> <\/span><\/span><\/p>\n<div style=\"text-align: justify;\"><span style=\"font-size: 10pt;\">L\u2019agricoltura turese, che anche per quest\u2019anno registra grandi affanni a causa degli agenti atmosferici avversi, \u00e8 costretta a combattere con una politica che sembra essersi dimenticata della sua esistenza e riserva, come sottolinea lo stesso Ciccarone, appoggiato dal Presidente Provinciale CIA, <strong>Vito Scalera<\/strong>, i suoi fondi e le sue risorse verso settori differenti o per valorizzare prodotti tipici del nord Italia. \u201cGli agricoltori italiani e soprattutto quelli del meridione hanno bisogno di progetti e aiuti concreti affinch\u00e9 non si arrivi a chiudere le aziende\u201d, sommerse da sempre pi\u00f9 numerosi doveri e sempre meno diritti. \u201cLa CIA \u2013 continua Ciccarone, sostenuto dal responsabile CIA di Turi, <strong>Tommaso D\u2019Addato<\/strong> \u2013 continuer\u00e0 a mobilitarsi per manifestare, insieme agli altri sindacati, senza bandiere o sigle, affinch\u00e9 il mondo agricolo venga ascoltato e aiutato concretamente\u201d.<\/span><\/div>\n<p style=\"text-align: justify;\"><span style=\"font-size: 13px;\">I numerosi controlli, che spesso si riversano sui piccoli proprietari, gravati da una fiscalizzazione che dal prossimo anno sar\u00e0 aumentata del 130% e dalla crescita del prezzo del gasolio agricolo, indurranno tantissimi agricoltori a chiudere le propri aziende, impossibilitati a rispondere a queste forme di leggi. \u201cTutto aumenta, tranne i prezzi dei prodotti della terra \u2013 sostiene il presidente del comprensorio sud est Barese, <strong>Angelo Palmisano<\/strong> \u2013 che continuano a scendere e spesso non riescono a coprire neppure le stesse spese di produzione\u201d.<\/span><\/p>\n<p style=\"text-align: justify;\"><span style=\"font-size: 10pt;\"><span style=\"font-size: 10pt;\">All\u2019assemblea, a cui hanno partecipato cittadini non solo turesi, ma anche dei paesi limitrofi, non \u00e8 mancata la richiesta di una maggiore collaborazione della stessa amministrazione comunale per far s\u00ec che agli stessi proprietari sia riconosciuto il lavoro e l\u2019impegno profuso per il mantenimento delle bellezze paesaggistiche e naturali del nostro territorio.<\/span><\/span><\/p>\n<p style=\"text-align: justify;\"><span style=\"font-size: 10pt;\"><span style=\"font-size: 10pt;\">A tutti i cittadini, che hanno a cuore l\u2019interesse nei confronti del settore agricolo, \u00e8 per\u00f2 rivolta la necessit\u00e0 di collaborare attivamente per far ascoltare la propria voce e far capire, a chi amministra a livello locale e nazionale, l\u2019importanza del sostegno al mondo agricolo e soprattutto al sud Italia. Maggiori controlli delle attivit\u00e0 di importazione, rispetto del Made in Italy e valorizzazione dei prodotti stagionali italiani, sono tra gli obiettivi che la CIA richiede e che ricercano gli appartenenti al mondo agricolo.<\/span><\/span><\/p>\n","protected":false},"excerpt":{"rendered":"<p><img loading=\"lazy\" decoding=\"async\" class=\" size-full wp-image-3428\" alt=\"CIA02\" height=\"150\" width=\"320\" src=\"https:\/\/archivioturi.lavocedelpaese.info\/wp-content\/uploads\/2010\/10\/CIA02.jpg\" \/> <\/p>\n","protected":false},"author":1,"featured_media":3428,"comment_status":"open","ping_status":"closed","sticky":false,"template":"","format":"standard","meta":{"colormag_page_container_layout":"default_layout","colormag_page_sidebar_layout":"default_layout","footnotes":""},"categories":[7],"tags":[],"class_list":["post-3430","post","type-post","status-publish","format-standard","has-post-thumbnail","hentry","category-attualita"],"_links":{"self":[{"href":"https:\/\/archivioturi.lavocedelpaese.info\/index.php\/wp-json\/wp\/v2\/posts\/3430","targetHints":{"allow":["GET"]}}],"collection":[{"href":"https:\/\/archivioturi.lavocedelpaese.info\/index.php\/wp-json\/wp\/v2\/posts"}],"about":[{"href":"https:\/\/archivioturi.lavocedelpaese.info\/index.php\/wp-json\/wp\/v2\/types\/post"}],"author":[{"embeddable":true,"href":"https:\/\/archivioturi.lavocedelpaese.info\/index.php\/wp-json\/wp\/v2\/users\/1"}],"replies":[{"embeddable":true,"href":"https:\/\/archivioturi.lavocedelpaese.info\/index.php\/wp-json\/wp\/v2\/comments?post=3430"}],"version-history":[{"count":0,"href":"https:\/\/archivioturi.lavocedelpaese.info\/index.php\/wp-json\/wp\/v2\/posts\/3430\/revisions"}],"wp:featuredmedia":[{"embeddable":true,"href":"https:\/\/archivioturi.lavocedelpaese.info\/index.php\/wp-json\/wp\/v2\/media\/3428"}],"wp:attachment":[{"href":"https:\/\/archivioturi.lavocedelpaese.info\/index.php\/wp-json\/wp\/v2\/media?parent=3430"}],"wp:term":[{"taxonomy":"category","embeddable":true,"href":"https:\/\/archivioturi.lavocedelpaese.info\/index.php\/wp-json\/wp\/v2\/categories?post=3430"},{"taxonomy":"post_tag","embeddable":true,"href":"https:\/\/archivioturi.lavocedelpaese.info\/index.php\/wp-json\/wp\/v2\/tags?post=3430"}],"curies":[{"name":"wp","href":"https:\/\/api.w.org\/{rel}","templated":true}]}}