{"id":3414,"date":"2010-10-27T13:56:41","date_gmt":"2010-10-27T13:56:41","guid":{"rendered":"https:\/\/archivioturi.lavocedelpaese.info\/index.php\/2010\/10\/27\/rischio-idrogeologico-primo-incontro-a-noci\/"},"modified":"2010-10-27T13:56:41","modified_gmt":"2010-10-27T13:56:41","slug":"rischio-idrogeologico-primo-incontro-a-noci","status":"publish","type":"post","link":"https:\/\/archivioturi.lavocedelpaese.info\/index.php\/2010\/10\/27\/rischio-idrogeologico-primo-incontro-a-noci\/","title":{"rendered":"RISCHIO IDROGEOLOGICO: PRIMO INCONTRO A NOCI"},"content":{"rendered":"<p><img loading=\"lazy\" decoding=\"async\" class=\" size-full wp-image-3413\" alt=\"mappa_BA2015\" height=\"150\" width=\"320\" src=\"https:\/\/archivioturi.lavocedelpaese.info\/wp-content\/uploads\/2010\/10\/mappa_BA2015.jpg\" \/> <\/p>\n<p style=\"text-align: justify;\"><span style=\"font-size: 10pt;\"><span style=\"font-family: verdana, geneva;\">Si \u00e8 svolto a Noci, presso il Foro Boario, il <strong>primo di tre incontri sul rischio idrogeologico<\/strong> a cui hanno partecipato il vicequestore di Bari e gli amministratori comunali.<\/span><\/span><\/p>\n<p style=\"text-align: justify;\"><span style=\"font-size: 10pt;\"><span style=\"font-family: verdana, geneva;\">Presso la sala convegni si sono riuniti luned\u00ec mattina il vicequestore Mario Volpe (direttore dell\u2019Ufficio Territoriale del Governo Area Protezione Civile, Difesa Civile e Soccorso Pubblico), Matteo De Marinis (funzionario della Questura area Protezione Civile) e gli amministratori comunali dei comuni del sud-est barese (Alberobello, Castellana Grotte, Conversano, Casamassima, Gioia del Colle, Locorotondo, Mola di Bari, Monopoli, Noci, Noicattaro, Polignano a Mare, Putignano, Rutigliano, Sammichele di Bari, <strong>Turi<\/strong>). Presenti anche i Carabinieri della stazione locale di Noci, gli agenti del Corpo Forestale dello Stato ed una delegazioni dei comandi di Polizia Municipale dei comuni interessati.<\/span><\/span><\/p>\n<p style=\"text-align: justify;\"><span style=\"font-size: 10pt;\"><span style=\"font-family: verdana, geneva;\">L\u2019obiettivo di questi incontri, come spiega lo stesso vicequestore Volpe, \u00e8 di cooperare per fronteggiare il rischio idrogeologico. Necessario \u00e8 quindi aggiornare i piani della Protezione Civile inserendovi i dati raccolti dalle autorit\u00e0 di Bacino e continuare ad attuare studi specifici laddove si presentino elementi di criticit\u00e0.<\/span><\/span><\/p>\n<p style=\"text-align: justify;\"><span style=\"font-size: 13px; font-family: verdana, geneva;\"> <\/span><\/p>\n","protected":false},"excerpt":{"rendered":"<p><img loading=\"lazy\" decoding=\"async\" class=\" size-full wp-image-3413\" alt=\"mappa_BA2015\" height=\"150\" width=\"320\" src=\"https:\/\/archivioturi.lavocedelpaese.info\/wp-content\/uploads\/2010\/10\/mappa_BA2015.jpg\" \/> <\/p>\n","protected":false},"author":1,"featured_media":3413,"comment_status":"open","ping_status":"closed","sticky":false,"template":"","format":"standard","meta":{"colormag_page_container_layout":"default_layout","colormag_page_sidebar_layout":"default_layout","footnotes":""},"categories":[7],"tags":[],"class_list":["post-3414","post","type-post","status-publish","format-standard","has-post-thumbnail","hentry","category-attualita"],"_links":{"self":[{"href":"https:\/\/archivioturi.lavocedelpaese.info\/index.php\/wp-json\/wp\/v2\/posts\/3414","targetHints":{"allow":["GET"]}}],"collection":[{"href":"https:\/\/archivioturi.lavocedelpaese.info\/index.php\/wp-json\/wp\/v2\/posts"}],"about":[{"href":"https:\/\/archivioturi.lavocedelpaese.info\/index.php\/wp-json\/wp\/v2\/types\/post"}],"author":[{"embeddable":true,"href":"https:\/\/archivioturi.lavocedelpaese.info\/index.php\/wp-json\/wp\/v2\/users\/1"}],"replies":[{"embeddable":true,"href":"https:\/\/archivioturi.lavocedelpaese.info\/index.php\/wp-json\/wp\/v2\/comments?post=3414"}],"version-history":[{"count":0,"href":"https:\/\/archivioturi.lavocedelpaese.info\/index.php\/wp-json\/wp\/v2\/posts\/3414\/revisions"}],"wp:featuredmedia":[{"embeddable":true,"href":"https:\/\/archivioturi.lavocedelpaese.info\/index.php\/wp-json\/wp\/v2\/media\/3413"}],"wp:attachment":[{"href":"https:\/\/archivioturi.lavocedelpaese.info\/index.php\/wp-json\/wp\/v2\/media?parent=3414"}],"wp:term":[{"taxonomy":"category","embeddable":true,"href":"https:\/\/archivioturi.lavocedelpaese.info\/index.php\/wp-json\/wp\/v2\/categories?post=3414"},{"taxonomy":"post_tag","embeddable":true,"href":"https:\/\/archivioturi.lavocedelpaese.info\/index.php\/wp-json\/wp\/v2\/tags?post=3414"}],"curies":[{"name":"wp","href":"https:\/\/api.w.org\/{rel}","templated":true}]}}