{"id":3382,"date":"2010-10-25T06:24:10","date_gmt":"2010-10-25T06:24:10","guid":{"rendered":"https:\/\/archivioturi.lavocedelpaese.info\/index.php\/2010\/10\/25\/il-primo-mese-degli-esponenti-della-nuova-giunta\/"},"modified":"2010-10-25T06:24:10","modified_gmt":"2010-10-25T06:24:10","slug":"il-primo-mese-degli-esponenti-della-nuova-giunta","status":"publish","type":"post","link":"https:\/\/archivioturi.lavocedelpaese.info\/index.php\/2010\/10\/25\/il-primo-mese-degli-esponenti-della-nuova-giunta\/","title":{"rendered":"IL PRIMO MESE  DEGLI  ESPONENTI  DELLA  NUOVA GIUNTA"},"content":{"rendered":"<p><img loading=\"lazy\" decoding=\"async\" class=\" size-full wp-image-2067\" src=\"https:\/\/archivioturi.lavocedelpaese.info\/wp-content\/uploads\/2010\/05\/OCCHIOSALATO_SATIRA.jpg\" width=\"320\" height=\"150\" alt=\"OCCHIOSALATO_SATIRA\" srcset=\"https:\/\/archivioturi.lavocedelpaese.info\/wp-content\/uploads\/2010\/05\/OCCHIOSALATO_SATIRA.jpg 640w, https:\/\/archivioturi.lavocedelpaese.info\/wp-content\/uploads\/2010\/05\/OCCHIOSALATO_SATIRA-300x141.jpg 300w\" sizes=\"auto, (max-width: 320px) 100vw, 320px\" \/> <\/p>\n<p style=\"text-align: justify;\"><span style=\"font-size: 10pt;\"><span style=\"font-family: verdana, geneva;\">Settimo e ultimo rimpasto. Dopo c\u2019\u00e8 il vuoto, il baratro, l\u2019uomo nero, il commissario prefettizio che tutti temono ma tutti sanno che il suo arrivo \u00e8 solo rimandato. Ma dall\u2019ultimo rimpasto cosa \u00e8 cambiato? Che novit\u00e0 ci sono in Comune? Scriviamo due parole sui componenti della Giunta (Franco D\u2019Addabbo compreso), su come si sono mossi, su come sono rimasti fermi. Luned\u00ec prossimo ci soffermeremo su tutti gli altri esponenti del Consiglio comunale.<\/span><\/span><\/p>\n<p style=\"text-align: justify;\"><span style=\"font-size: 10pt;\"><span style=\"font-family: verdana, geneva;\">Iniziamo dal sindaco Vincenzo Gigantelli. Rivolto ai suoi ha detto (come ha fatto sempre dopo ogni rimpasto): \u201cStavolta \u00e8 vero, dobbiamo lavorare, applicarci, dedicarci seriamente e dobbiamo arrivare a fine MANDATO. Sperando che non ci mandino (o ci auto-mandiamo) a casa prima\u2026\u201d<\/span><\/span><\/p>\n<p style=\"text-align: justify;\"><span style=\"font-size: 10pt;\"><span style=\"font-family: verdana, geneva;\">Passiamo al vice-sindaco. Quale dei due? Parliamo dell\u2019 ex vice sindaco Franco D\u2019Addabbo che per\u00f2 \u00e8 (in pectore) il vero vice con Tundo vice-del-vice. Franco fa esattamente ci\u00f2 che faceva prima, ma anche di pi\u00f9, dato che fa ci\u00f2 che dovrebbe fare Tundo ma che, per inesperienza, non fa. Soprannominato \u2018il professore\u2019 perch\u00e9 si \u00e8 scoperto \u00a0insegnante di politica. I suoi alunni sono i ragazzi del Pdl ai quali pare abbia detto: \u2018Far\u00f2 un bel lavoro solo se vi insegner\u00f2 a non essere come me\u2019. Famoso il suo detto: \u2018Pi\u00f9 che sentire, dovete ascoltare\u2019. Ci trova d\u2019accordo: a forza di sentire solamente si rischia di diventare Nico(la) De Grisantis.<\/span><\/span><\/p>\n<p style=\"text-align: justify;\"><span style=\"font-size: 10pt;\"><span style=\"font-family: verdana, geneva;\">E siamo all\u2019altro vice-sindaco: Paolo Tundo. Chi l\u2019ha visto assicura porti la fascia tricolore da sotto la camicia. Quando serve mette l\u2019altra da sopra. \u00c8 il vice-sindaco pi\u00f9 \u2018fasciato\u2019 che esista. L\u2019uomo delle fasce ha detto s\u00ec. L\u2019uomo che ci rappresenter\u00e0 nei paesi vicini. Sguardo fiero. Mente lucida. A volte usata dai suoi colleghi come\u2026 specchio.<\/span><\/span><\/p>\n<p style=\"text-align: justify;\"><span style=\"font-size: 10pt;\"><span style=\"font-family: verdana, geneva;\">Modesto Cazzetta. Dicono di lui che pare abbia detto che, se pu\u00f2 fare il candidato-sindaco D\u2019Addabbo, \u201cfiguriamoci se non lo posso fare io.\u201d Modestamente. Quindi Cazzetta a sindaco? Peccato non possieda le parole per tenere un comizio. Per il momento \u00e8 meglio che si accontenti di fare l\u2019assessore.<\/span><\/span><\/p>\n<p style=\"text-align: justify;\"><span style=\"font-size: 10pt;\"><span style=\"font-family: verdana, geneva;\">Vito Totaro. La cosiddetta \u2018ruota di scorta\u2019 delle Amministrazioni. Arriva per ultimo, occupa i posti e, nel caso, li fa cadere. Portatore sano di iella purissima. Il Marco Masini delle Giunte. Avrebbe voluto tanto, lo sport e campo sportivo. Si deve accontentare del cimitero&#8230; Via xx settembre pre-Vitototaro: tante auto ma si riusciva a transitare. Periodo post-Vitototaro: si formano ingorghi, e che ingorghi! Collabora attivamente nel creare il maxi-ingorgo l\u2019autovettura del neo vice-sindaco Tundo.<\/span><\/span><\/p>\n<p style=\"text-align: justify;\"><span style=\"font-size: 10pt;\"><span style=\"font-family: verdana, geneva;\">Antonio Tateo. Avremmo non voluto scrivere di Tateo (trattasi di antipatia\u2026 reciproca) ma che volete fare, ci tocca! E lo facciamo. Famosa la sua frase dopo il sesto rimpasto: \u2018ho chiuso con la politica\u2019, ma va subito a spalancare tutte le porte, comprese le finestre. E si fa trovare pronto quando il suo Enzo Giga lo chiama a s\u00e9. La mansione \u00e8 in codice Giga: AENN (Assessore Esterno Non Necessario). E ora ci aspettiamo che ingolfi lo spazio della posta in arrivo con commenti poco entusiasti. Scontato.<\/span><\/span><\/p>\n<p style=\"text-align: justify;\"><span style=\"font-size: 10pt;\"><span style=\"font-family: verdana, geneva;\">Giacomo Valentini. La \u2018ciliegia\u2019 \u00e8 finalmente tutta mia. E si dedica alla raccolta dei suoi prodotti preferiti tipici di Turi: porcini, pistacchi, cipolle di Tropea. La sera che precede il settimo rimpasto dichiara di essere ancora indeciso se accettare o meno l\u2019entrata in Giunta. Si scopre poi che aveva deciso gi\u00e0 dal rimpasto precedente.<\/span><\/span><\/p>\n<p style=\"text-align: justify;\"><span style=\"font-size: 10pt;\"><span style=\"font-family: verdana, geneva;\">Gianfranco D\u2019Autilia. Intoccabile. Intelligente. Integro e di sana e robusta costituzione. Individualista. Ispanico. Istrionico quanto basta. Istaminico. Inimitabile. Inarrivabile. Inestimabile. Inaccessibile. Ispido. Intangibile. Ieratico. Idv.<\/span><\/span><\/p>\n<p style=\"text-align: justify;\"><span style=\"font-size: 10pt;\"><span style=\"font-family: verdana, geneva;\"><br \/><\/span><\/span><\/p>\n<p style=\"text-align: center;\"><span style=\"font-size: 10pt;\"><span><strong><span style=\"font-size: 12pt;\">E L\u2019EX ASSESSORE SMISE DI REGALARE BIGLIETTI GRATIS<\/span><\/strong><\/span><\/span><\/p>\n<p style=\"text-align: justify;\"><span style=\"font-size: 10pt;\"><span style=\"font-family: verdana, geneva;\"><strong><img loading=\"lazy\" decoding=\"async\" class=\" size-full wp-image-3381\" src=\"https:\/\/archivioturi.lavocedelpaese.info\/wp-content\/uploads\/2010\/10\/terdeflor.jpg\" width=\"755\" height=\"600\" alt=\"terdeflor\" srcset=\"https:\/\/archivioturi.lavocedelpaese.info\/wp-content\/uploads\/2010\/10\/terdeflor.jpg 755w, https:\/\/archivioturi.lavocedelpaese.info\/wp-content\/uploads\/2010\/10\/terdeflor-300x238.jpg 300w\" sizes=\"auto, (max-width: 755px) 100vw, 755px\" \/><\/strong><\/span><\/span><\/p>\n","protected":false},"excerpt":{"rendered":"<p><img loading=\"lazy\" decoding=\"async\" class=\" size-full wp-image-2067\" src=\"https:\/\/archivioturi.lavocedelpaese.info\/wp-content\/uploads\/2010\/05\/OCCHIOSALATO_SATIRA.jpg\" width=\"320\" height=\"150\" alt=\"OCCHIOSALATO_SATIRA\" srcset=\"https:\/\/archivioturi.lavocedelpaese.info\/wp-content\/uploads\/2010\/05\/OCCHIOSALATO_SATIRA.jpg 640w, https:\/\/archivioturi.lavocedelpaese.info\/wp-content\/uploads\/2010\/05\/OCCHIOSALATO_SATIRA-300x141.jpg 300w\" sizes=\"auto, (max-width: 320px) 100vw, 320px\" \/> <\/p>\n","protected":false},"author":1,"featured_media":2067,"comment_status":"open","ping_status":"closed","sticky":false,"template":"","format":"standard","meta":{"colormag_page_container_layout":"default_layout","colormag_page_sidebar_layout":"default_layout","footnotes":""},"categories":[9],"tags":[],"class_list":["post-3382","post","type-post","status-publish","format-standard","has-post-thumbnail","hentry","category-la-voce-del-paese"],"_links":{"self":[{"href":"https:\/\/archivioturi.lavocedelpaese.info\/index.php\/wp-json\/wp\/v2\/posts\/3382","targetHints":{"allow":["GET"]}}],"collection":[{"href":"https:\/\/archivioturi.lavocedelpaese.info\/index.php\/wp-json\/wp\/v2\/posts"}],"about":[{"href":"https:\/\/archivioturi.lavocedelpaese.info\/index.php\/wp-json\/wp\/v2\/types\/post"}],"author":[{"embeddable":true,"href":"https:\/\/archivioturi.lavocedelpaese.info\/index.php\/wp-json\/wp\/v2\/users\/1"}],"replies":[{"embeddable":true,"href":"https:\/\/archivioturi.lavocedelpaese.info\/index.php\/wp-json\/wp\/v2\/comments?post=3382"}],"version-history":[{"count":0,"href":"https:\/\/archivioturi.lavocedelpaese.info\/index.php\/wp-json\/wp\/v2\/posts\/3382\/revisions"}],"wp:featuredmedia":[{"embeddable":true,"href":"https:\/\/archivioturi.lavocedelpaese.info\/index.php\/wp-json\/wp\/v2\/media\/2067"}],"wp:attachment":[{"href":"https:\/\/archivioturi.lavocedelpaese.info\/index.php\/wp-json\/wp\/v2\/media?parent=3382"}],"wp:term":[{"taxonomy":"category","embeddable":true,"href":"https:\/\/archivioturi.lavocedelpaese.info\/index.php\/wp-json\/wp\/v2\/categories?post=3382"},{"taxonomy":"post_tag","embeddable":true,"href":"https:\/\/archivioturi.lavocedelpaese.info\/index.php\/wp-json\/wp\/v2\/tags?post=3382"}],"curies":[{"name":"wp","href":"https:\/\/api.w.org\/{rel}","templated":true}]}}