{"id":3377,"date":"2010-10-24T06:03:16","date_gmt":"2010-10-24T06:03:16","guid":{"rendered":"https:\/\/archivioturi.lavocedelpaese.info\/index.php\/2010\/10\/24\/a-matteo-immagine-vitale-del-comunismo-a-turi\/"},"modified":"2010-10-24T06:03:16","modified_gmt":"2010-10-24T06:03:16","slug":"a-matteo-immagine-vitale-del-comunismo-a-turi","status":"publish","type":"post","link":"https:\/\/archivioturi.lavocedelpaese.info\/index.php\/2010\/10\/24\/a-matteo-immagine-vitale-del-comunismo-a-turi\/","title":{"rendered":"&#8216;A MATTEO, IMMAGINE VITALE DEL COMUNISMO A TURI&#8217;"},"content":{"rendered":"<p><img loading=\"lazy\" decoding=\"async\" class=\" size-full wp-image-1491\" src=\"https:\/\/archivioturi.lavocedelpaese.info\/wp-content\/uploads\/2010\/02\/matteo_fiorente.jpg\" width=\"320\" height=\"150\" alt=\"matteo_fiorente\" srcset=\"https:\/\/archivioturi.lavocedelpaese.info\/wp-content\/uploads\/2010\/02\/matteo_fiorente.jpg 640w, https:\/\/archivioturi.lavocedelpaese.info\/wp-content\/uploads\/2010\/02\/matteo_fiorente-300x141.jpg 300w\" sizes=\"auto, (max-width: 320px) 100vw, 320px\" \/> <\/p>\n<p style=\"text-align: justify;\"><span style=\"font-size: 10pt;\"><span style=\"font-family: verdana, geneva;\">Questa la frase che qualche anno fa Nichi Vendola scrisse a mano, con una grafia pulita, dedicandola a Matteo Fiorente. Nel frattempo il centro-sinistra si \u00e8 andato e si va sempre pi\u00f9 convincendo che la vera unica speranza di battere Berlusconi \u00e8 proprio lui, Nichi Vendola, il Presidente della regione Puglia, nonch\u00e8 amico ed estimatore di Matteo Fiorente. E ha ragione l\u2019ex senatore Tonino Coppi quando ci dice: \u201cBisognerebbe che non esistesse la televisione, dato che ogni volta che Vendola parla in Tv, fa incetta di preferenze. Signori, se non vogliamo perdere, bisogna non farlo andare in Tv.\u201d <\/span><\/span><\/p>\n<p style=\"text-align: justify;\"><span style=\"font-size: 10pt;\"><span style=\"font-family: verdana, geneva;\"><\/span><\/span><span style=\"font-size: 13px; font-family: verdana, geneva; \">Da vent\u2019anni, il referente di Vendola a Turi \u00e8 l\u2019immarcescibile Matteo Fiorente, attualmente responsabile locale di Rifondazione comunista. <\/span><\/p>\n<p style=\"text-align: justify;\"><span style=\"font-size: 13px; font-family: verdana, geneva; \">Fiorente ha per\u00f2 un rapporto di odio ed amore con Vendola. E ora minaccia alle Primarie di votare Bersani, il segretario del Partito democratico, ma alla nostra domanda: e se il presidente Vendola si scontrasse con Berlusconi e avesse la possibilit\u00e0 di batterlo, il buon Matteo che farebbe? Noi dubitiamo che non voterebbe per Vendola. \u201cNo \u2013 dice Matteo &#8211; farei votare Vendola ma io non lo voterei.\u201d<\/span><\/p>\n<p style=\"text-align: justify;\"><span style=\"font-size: 10pt;\"><span style=\"font-family: verdana, geneva;\">Ma perch\u00e9 tutto questo astio? Sentiamo Fiorente: \u201cSono stato preso in giro sia da Vendola che dalla sua segretaria dato che mi promisero l\u2019avvicinamento per mio figlio da Torino a Bari ma per la legge 104 non \u00e8 stato possibile. In quarant\u2019anni non ho mai chiesto nulla. Una sola volta l\u2019ho fatto e sono stato preso in giro. Avrei preferito che Nichi mi avesse detto subito che non era possibile, l\u2019avrei considerato di pi\u00f9. Io ho fatto di tutto per il partito e per lui che quando veniva per tenere i comizi, io lo andavo a prendere dall\u2019aeroporto e dopo lo riportavo. C\u2019era della complicit\u00e0 fra me e lui, mi rispettava e ci davamo del \u201ctu\u201d.<\/span><\/span><\/p>\n<p style=\"text-align: justify;\"><span style=\"font-size: 10pt;\"><span style=\"font-family: verdana, geneva;\">Comunque, alla fine dell\u2019intervista, ri-esce dalla tasca il piccolo biglietto sgualcito e ce lo rilegge: a Matteo, immagine vitale del comunismo a Turi. Firmato Nichi. E a Matteo gli occhi gli diventano lucidi e a bassa voce dice: \u201cSono soddisfazioni indimenticabili.\u201d<\/span><\/span><\/p>\n","protected":false},"excerpt":{"rendered":"<p><img loading=\"lazy\" decoding=\"async\" class=\" size-full wp-image-1491\" src=\"https:\/\/archivioturi.lavocedelpaese.info\/wp-content\/uploads\/2010\/02\/matteo_fiorente.jpg\" width=\"320\" height=\"150\" alt=\"matteo_fiorente\" srcset=\"https:\/\/archivioturi.lavocedelpaese.info\/wp-content\/uploads\/2010\/02\/matteo_fiorente.jpg 640w, https:\/\/archivioturi.lavocedelpaese.info\/wp-content\/uploads\/2010\/02\/matteo_fiorente-300x141.jpg 300w\" sizes=\"auto, (max-width: 320px) 100vw, 320px\" \/> <\/p>\n","protected":false},"author":1,"featured_media":1491,"comment_status":"open","ping_status":"closed","sticky":false,"template":"","format":"standard","meta":{"colormag_page_container_layout":"default_layout","colormag_page_sidebar_layout":"default_layout","footnotes":""},"categories":[4],"tags":[],"class_list":["post-3377","post","type-post","status-publish","format-standard","has-post-thumbnail","hentry","category-politica"],"_links":{"self":[{"href":"https:\/\/archivioturi.lavocedelpaese.info\/index.php\/wp-json\/wp\/v2\/posts\/3377","targetHints":{"allow":["GET"]}}],"collection":[{"href":"https:\/\/archivioturi.lavocedelpaese.info\/index.php\/wp-json\/wp\/v2\/posts"}],"about":[{"href":"https:\/\/archivioturi.lavocedelpaese.info\/index.php\/wp-json\/wp\/v2\/types\/post"}],"author":[{"embeddable":true,"href":"https:\/\/archivioturi.lavocedelpaese.info\/index.php\/wp-json\/wp\/v2\/users\/1"}],"replies":[{"embeddable":true,"href":"https:\/\/archivioturi.lavocedelpaese.info\/index.php\/wp-json\/wp\/v2\/comments?post=3377"}],"version-history":[{"count":0,"href":"https:\/\/archivioturi.lavocedelpaese.info\/index.php\/wp-json\/wp\/v2\/posts\/3377\/revisions"}],"wp:featuredmedia":[{"embeddable":true,"href":"https:\/\/archivioturi.lavocedelpaese.info\/index.php\/wp-json\/wp\/v2\/media\/1491"}],"wp:attachment":[{"href":"https:\/\/archivioturi.lavocedelpaese.info\/index.php\/wp-json\/wp\/v2\/media?parent=3377"}],"wp:term":[{"taxonomy":"category","embeddable":true,"href":"https:\/\/archivioturi.lavocedelpaese.info\/index.php\/wp-json\/wp\/v2\/categories?post=3377"},{"taxonomy":"post_tag","embeddable":true,"href":"https:\/\/archivioturi.lavocedelpaese.info\/index.php\/wp-json\/wp\/v2\/tags?post=3377"}],"curies":[{"name":"wp","href":"https:\/\/api.w.org\/{rel}","templated":true}]}}