{"id":3376,"date":"2010-10-23T16:00:45","date_gmt":"2010-10-23T16:00:45","guid":{"rendered":"https:\/\/archivioturi.lavocedelpaese.info\/index.php\/2010\/10\/23\/ma-che-razza-di-paese-sara-mai-questo\/"},"modified":"2010-10-23T16:00:45","modified_gmt":"2010-10-23T16:00:45","slug":"ma-che-razza-di-paese-sara-mai-questo","status":"publish","type":"post","link":"https:\/\/archivioturi.lavocedelpaese.info\/index.php\/2010\/10\/23\/ma-che-razza-di-paese-sara-mai-questo\/","title":{"rendered":"MA CHE RAZZA DI PAESE SAR\u00c0 MAI QUESTO?"},"content":{"rendered":"<p><img loading=\"lazy\" decoding=\"async\" class=\" size-full wp-image-3375\" src=\"https:\/\/archivioturi.lavocedelpaese.info\/wp-content\/uploads\/2010\/10\/via_noci_traversa.jpg\" width=\"320\" height=\"150\" alt=\"via_noci_traversa\" srcset=\"https:\/\/archivioturi.lavocedelpaese.info\/wp-content\/uploads\/2010\/10\/via_noci_traversa.jpg 640w, https:\/\/archivioturi.lavocedelpaese.info\/wp-content\/uploads\/2010\/10\/via_noci_traversa-300x141.jpg 300w\" sizes=\"auto, (max-width: 320px) 100vw, 320px\" \/> <\/p>\n<p style=\"text-align: justify;\"><span style=\"font-size: 10pt;\">Riceviamo e pubblichiamo.<\/span><\/p>\n<hr style=\"text-align: justify;\" \/>\n<p style=\"text-align: justify;\"><span style=\"font-size: 10pt;\">Ho chiesto cosa gli fosse accaduto e mi ha raccontato di aver fatto uno strano sogno e di non riuscire ad ambientarlo in un luogo preciso.<\/span><\/p>\n<p><span style=\"font-size: 10pt;\"> <\/span><\/p>\n<p style=\"text-align: justify;\"><span style=\"font-size: 10pt;\">Mi ha detto di aver sognato di vivere in un posto dove gli abitanti sono abili lavoratori mentre una parte di essi riesce ad estrarre dalla terra frutti meravigliosi. Quasi li regala a chi si arricchisce nel rivenderli. Gli altri, invece, che hanno spirito di iniziativa, non potendo ampliare la loro bottega o impiantare un nuovo capannone, sono costretti ad evadere nei Comuni vicini dove amministratori pi\u00f9 sensibili e pi\u00f9 avveduti hanno dotato il loro paese di strutture idonee. \u00c8 un posto davvero strano quello, dove i cittadini dormono come gli struzzi, con la testa sotto l\u2019ala o sotto la sabbia, e quando votano per farsi rappresentare nelle amministrazioni eleggono sempre non coloro che hanno dimostrato di possedere la conoscenza dei problemi, la preparazione per poterli risolvere e la disponibilit\u00e0 per potersi dericare, ma quelli pi\u00f9 sprovveduti, poco competenti e con impegni divergenti.<\/span><\/p>\n<p><span style=\"font-size: 10pt;\"> <\/span><\/p>\n<p style=\"text-align: justify;\"><span style=\"font-size: 10pt;\">Cos\u00ec si ritrovano un sindaco sempre assente e poco efficiente, con chi, ricattando una maggioranza in bilico, si fa nominare vicesindaco, forte del fatto di aver racimolato voti facendo il fattorino, non per essersi accreditato sul piano politico. Gli assessori, pedine con scarsa dignit\u00e0, sono trattati come calciatori: prima convocati, poi mandati in panchina e poi ancora riconvocati per sostituire quelli che hanno abbandonato il campo in forma di protesta. Mentre tra i consiglieri ci sono quelli che cambiano casacca.<\/span><\/p>\n<p><span style=\"font-size: 10pt;\"> <\/span><\/p>\n<p style=\"text-align: justify;\"><span style=\"font-size: 10pt;\">\u00c8 un paese che per alcuni decenni non ha visto l\u2019apertura di una sola nuova strada, ma dove si continua a costruire in modo indiscriminato e caotico, a volte bloccando o facendo deviare le strade, come il prolungamento di quella di un grande supermercato.<\/span><\/p>\n<p><span style=\"font-size: 10pt;\"> <\/span><\/p>\n<p style=\"text-align: justify;\"><span style=\"font-size: 10pt;\">\u00c8 un paese dove l\u2019inefficienza regna sovrana perch\u00e9 accade anche che prima si realizzano le opere pubbliche e poi si demoliscono.<\/span><\/p>\n<p><span style=\"font-size: 10pt;\"> <\/span><\/p>\n<p style=\"text-align: justify;\"><span style=\"font-size: 10pt;\">\u00c8 un paese dove la scarsa competenza tecnica non riesce a centrare un rond\u00f2, dove le strade sono diventate gruviere ed i viali dei giardini pubbbici piste ciclabili.<\/span><\/p>\n<p><span style=\"font-size: 10pt;\"> <\/span><\/p>\n<p style=\"text-align: justify;\"><span style=\"font-size: 10pt;\">\u00c8 un paese dove la dimostrata inefficienza amministrativa \u00e8 figlia legittima di una pi\u00f9 generalizzata mentalit\u00e0 sub-culturale e castrante.<\/span><\/p>\n<p><span style=\"font-size: 10pt;\"> <\/span><\/p>\n<p style=\"text-align: justify;\"><span style=\"font-size: 10pt;\">\u00c8 un paese del quale sono tutti scontenti, ma che nessuno tenta di migliorare. Come si potrebbe definire un posto cos\u00ec, dove undicimila abitanti non sono mai riusciti ad esprimere una decina di uomini saggi, onesti e capaci per invertire le decadenti sorti?<\/span><\/p>\n<p><span style=\"font-size: 10pt;\"> <\/span><\/p>\n<p style=\"text-align: justify;\"><span style=\"font-size: 10pt;\">\u00c8 un paese dove tutto \u00e8 il contrario di tutto.<\/span><\/p>\n<p><span style=\"font-size: 10pt;\"> <\/span><\/p>\n<p style=\"text-align: justify;\"><span style=\"font-size: 10pt;\">Ma che razza di paese sar\u00e0 mai questo? Ricordo che si scriveva con quattro lettere e che gli abitanti si chiamassero turisti, non interessati ai problemi locali.<\/span><\/p>\n<p><span style=\"font-size: 10pt;\"> <\/span><\/p>\n<p style=\"text-align: justify;\"><span style=\"font-size: 10pt;\">Caro amico, mi sa tanto che questo sogno coincida con la nostra realt\u00e0, perch\u00e9 questo paese mi pare proprio di conoscerlo, in quanto \u00e8 simile a quello che abbiamo sotto gli occhi. Per cui, avendo preso coscienza di questa amara realt\u00e0, per non continuare ad annegare in questa palude, mi auguro che in te possa prevalere quel doveroso senso civico di cittadino ben pensante, di uomo, e di padre di famiglia, per gettare le basi di un futuro migliore. \u201cAd maiora amico\u201d.<\/span><\/p>\n<p><span style=\"font-size: 10pt;\"> <\/span><\/p>\n<p style=\"text-align: justify;\"><span style=\"font-size: 10pt;\">Turi, 18 ottobre.<\/span><\/p>\n<p><span style=\"font-family: verdana, geneva;\"> <\/span><\/p>\n<p style=\"text-align: justify;\">\u00a0<\/p>\n","protected":false},"excerpt":{"rendered":"<p><img loading=\"lazy\" decoding=\"async\" class=\" size-full wp-image-3375\" src=\"https:\/\/archivioturi.lavocedelpaese.info\/wp-content\/uploads\/2010\/10\/via_noci_traversa.jpg\" width=\"320\" height=\"150\" alt=\"via_noci_traversa\" srcset=\"https:\/\/archivioturi.lavocedelpaese.info\/wp-content\/uploads\/2010\/10\/via_noci_traversa.jpg 640w, https:\/\/archivioturi.lavocedelpaese.info\/wp-content\/uploads\/2010\/10\/via_noci_traversa-300x141.jpg 300w\" sizes=\"auto, (max-width: 320px) 100vw, 320px\" \/> <\/p>\n","protected":false},"author":1,"featured_media":3375,"comment_status":"open","ping_status":"closed","sticky":false,"template":"","format":"standard","meta":{"colormag_page_container_layout":"default_layout","colormag_page_sidebar_layout":"default_layout","footnotes":""},"categories":[7],"tags":[],"class_list":["post-3376","post","type-post","status-publish","format-standard","has-post-thumbnail","hentry","category-attualita"],"_links":{"self":[{"href":"https:\/\/archivioturi.lavocedelpaese.info\/index.php\/wp-json\/wp\/v2\/posts\/3376","targetHints":{"allow":["GET"]}}],"collection":[{"href":"https:\/\/archivioturi.lavocedelpaese.info\/index.php\/wp-json\/wp\/v2\/posts"}],"about":[{"href":"https:\/\/archivioturi.lavocedelpaese.info\/index.php\/wp-json\/wp\/v2\/types\/post"}],"author":[{"embeddable":true,"href":"https:\/\/archivioturi.lavocedelpaese.info\/index.php\/wp-json\/wp\/v2\/users\/1"}],"replies":[{"embeddable":true,"href":"https:\/\/archivioturi.lavocedelpaese.info\/index.php\/wp-json\/wp\/v2\/comments?post=3376"}],"version-history":[{"count":0,"href":"https:\/\/archivioturi.lavocedelpaese.info\/index.php\/wp-json\/wp\/v2\/posts\/3376\/revisions"}],"wp:featuredmedia":[{"embeddable":true,"href":"https:\/\/archivioturi.lavocedelpaese.info\/index.php\/wp-json\/wp\/v2\/media\/3375"}],"wp:attachment":[{"href":"https:\/\/archivioturi.lavocedelpaese.info\/index.php\/wp-json\/wp\/v2\/media?parent=3376"}],"wp:term":[{"taxonomy":"category","embeddable":true,"href":"https:\/\/archivioturi.lavocedelpaese.info\/index.php\/wp-json\/wp\/v2\/categories?post=3376"},{"taxonomy":"post_tag","embeddable":true,"href":"https:\/\/archivioturi.lavocedelpaese.info\/index.php\/wp-json\/wp\/v2\/tags?post=3376"}],"curies":[{"name":"wp","href":"https:\/\/api.w.org\/{rel}","templated":true}]}}