{"id":3348,"date":"2010-10-21T15:05:44","date_gmt":"2010-10-21T15:05:44","guid":{"rendered":"https:\/\/archivioturi.lavocedelpaese.info\/index.php\/2010\/10\/21\/il-dirigente-verni-replica-ai-genitori\/"},"modified":"2010-10-21T15:05:44","modified_gmt":"2010-10-21T15:05:44","slug":"il-dirigente-verni-replica-ai-genitori","status":"publish","type":"post","link":"https:\/\/archivioturi.lavocedelpaese.info\/index.php\/2010\/10\/21\/il-dirigente-verni-replica-ai-genitori\/","title":{"rendered":"IL DIRIGENTE VERN\u00cc REPLICA AI GENITORI"},"content":{"rendered":"<p><img loading=\"lazy\" decoding=\"async\" class=\" size-full wp-image-3231\" alt=\"vern\" height=\"150\" width=\"320\" src=\"https:\/\/archivioturi.lavocedelpaese.info\/wp-content\/uploads\/2010\/10\/vern.jpg\" srcset=\"https:\/\/archivioturi.lavocedelpaese.info\/wp-content\/uploads\/2010\/10\/vern.jpg 640w, https:\/\/archivioturi.lavocedelpaese.info\/wp-content\/uploads\/2010\/10\/vern-300x141.jpg 300w\" sizes=\"auto, (max-width: 320px) 100vw, 320px\" \/> <\/p>\n<p style=\"text-align: justify;\"><span style=\"font-size: 10pt;\"><span style=\"font-family: verdana, geneva;\">Dopo l\u2019increscioso episodio avvenuto lo scorso 19 Ottobre all\u2019ingresso del padiglione A della Scuola Primaria, abbiamo ascoltato il <\/span><\/span><strong><span style=\"font-size: 10pt;\"><span style=\"font-family: verdana, geneva;\">dirigente G. Vern\u00ec<\/span><\/span><\/strong><span style=\"font-size: 10pt;\"><span style=\"font-family: verdana, geneva;\">, protagonista di una vicenda definita \u201csurreale ed inenarrabile\u201d e che merita qualche chiarimento. Numerose sono state le espressioni di sostegno al direttore, accolte dai commenti, per strada o attraverso missive, ma altrettante le accuse, giunte in questi 2 giorni sul nostro forum all\u2019<a target=\"_blank\" href=\"attualita\/2045-problemi-alluscita-dei-bambini-da-scuola.html\" rel=\"noopener\">articolo di ieri<\/a><\/span><\/span><span style=\"font-size: 10pt;\"><span style=\"font-family: verdana, geneva;\">.<\/span><\/span><\/p>\n<p style=\"text-align: justify;\"><span style=\"font-size: 10pt;\"><span style=\"font-family: verdana, geneva;\">Sulla vicenda, abbiamo ascoltato le parole del dirigente del Circolo Didattico \u201cDe Donato Giannini\u201d che ci spiega di aver assistito a comportamenti inspiegabili e certamente non consoni per l\u2019ambiente scolastico in cui si svolgevano. \u201cSinceramente \u2013 afferma \u2013 quando sono giunto al padiglione in questione alle ore 12:45, richiamato dai miei collaboratori, mi sono ritrovato diversi genitori non all\u2019ingresso del plesso, come qualcuno ha affermato, bens\u00ec all\u2019interno\u201d. Genitori o parenti degli alunni, 20 minuti prima del termine delle lezioni, che ricordiamo essere alle 13:00, nei corridoi, dietro le porte o ancora all\u2019interno delle stesse classi si affrettavano a prelevare i propri figli, trasgredendo le norme scolastiche.<\/span><\/span><\/p>\n<p style=\"text-align: justify;\"><span style=\"font-size: 10pt;\"><span style=\"font-family: verdana, geneva;\">Il Codice civile, infatti, stabilisce che durante l\u2019orario scolastico e all\u2019interno degli edifici preposti, il docente vigila sui minori e su di lui ricade la responsabilit\u00e0 degli stessi. \u201cIl comportamento di molti genitori, entrati prepotentemente all\u2019interno della scuola o, ancora pi\u00f9 gravemente, all\u2019interno delle classi, ha reso non solo pi\u00f9 difficoltoso il lavoro dei docenti, ma aggravato l\u2019attivit\u00e0 dei collaboratori\u201d. Ombrelli gocciolanti e abiti bagnati non hanno fatto altro che rendere il pavimento e le scale della struttura scivolose, con grande rischio per tutti i bambini. La responsabilit\u00e0 su ognuno di loro, riferendosi ad una struttura scolastica e all\u2019orario precedente al termine delle lezioni, ricade pienamente sul personale, docente e non, e quindi, sul dirigente. Gi\u00e0 in precedenza comunque, sostiene Vern\u00ec, in seno al Consiglio di Circolo (10\/09), al Collegio docenti (13\/09) e infine al Consiglio d\u2019Istituto (30\/09), era stata data grande attenzione al \u201cproblema pioggia\u201d e all\u2019entrata dei genitori nei padiglioni, interrompendo le lezioni e creando difficolt\u00e0 nella gestione dei bambini. In questa occasione, infatti, come \u00e8 possibile leggere dagli atti, \u00e8 stato detto esplicitamente che non era ammesso l\u2019ingresso dei genitori nei padiglioni e che, in caso di pioggia, i bambini, muniti di ombrelli o impermeabili, sarebbero usciti dai cancelli accompagnati dai rispettivi docenti. <\/span><\/span><\/p>\n<p style=\"text-align: justify;\"><span style=\"font-size: 10pt;\"><span style=\"font-family: verdana, geneva;\">Tutte queste informazioni, quindi, erano gi\u00e0 all\u2019albo scolastico e comunicate ulteriormente ai genitori, agli organi collegiali, ai docenti e al personale ATA. \u201cQuindi, &#8211; continua il Sig. Vern\u00ec \u2013 la scena alla quale ho assistito, mi \u00e8 parsa inspiegabile e spero non si ripeta pi\u00f9\u201d.<\/span><\/span><\/p>\n<p style=\"text-align: justify;\"><span style=\"font-size: 10pt;\"><span style=\"font-family: verdana, geneva;\">\u201c<strong>Il mio interesse<\/strong> \u2013 conclude il dirigente- <strong>mira al benessere, alla tutela, all\u2019educazione, al rispetto, all\u2019istruzione e alla sicurezza dei piccoli utenti<\/strong> che vivono nella mia realt\u00e0 scolastica. Sono pienamente d\u2019accordo con coloro che ricercano la piena collaborazione tra la scuola e le famiglie, ma che questa <strong>collaborazione sia basata sul rispetto delle normative vigenti in ambito scolastico<\/strong>, sin dagli anni \u201870\u201d. Infine, aggiunge Vern\u00ec che provveder\u00e0 presto a comunicare, per iscritto e a tutte le famiglie i provvedimenti che verranno presi in seno alla gestione scolastica, affinch\u00e9 non possano pi\u00f9 verificarsi situazioni come quella a cui si \u00e8 assistito lo scorso 19 ottobre.<\/span><\/span><\/p>\n","protected":false},"excerpt":{"rendered":"<p><img loading=\"lazy\" decoding=\"async\" class=\" size-full wp-image-3231\" alt=\"vern\" height=\"150\" width=\"320\" src=\"https:\/\/archivioturi.lavocedelpaese.info\/wp-content\/uploads\/2010\/10\/vern.jpg\" srcset=\"https:\/\/archivioturi.lavocedelpaese.info\/wp-content\/uploads\/2010\/10\/vern.jpg 640w, https:\/\/archivioturi.lavocedelpaese.info\/wp-content\/uploads\/2010\/10\/vern-300x141.jpg 300w\" sizes=\"auto, (max-width: 320px) 100vw, 320px\" \/> <\/p>\n","protected":false},"author":1,"featured_media":3231,"comment_status":"open","ping_status":"closed","sticky":false,"template":"","format":"standard","meta":{"colormag_page_container_layout":"default_layout","colormag_page_sidebar_layout":"default_layout","footnotes":""},"categories":[7],"tags":[],"class_list":["post-3348","post","type-post","status-publish","format-standard","has-post-thumbnail","hentry","category-attualita"],"_links":{"self":[{"href":"https:\/\/archivioturi.lavocedelpaese.info\/index.php\/wp-json\/wp\/v2\/posts\/3348","targetHints":{"allow":["GET"]}}],"collection":[{"href":"https:\/\/archivioturi.lavocedelpaese.info\/index.php\/wp-json\/wp\/v2\/posts"}],"about":[{"href":"https:\/\/archivioturi.lavocedelpaese.info\/index.php\/wp-json\/wp\/v2\/types\/post"}],"author":[{"embeddable":true,"href":"https:\/\/archivioturi.lavocedelpaese.info\/index.php\/wp-json\/wp\/v2\/users\/1"}],"replies":[{"embeddable":true,"href":"https:\/\/archivioturi.lavocedelpaese.info\/index.php\/wp-json\/wp\/v2\/comments?post=3348"}],"version-history":[{"count":0,"href":"https:\/\/archivioturi.lavocedelpaese.info\/index.php\/wp-json\/wp\/v2\/posts\/3348\/revisions"}],"wp:featuredmedia":[{"embeddable":true,"href":"https:\/\/archivioturi.lavocedelpaese.info\/index.php\/wp-json\/wp\/v2\/media\/3231"}],"wp:attachment":[{"href":"https:\/\/archivioturi.lavocedelpaese.info\/index.php\/wp-json\/wp\/v2\/media?parent=3348"}],"wp:term":[{"taxonomy":"category","embeddable":true,"href":"https:\/\/archivioturi.lavocedelpaese.info\/index.php\/wp-json\/wp\/v2\/categories?post=3348"},{"taxonomy":"post_tag","embeddable":true,"href":"https:\/\/archivioturi.lavocedelpaese.info\/index.php\/wp-json\/wp\/v2\/tags?post=3348"}],"curies":[{"name":"wp","href":"https:\/\/api.w.org\/{rel}","templated":true}]}}