{"id":3273,"date":"2010-10-14T19:20:03","date_gmt":"2010-10-14T19:20:03","guid":{"rendered":"https:\/\/archivioturi.lavocedelpaese.info\/index.php\/2010\/10\/14\/conferenza-stampa-ato-le-domande-dei-giornalisti\/"},"modified":"2010-10-14T19:20:03","modified_gmt":"2010-10-14T19:20:03","slug":"conferenza-stampa-ato-le-domande-dei-giornalisti","status":"publish","type":"post","link":"https:\/\/archivioturi.lavocedelpaese.info\/index.php\/2010\/10\/14\/conferenza-stampa-ato-le-domande-dei-giornalisti\/","title":{"rendered":"CONFERENZA STAMPA ATO, LE DOMANDE DEI GIORNALISTI"},"content":{"rendered":"<p><img loading=\"lazy\" decoding=\"async\" class=\" size-full wp-image-3272\" alt=\"Immagine2\" height=\"150\" width=\"320\" src=\"https:\/\/archivioturi.lavocedelpaese.info\/wp-content\/uploads\/2010\/10\/Immagine2.jpg\" srcset=\"https:\/\/archivioturi.lavocedelpaese.info\/wp-content\/uploads\/2010\/10\/Immagine2.jpg 1000w, https:\/\/archivioturi.lavocedelpaese.info\/wp-content\/uploads\/2010\/10\/Immagine2-300x141.jpg 300w, https:\/\/archivioturi.lavocedelpaese.info\/wp-content\/uploads\/2010\/10\/Immagine2-768x360.jpg 768w\" sizes=\"auto, (max-width: 320px) 100vw, 320px\" \/><\/p>\n<p style=\"text-align: justify;\"><span style=\"font-size: 10pt;\">Cerchiamo di riassumere le domande rivolte dai giornalisti a margine della conferenza stampa di cui vi riferivamo.<\/span><\/p>\n<p style=\"text-align: justify;\"><span style=\"font-size: 10pt;\">La prima questione sollevata \u00e8 il dissenso-dubbio, espresso da parte dei sindaci durante l\u2019ultimo asssembleato ATO, sul <strong>ruolo con cui Lovascio avrebbe tenuto la conferenza<\/strong>. Secca la replica: \u201cMi chiamo Giuseppe Lovascio, sono Sindaco di Conversano e Presidente dell\u2019ATO, la qualit\u00e0 sceglietela voi\u201d. Ad integrazione, il vicesindaco Tony Bugna aggiunge che \u201cera doveroso mettere a conoscenza i cittadini sui vari passaggi, si \u00e8 avuta \u2013 inoltre \u2013 la premura di invitare i sindaci del bacino per un contributo condiviso alla chiarezza\u201d.<\/span><\/p>\n<p style=\"text-align: justify;\"><span style=\"font-size: 10pt;\">Viene poi fatto notare che il Vicesindaco di Cellamare ha proposto la <strong>sfiducia verso il Presidente, in nome della conflittualit\u00e0 tra le due cariche<\/strong> che avrebbe spinto al ricorso e quindi all\u2019emergenza. \u201cIl ricorso era pi\u00f9 che legittimo: se si dovesse ravvisare un problema ambientale \u2013 ha argomentato Lovascio \u2013 e la discarica fosse sequestrata, tutti i 21 Comuni rischierebbero lo stato d\u2019emergenza. Tra l\u2019altro, in quasi tutta Italia, i presidenti ATO sono i sindaci dei Comuni che ospitano la discarica, il caso anomalo era il nostro\u201d.<\/span><\/p>\n<p style=\"text-align: justify;\"><span style=\"font-size: 10pt;\">Nel consiglio comunale di Mola l\u2019ultima ordinanza \u00e8 stata definita una \u201cvera beffa\u201d e non si \u00e8 esclusa l\u2019ipotesi di impugnarla. Si chiede quale posizione assumerebbe il Comune di Conversano. \u201cOggi <strong>l\u2019interesse primario \u00e8 evitare l\u2019emergenza<\/strong>, un amministratore ha delle responsabilit\u00e0. Non vedo nessun problema a conferire i rifiuti in c.da Martucci per un periodo circoscritto. Non saranno sette giorni a cambiare la storia di trenta anni\u201d.<\/span><\/p>\n<p style=\"text-align: justify;\"><span style=\"font-size: 10pt;\">Emerge, inoltre, che il 7 novembre scade il periodo utile per depositare le proprie osservazioni sullo Studio Impatto Ambientale, preliminare alla modifica dell\u2019AIA che se andasse in porto autorizzerebbe il famoso sopralzo. Longo, per parte sua, attende le garanzie di carattere sanitario da parte di Arpa e Asl ma tiene a rilevare che \u201cqualora l\u2019impianto parta come stabilito, automaticamente s\u2019interrompe l\u2019esercizio della discarica Lombardi\u201d. \u201cNell\u2019evenienza che l\u2019impianto non dovesse partire nei tempi stabili o l\u2019assessore Nicastro impugnasse la sentenza del TAR, avremmo margini sufficienti per agire in qualsiasi direzione\u201d \u2013 rassicura il primo cittadino.<\/span><\/p>\n<p style=\"text-align: justify;\"><span style=\"font-size: 10pt;\">Alla domanda su quali impegni il nostro Comune assumer\u00e0 per <strong>incoraggiare la raccolta differenziata<\/strong>, l\u2019ing. Longo \u2013 direttore dell\u2019Ufficio Ambiente \u2013 spiega come \u201cnon sia economicamente vantaggioso cambiare un servizio (quello offerto dalla TRA.DE.CO) durante l\u2019ultimo anno. Tuttavia, da subito, verr\u00e0 potenziata la raccolta differenziata stradale con l\u2019aggiunta di pi\u00f9 cassonetti, regoleremo meglio il centro di via Castellana e organizzeremo apposite campagne di sensibilizzazione\u201d.<\/span><\/p>\n<p style=\"text-align: justify;\"><span style=\"font-size: 10pt;\">Su sollecitazione di alcuni ragazzi, poi, il Comune si far\u00e0 carico dell\u2019<strong>istituzione di \u201cEco punti\u201d<\/strong> e \u2013 guardando al futuro \u2013 l\u2019Ufficio Ambiente sta per presentare la bozza del nuovo progetto per il Servizio di raccolta in Commissione Ambiente. \u201cTale bozza \u2013 prosegue Longo \u2013 sar\u00e0 oggetto di un confronto partecipato, della durata di un paio di mesi, con tutti i portatori d\u2019interesse. Dopo aver acquisito e integrato le indicazioni praticabili, il documento ritorner\u00e0 in Commissione per essere approvato in via definitiva. La gara dovrebbe partire non oltre febbraio-marzo <\/span><st1:metricconverter productid=\"2011\u201d\" w:st=\"on\"><span style=\"font-size: 10pt;\">2011\u201d<\/span><\/st1:metricconverter><span style=\"font-size: 10pt;\">.<\/span><\/p>\n<p style=\"text-align: justify;\"><span style=\"font-size: 10pt;\">Ultimo quesito riguarda lo <strong>smaltimento delle eco balle<\/strong>. \u201cIn teoria \u2013 risponde Lovascio \u2013 \u00e8 un problema che non ci riguarda, in pratica s\u00ec. Le eco balle sono un bene del privato a differenza del rifiuto, dunque \u00e8 il privato che dovr\u00e0 provvedere. Dalle notizie in nostro possesso, a Massafra vengono accolte eco balle che arrivano da molto lontano (Veneto): dovremo fare in modo, anche tramite appetibili soluzioni commerciali, che al posto di quelle eco balle vadano le nostre.<\/span><\/p>\n<p><object data=\"http:\/\/blip.tv\/play\/hbNQgoSPZAA%2Em4v\" type=\"application\/x-shockwave-flash\" height=\"300\" width=\"400\"><param name=\"src\" value=\"http:\/\/blip.tv\/play\/hbNQgoSPZAA%2Em4v\" \/><\/object><br \/>\n<object data=\"http:\/\/blip.tv\/play\/hbNQgoSYAAA%2Em4v\" type=\"application\/x-shockwave-flash\" height=\"300\" width=\"400\"><param name=\"src\" value=\"http:\/\/blip.tv\/play\/hbNQgoSYAAA%2Em4v\" \/><\/object><\/p>\n","protected":false},"excerpt":{"rendered":"<p><img loading=\"lazy\" decoding=\"async\" class=\" size-full wp-image-3272\" alt=\"Immagine2\" height=\"150\" width=\"320\" src=\"https:\/\/archivioturi.lavocedelpaese.info\/wp-content\/uploads\/2010\/10\/Immagine2.jpg\" srcset=\"https:\/\/archivioturi.lavocedelpaese.info\/wp-content\/uploads\/2010\/10\/Immagine2.jpg 1000w, https:\/\/archivioturi.lavocedelpaese.info\/wp-content\/uploads\/2010\/10\/Immagine2-300x141.jpg 300w, https:\/\/archivioturi.lavocedelpaese.info\/wp-content\/uploads\/2010\/10\/Immagine2-768x360.jpg 768w\" sizes=\"auto, (max-width: 320px) 100vw, 320px\" \/><\/p>\n","protected":false},"author":1,"featured_media":3272,"comment_status":"open","ping_status":"closed","sticky":false,"template":"","format":"standard","meta":{"colormag_page_container_layout":"default_layout","colormag_page_sidebar_layout":"default_layout","footnotes":""},"categories":[7],"tags":[],"class_list":["post-3273","post","type-post","status-publish","format-standard","has-post-thumbnail","hentry","category-attualita"],"_links":{"self":[{"href":"https:\/\/archivioturi.lavocedelpaese.info\/index.php\/wp-json\/wp\/v2\/posts\/3273","targetHints":{"allow":["GET"]}}],"collection":[{"href":"https:\/\/archivioturi.lavocedelpaese.info\/index.php\/wp-json\/wp\/v2\/posts"}],"about":[{"href":"https:\/\/archivioturi.lavocedelpaese.info\/index.php\/wp-json\/wp\/v2\/types\/post"}],"author":[{"embeddable":true,"href":"https:\/\/archivioturi.lavocedelpaese.info\/index.php\/wp-json\/wp\/v2\/users\/1"}],"replies":[{"embeddable":true,"href":"https:\/\/archivioturi.lavocedelpaese.info\/index.php\/wp-json\/wp\/v2\/comments?post=3273"}],"version-history":[{"count":0,"href":"https:\/\/archivioturi.lavocedelpaese.info\/index.php\/wp-json\/wp\/v2\/posts\/3273\/revisions"}],"wp:featuredmedia":[{"embeddable":true,"href":"https:\/\/archivioturi.lavocedelpaese.info\/index.php\/wp-json\/wp\/v2\/media\/3272"}],"wp:attachment":[{"href":"https:\/\/archivioturi.lavocedelpaese.info\/index.php\/wp-json\/wp\/v2\/media?parent=3273"}],"wp:term":[{"taxonomy":"category","embeddable":true,"href":"https:\/\/archivioturi.lavocedelpaese.info\/index.php\/wp-json\/wp\/v2\/categories?post=3273"},{"taxonomy":"post_tag","embeddable":true,"href":"https:\/\/archivioturi.lavocedelpaese.info\/index.php\/wp-json\/wp\/v2\/tags?post=3273"}],"curies":[{"name":"wp","href":"https:\/\/api.w.org\/{rel}","templated":true}]}}