{"id":3236,"date":"2010-10-11T12:47:44","date_gmt":"2010-10-11T12:47:44","guid":{"rendered":"https:\/\/archivioturi.lavocedelpaese.info\/index.php\/2010\/10\/11\/ho-rubato-la-pioggia-con-eleutera\/"},"modified":"2010-10-11T12:47:44","modified_gmt":"2010-10-11T12:47:44","slug":"ho-rubato-la-pioggia-con-eleutera","status":"publish","type":"post","link":"https:\/\/archivioturi.lavocedelpaese.info\/index.php\/2010\/10\/11\/ho-rubato-la-pioggia-con-eleutera\/","title":{"rendered":"HO RUBATO LA PIOGGIA CON ELEUTERA"},"content":{"rendered":"<p><img loading=\"lazy\" decoding=\"async\" class=\" size-full wp-image-3235\" width=\"320\" src=\"https:\/\/archivioturi.lavocedelpaese.info\/wp-content\/uploads\/2010\/10\/ruotolo_13.jpg\" alt=\"ruotolo_13\" height=\"150\" srcset=\"https:\/\/archivioturi.lavocedelpaese.info\/wp-content\/uploads\/2010\/10\/ruotolo_13.jpg 640w, https:\/\/archivioturi.lavocedelpaese.info\/wp-content\/uploads\/2010\/10\/ruotolo_13-300x141.jpg 300w\" sizes=\"auto, (max-width: 320px) 100vw, 320px\" \/> <\/p>\n<p style=\"text-align: justify;\"><span style=\"font-size: 10pt;\"><span style=\"font-family: verdana, geneva;\">Con l\u2019ausilio dei ragazzi di una classe terza della scuola media \u201cR. Resta\u201d di Turi, guidati dalla prof.ssa Girolamo, presso la libreria Eleutera di Turi, il Presidio del Libro ha ospitato nella serata di domenica 10 ottobre, <\/span><\/span><strong><span style=\"font-size: 10pt;\"><span style=\"font-family: verdana, geneva;\">Elisa Ruotolo<\/span><\/span><\/strong><span style=\"font-size: 10pt;\"><span style=\"font-family: verdana, geneva;\">. Definita dalla critica \u201cmigliore autrice esordiente\u201d, la Ruotolo ha presentato \u201c<\/span><\/span><strong><span style=\"font-size: 10pt;\"><span style=\"font-family: verdana, geneva;\">Ho rubato la pioggia<\/span><\/span><\/strong><span style=\"font-size: 10pt;\"><span style=\"font-family: verdana, geneva;\">\u201d.<\/span><\/span><\/p>\n<p style=\"text-align: justify;\"><span style=\"font-size: 10pt;\"><span style=\"font-family: verdana, geneva;\">Libro d\u2019esordio, racchiude tre storie, tre racconti lunghi, che sono lo specchio di una provincia campana superstiziosa, una terra di mestieri inverosimili da tempi immemorabili. Storie di gente che vive tra le coppe di latta dei tornei di paese e l\u2019oro comprato nei vicoli di Forcella per rivenderlo in casa. Apparentemente immobile, \u00e8 sotterraneamente brulicante, si muove interamente attorno al tema della famiglia. In tutti e tre i racconti \u00e8 la donna, come madre, che alimenta e determina la vita di coloro che le stanno attorno, che lei crea.<\/span><\/span><\/p>\n<p style=\"text-align: justify;\"><span style=\"font-size: 10pt;\"><span style=\"font-family: verdana, geneva;\">\u201cLa famiglia plasma il futuro cittadino e grazie alla mia esperienza mi \u00e8 capitato di capire che ogni figlio \u00e8 specchio della famiglia in cui nasce e cresce e porta con s\u00e9 il bagaglio della sua famiglia\u201d \u2013 ha commentato la Ruotolo.<\/span><\/span><\/p>\n<p style=\"text-align: justify;\"><span style=\"font-size: 10pt;\"><span style=\"font-family: verdana, geneva;\">Nel primo racconto, il figlio dell\u2019allenatore di una squadra di calcio che perde in continuazione entra al posto del centravanti e la squadra comincia a vincere. E vince tanto che iniziano a chiamarlo \u201c<\/span><\/span><strong><span style=\"font-size: 10pt;\"><span style=\"font-family: verdana, geneva;\">Molto leggenda<\/span><\/span><\/strong><span style=\"font-size: 10pt;\"><span style=\"font-family: verdana, geneva;\">\u201d. L\u2019osservatore di un club lo seleziona, ma nei campi di serie A il ragazzo si perde. Non si sente all\u2019altezza e si rende conto che non vuole essere una leggenda, un eroe, ma una persona \u201cnormale\u201d.<\/span><\/span><\/p>\n<p style=\"text-align: justify;\"><span style=\"font-size: 10pt;\"><span style=\"font-family: verdana, geneva;\">\u201c<\/span><\/span><strong><span style=\"font-size: 10pt;\"><span style=\"font-family: verdana, geneva;\">Il bambino \u00e8 tornato a casa<\/span><\/span><\/strong><span style=\"font-size: 10pt;\"><span style=\"font-family: verdana, geneva;\">\u201d racconta di una madre che perde suo figlio e lo attende invano per tanti anni. La sua vita \u201cva a rotoli\u201d, finch\u00e9 un giorno, davanti alla porta di casa, si presenta un uomo, forse suo figlio.<\/span><\/span><\/p>\n<p style=\"text-align: justify;\"><span style=\"font-size: 10pt;\"><span style=\"font-family: verdana, geneva;\">Il ragazzino senza madre di \u201c<\/span><\/span><strong><span style=\"font-size: 10pt;\"><span style=\"font-family: verdana, geneva;\">Guardami<\/span><\/span><\/strong><span style=\"font-size: 10pt;\"><span style=\"font-family: verdana, geneva;\">\u201d, invece, abita con il padre e con Silvia, una ragazza che vive pulendo le case degli altri. Cesare, l\u2019amico di famiglia, si innamora di lei ma non riesce a dirlo. Il giovane narratore s\u2019insinuer\u00e0 in modo decisivo nello scambio silenzioso.<\/span><\/span><\/p>\n<p style=\"text-align: justify;\"><span style=\"font-size: 10pt;\"><span style=\"font-family: verdana, geneva;\">In ogni racconto c\u2019\u00e8 una fuga, un lento ma inesorabile sparire di chi \u201cnon ha saputo pi\u00f9 tornare\u201d. Tutti sono alla ricerca di qualcosa senza ben sapere cosa e, ognuno a suo modo, finisce per ritrovarsi in un determinato momento a \u201crubare la pioggia\u201d, cio\u00e8 a tentare l\u2019improbabile, ad assumere un ruolo improprio, ad imitare in modo beffardo la vita.<\/span><\/span><\/p>\n<p style=\"text-align: justify;\"><span style=\"font-size: 10pt;\"><span style=\"font-family: verdana, geneva;\">&#8220;Elisa Ruotolo ha un vero dono narrativo&#8221; &#8211; scrivono le critiche, e lo ha riconosciuto anche Alina Laruccia. Le sue storie costruiscono un mondo con tranquilla ineluttabilit\u00e0, e poi lo sospendono a quei piccoli scarti della vita che somigliano al destino. Non \u00e8 un caso che lei nomina Fante, Carver, ma anche Pessoa e C\u00e9line, dai quali riprende uno stile scabro e paziente. \u201cAttenzione per le cose minime dell\u2019esistenza\u201d \u2013 sottolinea l\u2019autrice. La sua scrittura, come la sua presenza, quasi a voler chiedere scusa per il fastidio recato ai presenti, sono gli ingredienti per poter raccontare la realt\u00e0 da angolazioni non convenzionali, ma con movimenti minimi dell\u2019occhio narrativo.<\/span><\/span><\/p>\n<p style=\"text-align: justify;\"><span style=\"font-size: 10pt;\"><span style=\"font-family: verdana, geneva;\">Un ringraziamento finale della Ruotolo \u00e8 andato ai ragazzi della III media della prof.ssa Girolamo che hanno reso visivamente con la loro rappresentazione il leggendario mondo di Federico \u201cMolto Leggenda\u201d.<\/span><\/span><\/p>\n<p><object data=\"http:\/\/picasaweb.google.it\/s\/c\/bin\/slideshow.swf\" height=\"660\" type=\"application\/x-shockwave-flash\" width=\"660\"><param name=\"flashvars\" value=\"host=picasaweb.google.it&amp;hl=it&amp;feat=flashalbum&amp;RGB=0x000000&amp;feed=http%3A%2F%2Fpicasaweb.google.it%2Fdata%2Ffeed%2Fapi%2Fuser%2Fredazioneturiweb%2Falbumid%2F5526769715493128369%3Falt%3Drss%26kind%3Dphoto%26hl%3Dit\" \/><param name=\"src\" value=\"http:\/\/picasaweb.google.it\/s\/c\/bin\/slideshow.swf\" \/><\/object><\/p>\n","protected":false},"excerpt":{"rendered":"<p><img loading=\"lazy\" decoding=\"async\" class=\" size-full wp-image-3235\" width=\"320\" src=\"https:\/\/archivioturi.lavocedelpaese.info\/wp-content\/uploads\/2010\/10\/ruotolo_13.jpg\" alt=\"ruotolo_13\" height=\"150\" srcset=\"https:\/\/archivioturi.lavocedelpaese.info\/wp-content\/uploads\/2010\/10\/ruotolo_13.jpg 640w, https:\/\/archivioturi.lavocedelpaese.info\/wp-content\/uploads\/2010\/10\/ruotolo_13-300x141.jpg 300w\" sizes=\"auto, (max-width: 320px) 100vw, 320px\" \/> <\/p>\n","protected":false},"author":1,"featured_media":3235,"comment_status":"open","ping_status":"closed","sticky":false,"template":"","format":"standard","meta":{"colormag_page_container_layout":"default_layout","colormag_page_sidebar_layout":"default_layout","footnotes":""},"categories":[6],"tags":[],"class_list":["post-3236","post","type-post","status-publish","format-standard","has-post-thumbnail","hentry","category-cultura"],"_links":{"self":[{"href":"https:\/\/archivioturi.lavocedelpaese.info\/index.php\/wp-json\/wp\/v2\/posts\/3236","targetHints":{"allow":["GET"]}}],"collection":[{"href":"https:\/\/archivioturi.lavocedelpaese.info\/index.php\/wp-json\/wp\/v2\/posts"}],"about":[{"href":"https:\/\/archivioturi.lavocedelpaese.info\/index.php\/wp-json\/wp\/v2\/types\/post"}],"author":[{"embeddable":true,"href":"https:\/\/archivioturi.lavocedelpaese.info\/index.php\/wp-json\/wp\/v2\/users\/1"}],"replies":[{"embeddable":true,"href":"https:\/\/archivioturi.lavocedelpaese.info\/index.php\/wp-json\/wp\/v2\/comments?post=3236"}],"version-history":[{"count":0,"href":"https:\/\/archivioturi.lavocedelpaese.info\/index.php\/wp-json\/wp\/v2\/posts\/3236\/revisions"}],"wp:featuredmedia":[{"embeddable":true,"href":"https:\/\/archivioturi.lavocedelpaese.info\/index.php\/wp-json\/wp\/v2\/media\/3235"}],"wp:attachment":[{"href":"https:\/\/archivioturi.lavocedelpaese.info\/index.php\/wp-json\/wp\/v2\/media?parent=3236"}],"wp:term":[{"taxonomy":"category","embeddable":true,"href":"https:\/\/archivioturi.lavocedelpaese.info\/index.php\/wp-json\/wp\/v2\/categories?post=3236"},{"taxonomy":"post_tag","embeddable":true,"href":"https:\/\/archivioturi.lavocedelpaese.info\/index.php\/wp-json\/wp\/v2\/tags?post=3236"}],"curies":[{"name":"wp","href":"https:\/\/api.w.org\/{rel}","templated":true}]}}