{"id":3164,"date":"2010-10-02T06:12:26","date_gmt":"2010-10-02T06:12:26","guid":{"rendered":"https:\/\/archivioturi.lavocedelpaese.info\/index.php\/2010\/10\/02\/ritrovato-un-carlino-in-via-rutigliano\/"},"modified":"2010-10-02T06:12:26","modified_gmt":"2010-10-02T06:12:26","slug":"ritrovato-un-carlino-in-via-rutigliano","status":"publish","type":"post","link":"https:\/\/archivioturi.lavocedelpaese.info\/index.php\/2010\/10\/02\/ritrovato-un-carlino-in-via-rutigliano\/","title":{"rendered":"RITROVATO UN CARLINO IN VIA RUTIGLIANO"},"content":{"rendered":"<p style=\"text-align: justify;\"><span style=\"font-size: 10pt;\"><img loading=\"lazy\" decoding=\"async\" class=\" size-full wp-image-3163\" alt=\"carlino5\" height=\"150\" width=\"320\" src=\"https:\/\/archivioturi.lavocedelpaese.info\/wp-content\/uploads\/2010\/10\/carlino5.jpg\" srcset=\"https:\/\/archivioturi.lavocedelpaese.info\/wp-content\/uploads\/2010\/10\/carlino5.jpg 320w, https:\/\/archivioturi.lavocedelpaese.info\/wp-content\/uploads\/2010\/10\/carlino5-300x141.jpg 300w\" sizes=\"auto, (max-width: 320px) 100vw, 320px\" \/><\/span><\/p>\n<p style=\"text-align: justify;\"><span style=\"font-size: 10pt;\"> <\/span><\/p>\n<p style=\"text-align: justify;\"><span style=\"font-size: 13px;\">Il 30 settembre scorso \u00e8 stato ritrovato da un signore di Turi, sulla SP 122 Turi-Rutigliano, un cane di media taglia apparentemente di razza Carlina. Il cane, di cui \u00e8 stato denunciato il ritrovamento, \u00e8 regolarmente microcippato da 5 anni.<\/span><\/p>\n<p style=\"text-align: justify;\"><span style=\"font-size: 10pt;\">Attualmente \u00e8 stato preso in cura dal signore che l&#8217;ha ritrovato, ma \u00e8 stato chiesto di divulgare la notizia in quanto c&#8217;\u00e8 tutta la voglia di restituirlo al legittimo proprietario.<\/span><\/p>\n<p style=\"text-align: justify;\"><span style=\"font-size: 10pt;\">Chiunque fosse interessato a ritrovare il proprio cane pu\u00f2 rivolgersi al Comando della Polizia Municipale nei pressi del Municipio.<\/span><\/p>\n","protected":false},"excerpt":{"rendered":"<p style=\"text-align: justify;\"><span style=\"font-size: 10pt;\"><img loading=\"lazy\" decoding=\"async\" class=\" size-full wp-image-3163\" alt=\"carlino5\" height=\"150\" width=\"320\" src=\"https:\/\/archivioturi.lavocedelpaese.info\/wp-content\/uploads\/2010\/10\/carlino5.jpg\" srcset=\"https:\/\/archivioturi.lavocedelpaese.info\/wp-content\/uploads\/2010\/10\/carlino5.jpg 320w, https:\/\/archivioturi.lavocedelpaese.info\/wp-content\/uploads\/2010\/10\/carlino5-300x141.jpg 300w\" sizes=\"auto, (max-width: 320px) 100vw, 320px\" \/><\/span><\/p>\n<p style=\"text-align: justify;\"><span style=\"font-size: 10pt;\"> <\/span><\/p>\n","protected":false},"author":1,"featured_media":3163,"comment_status":"open","ping_status":"closed","sticky":false,"template":"","format":"standard","meta":{"colormag_page_container_layout":"default_layout","colormag_page_sidebar_layout":"default_layout","footnotes":""},"categories":[7],"tags":[],"class_list":["post-3164","post","type-post","status-publish","format-standard","has-post-thumbnail","hentry","category-attualita"],"_links":{"self":[{"href":"https:\/\/archivioturi.lavocedelpaese.info\/index.php\/wp-json\/wp\/v2\/posts\/3164","targetHints":{"allow":["GET"]}}],"collection":[{"href":"https:\/\/archivioturi.lavocedelpaese.info\/index.php\/wp-json\/wp\/v2\/posts"}],"about":[{"href":"https:\/\/archivioturi.lavocedelpaese.info\/index.php\/wp-json\/wp\/v2\/types\/post"}],"author":[{"embeddable":true,"href":"https:\/\/archivioturi.lavocedelpaese.info\/index.php\/wp-json\/wp\/v2\/users\/1"}],"replies":[{"embeddable":true,"href":"https:\/\/archivioturi.lavocedelpaese.info\/index.php\/wp-json\/wp\/v2\/comments?post=3164"}],"version-history":[{"count":0,"href":"https:\/\/archivioturi.lavocedelpaese.info\/index.php\/wp-json\/wp\/v2\/posts\/3164\/revisions"}],"wp:featuredmedia":[{"embeddable":true,"href":"https:\/\/archivioturi.lavocedelpaese.info\/index.php\/wp-json\/wp\/v2\/media\/3163"}],"wp:attachment":[{"href":"https:\/\/archivioturi.lavocedelpaese.info\/index.php\/wp-json\/wp\/v2\/media?parent=3164"}],"wp:term":[{"taxonomy":"category","embeddable":true,"href":"https:\/\/archivioturi.lavocedelpaese.info\/index.php\/wp-json\/wp\/v2\/categories?post=3164"},{"taxonomy":"post_tag","embeddable":true,"href":"https:\/\/archivioturi.lavocedelpaese.info\/index.php\/wp-json\/wp\/v2\/tags?post=3164"}],"curies":[{"name":"wp","href":"https:\/\/api.w.org\/{rel}","templated":true}]}}