{"id":3160,"date":"2010-10-01T11:56:58","date_gmt":"2010-10-01T11:56:58","guid":{"rendered":"https:\/\/archivioturi.lavocedelpaese.info\/index.php\/2010\/10\/01\/il-punto-sulla-salvaguardia-del-bilancio-2010\/"},"modified":"2010-10-01T11:56:58","modified_gmt":"2010-10-01T11:56:58","slug":"il-punto-sulla-salvaguardia-del-bilancio-2010","status":"publish","type":"post","link":"https:\/\/archivioturi.lavocedelpaese.info\/index.php\/2010\/10\/01\/il-punto-sulla-salvaguardia-del-bilancio-2010\/","title":{"rendered":"IL PUNTO SULLA SALVAGUARDIA DEL BILANCIO 2010"},"content":{"rendered":"<p><img loading=\"lazy\" decoding=\"async\" class=\" size-full wp-image-3118\" alt=\"consiglio__\" height=\"150\" width=\"320\" src=\"https:\/\/archivioturi.lavocedelpaese.info\/wp-content\/uploads\/2010\/09\/consiglio__.jpg\" srcset=\"https:\/\/archivioturi.lavocedelpaese.info\/wp-content\/uploads\/2010\/09\/consiglio__.jpg 640w, https:\/\/archivioturi.lavocedelpaese.info\/wp-content\/uploads\/2010\/09\/consiglio__-300x141.jpg 300w\" sizes=\"auto, (max-width: 320px) 100vw, 320px\" \/><\/p>\n<p style=\"text-align: justify;\"><span style=\"font-size: 11.5pt;\"><span style=\"font-size: 10pt;\">Durante l\u2019ultimo consiglio comunale non venne praticamente discusso il quarto punto all\u2019ordine del giorno avente come oggetto la \u201cs<\/span><\/span><span style=\"font-size: 11.5pt;\"><span style=\"font-size: 10pt;\">alvaguardia degli equilibri di bilancio e ricognizione sullo stato di attuazione dei programma. Adozione delle misure di salvaguardia degli equilibri di bilancio e approvazione di variazioni al bilancio di previsione 2010. Presa d\u2019atto del permanere degli equilibri di bilanci\u201d. Venne data per letta la relazione del Sindaco e si vot\u00f2 senza problemi il provvedimento. <\/span><\/span><\/p>\n<p style=\"text-align: justify;\"><span style=\"font-size: medium;\"><span style=\"font-size: 10pt;\">Ora vi proponiamo il testo integrale della relazione del Sindaco, tratto dalla relativa delibera di Consiglio comunale.<\/span><\/span><\/p>\n<p style=\"margin-top: 10px; margin-bottom: 15px;\"><strong> <\/strong><\/p>\n<p><strong> <\/p>\n<hr style=\"text-align: justify;\" \/>\n<\/strong><\/p>\n<p><span style=\"font-size: 13px;\">Con nota del 17 agosto 2010, n. 155 di prot. int. a firma del Responsabile del Settore Finanziario Dott. Francesco Faustino, \u00e8 stata avviata l\u2019attivit\u00e0 volta alla ricognizione sullo stato di attuazione dei programmi ed alla salvaguardia degli equilibri di bilancio per l\u2019esercizio finanziario 2010. Il Direttore Generale ed il Responsabile del Settore Finanziario hanno comunicato gli esiti della ricognizione avviata alla quale ha fatto seguito una verifica tra il singolo responsabile del programma e l\u2019assessore di riferimento circa il grado di raggiungimento dei risultati dell\u2019amministrazione attraverso il raffronto tra gli indirizzi dettati nell\u2019ambito della Relazione Previsionale e Programmatica 2010 e lo stato attuale della programmazione.<\/span><\/p>\n<p style=\"text-align: justify;\"><span style=\"font-size: 10pt;\">Dal punto di vista della gestione non sono state segnalate variazioni di particolare rilievo rispetto agli stanziamenti assegnati, salvo quella gi\u00e0 segnalata in occasione dell\u2019approvazione del conto consuntivo 2009 inerente la tariffa per la biostabilizzazione di cui si dir\u00e0 pi\u00f9 puntualmente in seguito. Non sono state evidenziate altres\u00ec situazioni debitorie necessitanti provvedimenti di riconoscimento.<\/span><\/p>\n<p style=\"text-align: justify;\"><span style=\"font-size: 10pt;\">Con specifico riferimento ai trasferimenti si informa che per effetto dell\u2019entrata in vigore del D.L. 78\/2010 si registra la riduzione di trasferimenti correnti pari a &#8211; 69.409,75 euro e di contro l\u2019amministrazione ha potuto beneficiare un incremento relativo alla compartecipazione IRPEF anno 2010 pari a + 83.308,86 euro, a titolo di premialit\u00e0 riconosciuta ai Comuni che hanno rispettato il Patto di stabilit\u00e0. La conseguente maggiore entrata pari a \u20ac 13.899,11 \u00e8 stata destinata alla integrazione di capitoli destinati a migliorare le attivit\u00e0 delle istituzioni scolastiche con contributi pari a 2.000,00 euro complessivi, alla promozione del territorio, giuste pubblicazioni in occasione della ricorrenza del 150^ dell\u2019Unit\u00e0 d\u2019Italia e del patrocinio per una pubblicazione sulla vita di Oronzo Pugliese, per complessivi 1.500,00 euro, e 5.000,00 euro che si intendono utilizzare per un progetto di promozione della produzione musicale del compositore Giovanni Maria Sabino in collaborazione con la Radio Svizzera. Inoltre 3.000,00 euro sono state preventivate per promuovere le attivit\u00e0 connesse con l\u2019avvenuta pubblicazione del bando di gara in Project Financing del PIP. Le restanti somme pari a 2.399,11 euro sono state destinate a spese di funzionamento degli uffici per prestazioni di servizio segnalate dai singoli settori.<\/span><\/p>\n<p style=\"text-align: justify;\"><span style=\"font-size: 10pt;\">Occorre, ancora una volta, evidenziare che obiettivo strategico che l\u2019amministrazione intende perseguire nell\u2019arco del triennio 2010-2012 \u00e8 quello della riduzione dell\u2019indebitamento consolidato da un lato e della percentuale delle entrate da oneri di urbanizzazione destinate a finanziare la spesa corrente dall\u2019altro, con l\u2019evidente fine ultimo di ridurre la rigidit\u00e0 di un bilancio che, cos\u00ec ingessato, costituisce un ostacolo alla concreta attuazione del programma di mandato. Anche quest\u2019anno, dunque, \u00e8 stato previsto di utilizzare il cospicuo avanzo di amministrazione di cui al \u201cconto consuntivo\u201d dell\u2019esercizio finanziario 2009, laddove si \u00e8 previsto di destinare la quota di avanzo di amministrazione \u201cnon vincolata\u201d al finanziamento delle spese derivanti dalla applicazione della tariffa per l\u2019utilizzo della biostabilizzazione primaria pari a \u20ac 160.000,00. Come pure l\u2019amministrazione sta provvedendo all\u2019utilizzo della \u201cquota vincolata\u201d per finanziare il progetto di manutenzione ordinaria e straordinaria delle strade comunali interne in ordine al quale sono in corso valutazioni tecniche. La residua parte di avanzo di amministrazione non applicata sar\u00e0 destinata in assestamento solo a seguito degli approfondimenti tecnici correlati al contratto di spazzamento ed alla richiesta di revisione prezzi ancora non definita nell\u2019 \u201dan\u201d e nel \u201cquantum\u201d.<\/span><\/p>\n<p style=\"text-align: justify;\"><span style=\"font-size: 10pt;\">Maggiori entrate sono state accertate inoltre nel Titolo IV di importo pari a \u20ac 2.000.000,00 a seguito della sottoscrizione dell\u2019Accordo di Programma per la realizzazione del Programma Integrato di Riqualificazione delle Periferie (PIRP) ratificato con delibera C.C. n.27 del 1.09.2010.<\/span><\/p>\n","protected":false},"excerpt":{"rendered":"<p><img loading=\"lazy\" decoding=\"async\" class=\" size-full wp-image-3118\" alt=\"consiglio__\" height=\"150\" width=\"320\" src=\"https:\/\/archivioturi.lavocedelpaese.info\/wp-content\/uploads\/2010\/09\/consiglio__.jpg\" srcset=\"https:\/\/archivioturi.lavocedelpaese.info\/wp-content\/uploads\/2010\/09\/consiglio__.jpg 640w, https:\/\/archivioturi.lavocedelpaese.info\/wp-content\/uploads\/2010\/09\/consiglio__-300x141.jpg 300w\" sizes=\"auto, (max-width: 320px) 100vw, 320px\" \/><\/p>\n","protected":false},"author":1,"featured_media":3118,"comment_status":"open","ping_status":"closed","sticky":false,"template":"","format":"standard","meta":{"colormag_page_container_layout":"default_layout","colormag_page_sidebar_layout":"default_layout","footnotes":""},"categories":[4],"tags":[],"class_list":["post-3160","post","type-post","status-publish","format-standard","has-post-thumbnail","hentry","category-politica"],"_links":{"self":[{"href":"https:\/\/archivioturi.lavocedelpaese.info\/index.php\/wp-json\/wp\/v2\/posts\/3160","targetHints":{"allow":["GET"]}}],"collection":[{"href":"https:\/\/archivioturi.lavocedelpaese.info\/index.php\/wp-json\/wp\/v2\/posts"}],"about":[{"href":"https:\/\/archivioturi.lavocedelpaese.info\/index.php\/wp-json\/wp\/v2\/types\/post"}],"author":[{"embeddable":true,"href":"https:\/\/archivioturi.lavocedelpaese.info\/index.php\/wp-json\/wp\/v2\/users\/1"}],"replies":[{"embeddable":true,"href":"https:\/\/archivioturi.lavocedelpaese.info\/index.php\/wp-json\/wp\/v2\/comments?post=3160"}],"version-history":[{"count":0,"href":"https:\/\/archivioturi.lavocedelpaese.info\/index.php\/wp-json\/wp\/v2\/posts\/3160\/revisions"}],"wp:featuredmedia":[{"embeddable":true,"href":"https:\/\/archivioturi.lavocedelpaese.info\/index.php\/wp-json\/wp\/v2\/media\/3118"}],"wp:attachment":[{"href":"https:\/\/archivioturi.lavocedelpaese.info\/index.php\/wp-json\/wp\/v2\/media?parent=3160"}],"wp:term":[{"taxonomy":"category","embeddable":true,"href":"https:\/\/archivioturi.lavocedelpaese.info\/index.php\/wp-json\/wp\/v2\/categories?post=3160"},{"taxonomy":"post_tag","embeddable":true,"href":"https:\/\/archivioturi.lavocedelpaese.info\/index.php\/wp-json\/wp\/v2\/tags?post=3160"}],"curies":[{"name":"wp","href":"https:\/\/api.w.org\/{rel}","templated":true}]}}