{"id":3154,"date":"2010-10-01T10:12:04","date_gmt":"2010-10-01T10:12:04","guid":{"rendered":"https:\/\/archivioturi.lavocedelpaese.info\/index.php\/2010\/10\/01\/la-lettera-delle-dimissioni-di-daddabbo\/"},"modified":"2010-10-01T10:12:04","modified_gmt":"2010-10-01T10:12:04","slug":"la-lettera-delle-dimissioni-di-daddabbo","status":"publish","type":"post","link":"https:\/\/archivioturi.lavocedelpaese.info\/index.php\/2010\/10\/01\/la-lettera-delle-dimissioni-di-daddabbo\/","title":{"rendered":"LA LETTERA DELLE DIMISSIONI DI D&#8217;ADDABBO"},"content":{"rendered":"<p><img loading=\"lazy\" decoding=\"async\" class=\" size-full wp-image-3153\" height=\"150\" width=\"320\" src=\"https:\/\/archivioturi.lavocedelpaese.info\/wp-content\/uploads\/2010\/10\/DADDABBO.jpg\" alt=\"DADDABBO\" srcset=\"https:\/\/archivioturi.lavocedelpaese.info\/wp-content\/uploads\/2010\/10\/DADDABBO.jpg 640w, https:\/\/archivioturi.lavocedelpaese.info\/wp-content\/uploads\/2010\/10\/DADDABBO-300x141.jpg 300w\" sizes=\"auto, (max-width: 320px) 100vw, 320px\" \/> <\/p>\n<p><\/p>\n<div style=\"text-align: justify;\"><span style=\"line-height: 18px; font-size: 14px;\"><span style=\"font-size: 10pt;\">In esclusiva su Turiweb pubblichiamo la lettera di dimissioni del vicesindaco Franco D&#8217;Addabbo, inviata a Sindaco e direttore generale del Comune di Turi. A breve nuovi particolari e approfondimenti.<\/span><\/span><\/div>\n<p style=\"text-align: justify;\">\u00a0<\/p>\n<hr \/>\n<p><span style=\"font-size: 10pt;\"><br \/><\/span><\/p>\n<p>\u00a0<\/p>\n<p style=\"text-align: justify;\"><span style=\"font-size: 10pt;\">Alla luce degli accadimenti che hanno caratterizzato gli ultimi mesi della vita politica di questo Comune, provocati da una crisi che va sanata e superata al di l\u00e0 e al di sopra di ogni aspettativa personale, perch\u00e9 venga fuori a chiare lettere:<\/span><\/p>\n<div style=\"text-align: justify;\"><\/div>\n<p style=\"text-align: justify;\"><span style=\"font-size: 10pt;\">&#8211;\u00a0\u00a0\u00a0\u00a0\u00a0\u00a0\u00a0\u00a0\u00a0 Che l\u2019operato di quest\u2019amministrazione, dal 2007 a tutt\u2019oggi, \u00e8 andato sempre e solamente nella direzione del bene comune e del soddisfacimento delle legittime aspettativa e rivendicazioni della cittadinanza;<\/span><\/p>\n<div style=\"text-align: justify;\"><\/div>\n<p style=\"text-align: justify;\"><span style=\"font-size: 10pt;\">&#8211;\u00a0\u00a0\u00a0\u00a0\u00a0\u00a0\u00a0\u00a0\u00a0 Che non si pu\u00f2 bloccare un\u2019azione amministrativa che sta per dare alla luce dei provvedimenti di vitale importanza per tutta la comunit\u00e0;<\/span><\/p>\n<div style=\"text-align: justify;\"><\/div>\n<p style=\"text-align: justify;\"><span style=\"font-size: 10pt;\">&#8211;\u00a0\u00a0\u00a0\u00a0\u00a0\u00a0\u00a0\u00a0\u00a0 Che ognuno di noi ha la responsabilit\u00e0 politica, civile e morale di rispettare il mandato elettorale ricevuto direttamente dal popolo;<\/span><\/p>\n<div style=\"text-align: justify;\"><\/div>\n<p style=\"text-align: justify;\"><span style=\"font-size: 10pt;\">&#8211;\u00a0\u00a0\u00a0\u00a0\u00a0\u00a0\u00a0\u00a0\u00a0 Che le persone fisiche sono solo le gambe su cui camminano i \u201cprogetti politici\u201d, per cui tutti siamo necessari ma nessuno indispensabile;<\/span><\/p>\n<div style=\"text-align: justify;\"><\/div>\n<p style=\"text-align: justify;\"><span style=\"font-size: 10pt;\">&#8211;\u00a0\u00a0\u00a0\u00a0\u00a0\u00a0\u00a0\u00a0\u00a0 Che il duro lavoro fin qui svolto non si perda nel \u201cnulla\u201d di un\u2019eventuale gestione commissariale;<\/span><\/p>\n<div style=\"text-align: justify;\"><\/div>\n<p style=\"text-align: justify;\"><span style=\"font-size: 10pt;\">e perch\u00e8 il Sindaco venga messo nelle migliori condizioni per trovare un equilibrio di fine mandato, il pi\u00f9 rispondente possibile alle esigenze della comunit\u00e0 e consapevole di aver interpretato il ruolo fin qui affidatomi col massimo impegno, entusiasmo e determinazione che le mie possibilit\u00e0 mi hanno consentito,<\/span><\/p>\n<div style=\"text-align: justify;\"><\/div>\n<p style=\"text-align: justify;\"><strong><span style=\"font-size: 10pt;\">in piena coscienza<\/span><\/strong><\/p>\n<div style=\"text-align: justify;\"><\/div>\n<p style=\"text-align: justify;\"><span style=\"font-size: 10pt;\">rinnovando l\u2019incondizionata fiducia al Sindaco e all\u2019intera maggioranza, garantendo che il costante impegno da me fin qui profuso non avr\u00e0 soluzione di continuit\u00e0 in qualunque ruolo Lei riterr\u00e0 di potermi \u201cutilizzare\u201d, consapevole che questa mia decisione, ancorch\u00e8 sofferta, \u00e8 la pi\u00f9 saggia che in questo particolare momento storico potessi prendere,<\/span><\/p>\n<div style=\"text-align: justify;\"><\/div>\n<p style=\"text-align: justify;\"><strong><span style=\"font-size: 10pt;\">rassegno<\/span><\/strong><\/p>\n<div style=\"text-align: justify;\"><\/div>\n<p style=\"text-align: justify;\"><span style=\"font-size: 10pt;\">le mie dimissioni da Assessore Comunale e Vice Sindaco, rimettendo nelle Sue mani le deleghe che mi aveva attribuito, ringraziandoLa per la grande fiducia riposta miei confronti, sicuro che questa mia scelta Le permetter\u00e0 di ricercare quella condivisione che, a mio parere, \u00e8 l\u2019\u201dhumus\u201d su cui costruire un progetto politico-amministrativo efficiente ed efficace.<\/span><\/p>\n<div style=\"text-align: justify;\"><\/div>\n<p style=\"text-align: justify;\"><span style=\"font-size: 10pt;\">Restando a Sua completa disposizione Le porgo il pi\u00f9 fraterno dei saluti.<\/span><\/p>\n<div style=\"text-align: justify;\"><\/div>\n<p style=\"text-align: justify;\"><span style=\"font-size: 10pt;\">Turi, <\/span><em><span style=\"font-size: 10pt;\">28.09.2010<\/span><\/em><\/p>\n<div style=\"text-align: justify;\"><\/div>\n<p style=\"text-align: justify;\"><strong><span style=\"font-family: verdana, geneva;\">Franco D\u2019Addabbo<\/span><\/strong><\/p>\n<div style=\"text-align: justify;\"><\/div>\n","protected":false},"excerpt":{"rendered":"<p><img loading=\"lazy\" decoding=\"async\" class=\" size-full wp-image-3153\" height=\"150\" width=\"320\" src=\"https:\/\/archivioturi.lavocedelpaese.info\/wp-content\/uploads\/2010\/10\/DADDABBO.jpg\" alt=\"DADDABBO\" srcset=\"https:\/\/archivioturi.lavocedelpaese.info\/wp-content\/uploads\/2010\/10\/DADDABBO.jpg 640w, https:\/\/archivioturi.lavocedelpaese.info\/wp-content\/uploads\/2010\/10\/DADDABBO-300x141.jpg 300w\" sizes=\"auto, (max-width: 320px) 100vw, 320px\" \/> <\/p>\n","protected":false},"author":1,"featured_media":3153,"comment_status":"open","ping_status":"closed","sticky":false,"template":"","format":"standard","meta":{"colormag_page_container_layout":"default_layout","colormag_page_sidebar_layout":"default_layout","footnotes":""},"categories":[4],"tags":[],"class_list":["post-3154","post","type-post","status-publish","format-standard","has-post-thumbnail","hentry","category-politica"],"_links":{"self":[{"href":"https:\/\/archivioturi.lavocedelpaese.info\/index.php\/wp-json\/wp\/v2\/posts\/3154","targetHints":{"allow":["GET"]}}],"collection":[{"href":"https:\/\/archivioturi.lavocedelpaese.info\/index.php\/wp-json\/wp\/v2\/posts"}],"about":[{"href":"https:\/\/archivioturi.lavocedelpaese.info\/index.php\/wp-json\/wp\/v2\/types\/post"}],"author":[{"embeddable":true,"href":"https:\/\/archivioturi.lavocedelpaese.info\/index.php\/wp-json\/wp\/v2\/users\/1"}],"replies":[{"embeddable":true,"href":"https:\/\/archivioturi.lavocedelpaese.info\/index.php\/wp-json\/wp\/v2\/comments?post=3154"}],"version-history":[{"count":0,"href":"https:\/\/archivioturi.lavocedelpaese.info\/index.php\/wp-json\/wp\/v2\/posts\/3154\/revisions"}],"wp:featuredmedia":[{"embeddable":true,"href":"https:\/\/archivioturi.lavocedelpaese.info\/index.php\/wp-json\/wp\/v2\/media\/3153"}],"wp:attachment":[{"href":"https:\/\/archivioturi.lavocedelpaese.info\/index.php\/wp-json\/wp\/v2\/media?parent=3154"}],"wp:term":[{"taxonomy":"category","embeddable":true,"href":"https:\/\/archivioturi.lavocedelpaese.info\/index.php\/wp-json\/wp\/v2\/categories?post=3154"},{"taxonomy":"post_tag","embeddable":true,"href":"https:\/\/archivioturi.lavocedelpaese.info\/index.php\/wp-json\/wp\/v2\/tags?post=3154"}],"curies":[{"name":"wp","href":"https:\/\/api.w.org\/{rel}","templated":true}]}}