{"id":315,"date":"2009-09-02T10:25:44","date_gmt":"2009-09-02T10:25:44","guid":{"rendered":"https:\/\/archivioturi.lavocedelpaese.info\/index.php\/2009\/09\/02\/de-grisantis-raccolte-gia-1350-firme\/"},"modified":"2009-09-02T10:25:44","modified_gmt":"2009-09-02T10:25:44","slug":"de-grisantis-raccolte-gia-1350-firme","status":"publish","type":"post","link":"https:\/\/archivioturi.lavocedelpaese.info\/index.php\/2009\/09\/02\/de-grisantis-raccolte-gia-1350-firme\/","title":{"rendered":"DE GRISANTIS: RACCOLTE GIA&#8217; 1350 FIRME"},"content":{"rendered":"<p><img loading=\"lazy\" decoding=\"async\" class=\" size-full wp-image-314\" width=\"320\" height=\"156\" src=\"https:\/\/archivioturi.lavocedelpaese.info\/wp-content\/uploads\/2009\/09\/un-firma-per-la-strada-172.jpg\" alt=\"un-firma-per-la-strada-172\" srcset=\"https:\/\/archivioturi.lavocedelpaese.info\/wp-content\/uploads\/2009\/09\/un-firma-per-la-strada-172.jpg 410w, https:\/\/archivioturi.lavocedelpaese.info\/wp-content\/uploads\/2009\/09\/un-firma-per-la-strada-172-300x146.jpg 300w\" sizes=\"auto, (max-width: 320px) 100vw, 320px\" \/> <\/p>\n<p style=\"text-align: justify;\">Luned\u00ec 24 agosto e sabato 29 sono state raccolte a Turi le firme per la messa in sicurezza della SS 172 e della provinciale 132 Turi-Sammichele.<\/p>\n<div style=\"text-align: justify;\"><\/div>\n<p style=\"text-align: justify;\">Sono state gi\u00e0 raccolte pi\u00f9 di mille firme quando manca ancora una giornata prevista per le adesioni il 16 settembre.<\/p>\n<div style=\"text-align: justify;\"><\/div>\n<p style=\"text-align: justify;\">Abbiamo voluto sentire il fondatore del gruppo facebook.<\/p>\n<div style=\"text-align: justify;\"><\/div>\n<p style=\"text-align: justify;\"><strong>Dott. De Grisantis quante firme sono state raccolte a Turi durante <st1:personname w:st=\"on\" productid=\"la Fiera\">la Fiera<\/st1:personname> e il Concerto degli Zero Assoluto?<\/strong><\/p>\n<div style=\"text-align: justify;\"><\/div>\n<p style=\"text-align: justify;\">750 durante <st1:personname w:st=\"on\" productid=\"la Fiera\">la  Fiera<\/st1:personname> di S. Oronzo e <st1:metricconverter w:st=\"on\" productid=\"600 in\">600 in<\/st1:metricconverter> occasione del concerto degli ZeroAssoluto. In totale 1.350.<\/p>\n<div style=\"text-align: justify;\"><\/div>\n<p style=\"text-align: justify;\"><strong>Come valuta questo risultato?<\/strong><\/p>\n<div style=\"text-align: justify;\"><\/div>\n<p style=\"text-align: justify;\">Ottimo se si considera che la petizione popolare \u00e8 uno strumento di partecipazione, previsto dall\u2019art. 50 della Costituzione, poco utilizzato. Inoltre anche l\u2019oggetto della petizione era ed \u00e8 poco conosciuto e molto spesso distorto circa le informazioni che lo riguardano.<\/p>\n<div style=\"text-align: justify;\"><\/div>\n<p style=\"text-align: justify;\"><strong>Destra-Sinistra? Di chi \u00e8 la responsabilit\u00e0 dei ritardi? Della Lega Nord? Ci racconti il suo punto di vista.<\/strong><\/p>\n<div style=\"text-align: justify;\"><\/div>\n<p style=\"text-align: justify;\">In passato ci sono stati ritardi e responsabilit\u00e0. Oggi, comunque, ci\u00f2 che conta \u00e8 la soluzione del problema che consiste nella messa in sicurezza della strada. Per cui, tutti siamo chiamati a partecipare per richiedere al Parlamento il finanziamento che permetta di procedere nell\u2019ultimazione della procedura e giungere all\u2019avvio dei lavori.<\/p>\n<div style=\"text-align: justify;\"><\/div>\n<p style=\"text-align: justify;\"><strong>C\u2019\u00e8 chi l\u2019accusa di aver scoperto tardi Internet\u2026 vorrebbe raccontarci quale mondo ha incontrato, le esperienze e i dialoghi della rete?<\/strong><\/p>\n<div style=\"text-align: justify;\"><\/div>\n<p style=\"text-align: justify;\">I mondi di Internet, facebook etc. rispecchiano la societ\u00e0. Sono strumenti utili o spazzatura, a seconda dell\u2019utilizzo. Facebook lo utilizzo quale mezzo per creare movimenti di opinione su temi di interesse generale<\/p>\n<div style=\"text-align: justify;\"><\/div>\n<p style=\"text-align: justify;\"><strong>Dopo la presentazione delle firme, cosa si aspetta?<\/strong><\/p>\n<div style=\"text-align: justify;\"><\/div>\n<p style=\"text-align: justify;\">L\u2019apetto innovativo di questa petizione popolare \u00e8 rappresentato dal fatto che in Parlamento contiamo di presentare le firme dei cittadini unitamente alle delibere di approvazione di apposito ordine del giorno dei 9 Comuni interessati ( Casamassima, Turi, Putignano, Noci, Castellana Grotte, Alberobello, Locorotondo, Fasano e Martina Franca ) e delle 3 Province di appartenenza ( Bari, Brindisi e Taranto ). Quindi cittadini e Istituzioni insieme per lo stesso obiettivo.<\/p>\n<div style=\"text-align: justify;\"><\/div>\n<p style=\"text-align: justify;\">Presentate le firme e le delibere ai Presidenti delle Camere, mi aspetto che il Parlamento approvi il finanziamento richiesto.<\/p>\n<div style=\"text-align: justify;\"><\/div>\n<p style=\"text-align: justify;\"><strong>Se non ci fossero risultati ha gi\u00e0 nuove idee in cantiere?<\/strong><\/p>\n<div style=\"text-align: justify;\"><\/div>\n<p style=\"text-align: justify;\">Al momento non mi pongo altri obiettivi. Conto molto sul risultato che pu\u00f2 produrre l\u2019azione sinergica dei cittadini e delle Istituzioni.<\/p>\n","protected":false},"excerpt":{"rendered":"<p><img loading=\"lazy\" decoding=\"async\" class=\" size-full wp-image-314\" width=\"320\" height=\"156\" src=\"https:\/\/archivioturi.lavocedelpaese.info\/wp-content\/uploads\/2009\/09\/un-firma-per-la-strada-172.jpg\" alt=\"un-firma-per-la-strada-172\" srcset=\"https:\/\/archivioturi.lavocedelpaese.info\/wp-content\/uploads\/2009\/09\/un-firma-per-la-strada-172.jpg 410w, https:\/\/archivioturi.lavocedelpaese.info\/wp-content\/uploads\/2009\/09\/un-firma-per-la-strada-172-300x146.jpg 300w\" sizes=\"auto, (max-width: 320px) 100vw, 320px\" \/> <\/p>\n","protected":false},"author":1,"featured_media":314,"comment_status":"open","ping_status":"closed","sticky":false,"template":"","format":"standard","meta":{"colormag_page_container_layout":"default_layout","colormag_page_sidebar_layout":"default_layout","footnotes":""},"categories":[7],"tags":[],"class_list":["post-315","post","type-post","status-publish","format-standard","has-post-thumbnail","hentry","category-attualita"],"_links":{"self":[{"href":"https:\/\/archivioturi.lavocedelpaese.info\/index.php\/wp-json\/wp\/v2\/posts\/315","targetHints":{"allow":["GET"]}}],"collection":[{"href":"https:\/\/archivioturi.lavocedelpaese.info\/index.php\/wp-json\/wp\/v2\/posts"}],"about":[{"href":"https:\/\/archivioturi.lavocedelpaese.info\/index.php\/wp-json\/wp\/v2\/types\/post"}],"author":[{"embeddable":true,"href":"https:\/\/archivioturi.lavocedelpaese.info\/index.php\/wp-json\/wp\/v2\/users\/1"}],"replies":[{"embeddable":true,"href":"https:\/\/archivioturi.lavocedelpaese.info\/index.php\/wp-json\/wp\/v2\/comments?post=315"}],"version-history":[{"count":0,"href":"https:\/\/archivioturi.lavocedelpaese.info\/index.php\/wp-json\/wp\/v2\/posts\/315\/revisions"}],"wp:featuredmedia":[{"embeddable":true,"href":"https:\/\/archivioturi.lavocedelpaese.info\/index.php\/wp-json\/wp\/v2\/media\/314"}],"wp:attachment":[{"href":"https:\/\/archivioturi.lavocedelpaese.info\/index.php\/wp-json\/wp\/v2\/media?parent=315"}],"wp:term":[{"taxonomy":"category","embeddable":true,"href":"https:\/\/archivioturi.lavocedelpaese.info\/index.php\/wp-json\/wp\/v2\/categories?post=315"},{"taxonomy":"post_tag","embeddable":true,"href":"https:\/\/archivioturi.lavocedelpaese.info\/index.php\/wp-json\/wp\/v2\/tags?post=315"}],"curies":[{"name":"wp","href":"https:\/\/api.w.org\/{rel}","templated":true}]}}