{"id":3143,"date":"2010-09-30T08:47:24","date_gmt":"2010-09-30T08:47:24","guid":{"rendered":"https:\/\/archivioturi.lavocedelpaese.info\/index.php\/2010\/09\/30\/sel-qpalazzi-privati-invece-di-strade-pubblicheq\/"},"modified":"2010-09-30T08:47:24","modified_gmt":"2010-09-30T08:47:24","slug":"sel-qpalazzi-privati-invece-di-strade-pubblicheq","status":"publish","type":"post","link":"https:\/\/archivioturi.lavocedelpaese.info\/index.php\/2010\/09\/30\/sel-qpalazzi-privati-invece-di-strade-pubblicheq\/","title":{"rendered":"&#8216;PALAZZI PRIVATI INVECE DI STRADE PUBBLICHE&#8217;"},"content":{"rendered":"<p style=\"text-align: justify;\"><img loading=\"lazy\" decoding=\"async\" class=\" size-full wp-image-1967\" src=\"https:\/\/archivioturi.lavocedelpaese.info\/wp-content\/uploads\/2010\/04\/Immagine.jpg\" width=\"320\" height=\"150\" alt=\"Immagine\" \/><\/p>\n<p style=\"text-align: justify;\"><span style=\"font-size: 10pt;\">Riceviamo e pubblichiamo un comunicato stampa del Circolo &#8220;Antonio Gramsci&#8221;.<\/span><\/p>\n<hr \/>\n<p>\u00a0<\/p>\n<p style=\"text-align: justify;\"><strong><span style=\"font-size: 10pt;\">CIRCO GIGANTELLI ENNESIMO SPETTACOLO: \u201cI PALAZZI PRIVATI INVECE DI STRADE PUBBLICHE\u201d<\/span><\/strong><\/p>\n<p><span style=\"font-size: 10pt;\"><span style=\"font-size: 10pt;\"> <\/span><\/span><\/p>\n<p style=\"text-align: justify;\"><strong><span style=\"font-size: 10pt;\"><span style=\"font-size: 10pt;\">PAGANTI: I CITTADINI TURESI<\/span><\/span><\/strong><span style=\"font-size: 10pt;\"><span style=\"font-size: 10pt;\"> <\/span><\/span><\/p>\n<p><span style=\"font-size: 10pt;\"><span style=\"font-size: 10pt;\"> <\/span><\/span><\/p>\n<p style=\"text-align: justify;\"><span style=\"font-size: 10pt;\"><span style=\"font-size: 10pt;\">Luned\u00ec scorso al Comune di Turi \u00e8 andato in scena l\u2019ennesimo spettacolo del circo Gigantelli; <\/span><\/span><span style=\"font-size: 13px;\"><span style=\"font-size: 10pt;\">infatti tale inefficiente e dannosa amministrazione di centro-destra ha approvato una variante al piano particolareggiato degli insediamenti produttivi che dinanzi ad un contenzioso tra l\u2019interesse pubblico e quello privato ha favorito l\u2019interesse privato preferendo che venisse tutelata la costruzione di un immobile rispetto alla realizzazione di un importante arteria viaria, annullando la realizzazione dell\u2019ennesima strada pubblica a favore della costruzione dell\u2019ennesimo \u2018palazzo\u2019 privato.<\/span><\/span><\/p>\n<p><span style=\"font-size: 10pt;\"><span style=\"font-size: 10pt;\"> <\/span><\/span><\/p>\n<p style=\"text-align: justify;\"><span style=\"font-size: 10pt;\"><span style=\"font-size: 10pt;\">Nel fare ci\u00f2 in maniera del tutto arbitraria i nostri \u2018amministratori\u2019 hanno inteso agire anticipando le conclusioni di un processo giudiziario-amministrativo che poteva anche esprimersi in senso favorevole per la pubblica amministrazione.<\/span><\/span><\/p>\n<p><span style=\"font-size: 10pt;\"><span style=\"font-size: 10pt;\"> <\/span><\/span><\/p>\n<p style=\"text-align: justify;\"><span style=\"font-size: 10pt;\"><span style=\"font-size: 10pt;\">In sintesi la questione ha avuto inizio nel lontano 1995 allorch\u00e8 la giunta Coppi approv\u00f2 un piano urbanistico generale (PRG) che comprendeva tale strada, il cui tragitto era articolato dall\u2019area dove dovrebbe sorgere il piano degli insediamenti produttivi (via N. Napolitano) sino a dietro la stazione ferroviaria, al fine di migliorare la viabilit\u00e0 esistente cosa che le successive amministrazioni Stefanachi e De Grisantis hanno confermato nel 2000 e nel 2003 con deliberati di consiglio Comunale, cos\u00ec anche <\/span><\/span><st1:personname w:st=\"on\" productid=\"la Regione Puglia\"><span style=\"font-size: 10pt;\"><span style=\"font-size: 10pt;\">la Regione Puglia<\/span><\/span><\/st1:personname><span style=\"font-size: 10pt;\"><span style=\"font-size: 10pt;\"> approvando tale strada come importante arteria del futuro Piano degli insediamenti produttivi (PIP) nel cui piano particolaggiato essa era inserita .<\/span><\/span><\/p>\n<p><span style=\"font-size: 10pt;\"><span style=\"font-size: 10pt;\"> <\/span><\/span><\/p>\n<p style=\"text-align: justify;\"><span style=\"font-size: 10pt;\"><span style=\"font-size: 10pt;\">Il 29 settembre 2003, dopo l\u2019approvazione della variante urbanista avvenuta in consiglio Comunale il 1\/08\/2003, fu rilasciata dall\u2019ufficio tecnico un&#8217;autorizzazione a costruire su un&#8217;area destinata alla costruzione della strada in questione, concessione rilasciata in modo illegittimo e poi anche revocata e riconosciuta tale illegittimit\u00e0 da una sentenza del TAR (Tribunale Amministrativo Regionale) situazione che ha generato un annoso contenzioso non ancora risolto.<\/span><\/span><\/p>\n<p><span style=\"font-size: 10pt;\"><span style=\"font-size: 10pt;\"> <\/span><\/span><\/p>\n<p style=\"text-align: justify;\"><span style=\"font-size: 10pt;\"><span style=\"font-size: 10pt;\">La morale di questa ennesima storia, molto simile a tante altre, \u00e8 che a Turi la realizzazione di opere di interesse pubblico \u00e8 posta in secondo piano ed \u00e8 possibile solo dopo avere tutelato gli interessi privati; come \u00e8 anche grave che la comunit\u00e0 debba accollarsi spese legali senza vedere realizzate opere pubbliche necessarie alla vivibilit\u00e0 della nostra cittadina per una serie di gravi errori di irresponsabilit\u00e0 commessi dall\u2019ufficio tecnico comunale. Piuttosto che attendere l\u2019esito del processo giudiziario che potrebbe anche esprimersi in senso favorevole , si preferisce chiudere la questione nella maniera peggiore per Turi lasciando l\u2019impressione che tra condoni, favori ad interessi privati scaturiti da concessioni illegittime e cambiali elettorali da \u2018pagare\u2019 o \u2018incassare\u2019 si persevera nel tutelare l\u2019ennesimo \u2018amico degli amici\u2019 calpestando etica, morale , senso civico e dando un pessimo esempio alle generazioni future.<\/span><\/span><\/p>\n","protected":false},"excerpt":{"rendered":"<p style=\"text-align: justify;\"><img loading=\"lazy\" decoding=\"async\" class=\" size-full wp-image-1967\" src=\"https:\/\/archivioturi.lavocedelpaese.info\/wp-content\/uploads\/2010\/04\/Immagine.jpg\" width=\"320\" height=\"150\" alt=\"Immagine\" \/><\/p>\n","protected":false},"author":1,"featured_media":1967,"comment_status":"open","ping_status":"closed","sticky":false,"template":"","format":"standard","meta":{"colormag_page_container_layout":"default_layout","colormag_page_sidebar_layout":"default_layout","footnotes":""},"categories":[4],"tags":[],"class_list":["post-3143","post","type-post","status-publish","format-standard","has-post-thumbnail","hentry","category-politica"],"_links":{"self":[{"href":"https:\/\/archivioturi.lavocedelpaese.info\/index.php\/wp-json\/wp\/v2\/posts\/3143","targetHints":{"allow":["GET"]}}],"collection":[{"href":"https:\/\/archivioturi.lavocedelpaese.info\/index.php\/wp-json\/wp\/v2\/posts"}],"about":[{"href":"https:\/\/archivioturi.lavocedelpaese.info\/index.php\/wp-json\/wp\/v2\/types\/post"}],"author":[{"embeddable":true,"href":"https:\/\/archivioturi.lavocedelpaese.info\/index.php\/wp-json\/wp\/v2\/users\/1"}],"replies":[{"embeddable":true,"href":"https:\/\/archivioturi.lavocedelpaese.info\/index.php\/wp-json\/wp\/v2\/comments?post=3143"}],"version-history":[{"count":0,"href":"https:\/\/archivioturi.lavocedelpaese.info\/index.php\/wp-json\/wp\/v2\/posts\/3143\/revisions"}],"wp:featuredmedia":[{"embeddable":true,"href":"https:\/\/archivioturi.lavocedelpaese.info\/index.php\/wp-json\/wp\/v2\/media\/1967"}],"wp:attachment":[{"href":"https:\/\/archivioturi.lavocedelpaese.info\/index.php\/wp-json\/wp\/v2\/media?parent=3143"}],"wp:term":[{"taxonomy":"category","embeddable":true,"href":"https:\/\/archivioturi.lavocedelpaese.info\/index.php\/wp-json\/wp\/v2\/categories?post=3143"},{"taxonomy":"post_tag","embeddable":true,"href":"https:\/\/archivioturi.lavocedelpaese.info\/index.php\/wp-json\/wp\/v2\/tags?post=3143"}],"curies":[{"name":"wp","href":"https:\/\/api.w.org\/{rel}","templated":true}]}}