{"id":3137,"date":"2010-09-30T06:00:39","date_gmt":"2010-09-30T06:00:39","guid":{"rendered":"https:\/\/archivioturi.lavocedelpaese.info\/index.php\/2010\/09\/30\/ventrellamenino-sulla-variante-deve-stare-zitto\/"},"modified":"2010-09-30T06:00:39","modified_gmt":"2010-09-30T06:00:39","slug":"ventrellamenino-sulla-variante-deve-stare-zitto","status":"publish","type":"post","link":"https:\/\/archivioturi.lavocedelpaese.info\/index.php\/2010\/09\/30\/ventrellamenino-sulla-variante-deve-stare-zitto\/","title":{"rendered":"VENTRELLA: &#8220;MENINO SULLA VARIANTE DEVE STARE ZITTO&#8221;"},"content":{"rendered":"<p><img loading=\"lazy\" decoding=\"async\" class=\" size-full wp-image-939\" src=\"https:\/\/archivioturi.lavocedelpaese.info\/wp-content\/uploads\/2009\/12\/ventrella_home.jpg\" width=\"320\" height=\"150\" alt=\"ventrella_home\" srcset=\"https:\/\/archivioturi.lavocedelpaese.info\/wp-content\/uploads\/2009\/12\/ventrella_home.jpg 640w, https:\/\/archivioturi.lavocedelpaese.info\/wp-content\/uploads\/2009\/12\/ventrella_home-300x141.jpg 300w\" sizes=\"auto, (max-width: 320px) 100vw, 320px\" \/> <\/p>\n<p style=\"text-align: justify;\"><span style=\"font-size: 10pt;\"><span style=\"font-family: verdana, geneva;\">Nell\u2019ultimo Consiglio comunale, il consigliere di minoranza Natalino Ventrella ha, come gli capita negli ultimi tempi, abbandonato la sala consiliare quando si \u00e8 iniziato a parlare di urbanistica. Gli abbiamo chiesto il motivo di questo comportamento. \u201cIo e il mio gruppo politico costituito da Sante Tauro e Pietro Colapietro, abbiamo pensato che sia meglio abbandonare l\u2019aula: fino a quando non ci sar\u00e0 il Pug definitivo \u00e8 inutile esporsi in consiglio\u201d.<\/span><\/span><\/p>\n<p style=\"text-align: justify;\"><span style=\"font-size: 10pt;\"><span style=\"font-family: verdana, geneva;\">Abbiamo approfittato dell\u2019occasione per chiedere a Ventrella un parere sulla maggioranza che vuole l\u2019eliminazione di un tratto di strada che doveva collegare l\u2019area Pip al centro abitato.<\/span><\/span><\/p>\n<p style=\"text-align: justify;\"><span style=\"font-size: 10pt;\"><span style=\"font-family: verdana, geneva;\">\u201cHo abbandonato l\u2019aula \u2013 chiarisce Ventrella &#8211; perch\u00e9 su questa variante ci sarebbero dubbi, perplessit\u00e0 e io non voglio andare a rispondere ai carabinieri e al procuratore della Repubblica, insomma voglio restarne fuori.\u201d<\/span><\/span><\/p>\n<p style=\"text-align: justify;\"><span style=\"font-size: 10pt;\"><span style=\"font-family: verdana, geneva;\">Domenico Coppi, che Turiweb ha intervistato sulla variante, si \u00e8 \u00a0soffermato schierandosi contro la creazione e l\u2019approvazione della stessa. Ventrella per\u00f2 ha da ridire su quanto affermato dall\u2019ex sindaco Coppi:<\/span><\/span><\/p>\n<p style=\"text-align: justify;\"><span style=\"font-size: 10pt;\"><span style=\"font-family: verdana, geneva;\">\u201cMenino non pu\u00f2 intervenire, dovrebbe stare zitto su ci\u00f2 che riguarda l\u2019urbanistica e questo perch\u00e9 lui che ha amministrato male non pu\u00f2 parlare, n\u00e9 dare suggerimenti. Del centro-sinistra pu\u00f2 intervenire solamente Pietro Giorgio, l\u2019unico che ha i meriti per poter dire la sua riguardo a questa materia. Tutti gli altri, non essendo vergini in questa branca, devono stare calmi e zitti.\u201d<\/span><\/span><\/p>\n","protected":false},"excerpt":{"rendered":"<p><img loading=\"lazy\" decoding=\"async\" class=\" size-full wp-image-939\" src=\"https:\/\/archivioturi.lavocedelpaese.info\/wp-content\/uploads\/2009\/12\/ventrella_home.jpg\" width=\"320\" height=\"150\" alt=\"ventrella_home\" srcset=\"https:\/\/archivioturi.lavocedelpaese.info\/wp-content\/uploads\/2009\/12\/ventrella_home.jpg 640w, https:\/\/archivioturi.lavocedelpaese.info\/wp-content\/uploads\/2009\/12\/ventrella_home-300x141.jpg 300w\" sizes=\"auto, (max-width: 320px) 100vw, 320px\" \/> <\/p>\n","protected":false},"author":1,"featured_media":939,"comment_status":"open","ping_status":"closed","sticky":false,"template":"","format":"standard","meta":{"colormag_page_container_layout":"default_layout","colormag_page_sidebar_layout":"default_layout","footnotes":""},"categories":[4],"tags":[],"class_list":["post-3137","post","type-post","status-publish","format-standard","has-post-thumbnail","hentry","category-politica"],"_links":{"self":[{"href":"https:\/\/archivioturi.lavocedelpaese.info\/index.php\/wp-json\/wp\/v2\/posts\/3137","targetHints":{"allow":["GET"]}}],"collection":[{"href":"https:\/\/archivioturi.lavocedelpaese.info\/index.php\/wp-json\/wp\/v2\/posts"}],"about":[{"href":"https:\/\/archivioturi.lavocedelpaese.info\/index.php\/wp-json\/wp\/v2\/types\/post"}],"author":[{"embeddable":true,"href":"https:\/\/archivioturi.lavocedelpaese.info\/index.php\/wp-json\/wp\/v2\/users\/1"}],"replies":[{"embeddable":true,"href":"https:\/\/archivioturi.lavocedelpaese.info\/index.php\/wp-json\/wp\/v2\/comments?post=3137"}],"version-history":[{"count":0,"href":"https:\/\/archivioturi.lavocedelpaese.info\/index.php\/wp-json\/wp\/v2\/posts\/3137\/revisions"}],"wp:featuredmedia":[{"embeddable":true,"href":"https:\/\/archivioturi.lavocedelpaese.info\/index.php\/wp-json\/wp\/v2\/media\/939"}],"wp:attachment":[{"href":"https:\/\/archivioturi.lavocedelpaese.info\/index.php\/wp-json\/wp\/v2\/media?parent=3137"}],"wp:term":[{"taxonomy":"category","embeddable":true,"href":"https:\/\/archivioturi.lavocedelpaese.info\/index.php\/wp-json\/wp\/v2\/categories?post=3137"},{"taxonomy":"post_tag","embeddable":true,"href":"https:\/\/archivioturi.lavocedelpaese.info\/index.php\/wp-json\/wp\/v2\/tags?post=3137"}],"curies":[{"name":"wp","href":"https:\/\/api.w.org\/{rel}","templated":true}]}}