{"id":3121,"date":"2010-10-03T06:08:00","date_gmt":"2010-10-03T06:08:00","guid":{"rendered":"https:\/\/archivioturi.lavocedelpaese.info\/index.php\/2010\/10\/03\/sguardo-alla-settimana-27-sett-3-ott\/"},"modified":"2010-10-03T06:08:00","modified_gmt":"2010-10-03T06:08:00","slug":"sguardo-alla-settimana-27-sett-3-ott","status":"publish","type":"post","link":"https:\/\/archivioturi.lavocedelpaese.info\/index.php\/2010\/10\/03\/sguardo-alla-settimana-27-sett-3-ott\/","title":{"rendered":"SGUARDO ALLA SETTIMANA 27 SETT. \/ 3 OTT."},"content":{"rendered":"<p><img loading=\"lazy\" decoding=\"async\" class=\" size-full wp-image-1239\" src=\"https:\/\/archivioturi.lavocedelpaese.info\/wp-content\/uploads\/2010\/01\/Postits.jpg\" width=\"320\" height=\"150\" alt=\"Postits\" srcset=\"https:\/\/archivioturi.lavocedelpaese.info\/wp-content\/uploads\/2010\/01\/Postits.jpg 640w, https:\/\/archivioturi.lavocedelpaese.info\/wp-content\/uploads\/2010\/01\/Postits-300x141.jpg 300w\" sizes=\"auto, (max-width: 320px) 100vw, 320px\" \/> <\/p>\n<p style=\"text-align: justify;\"><span style=\"font-size: 10pt;\"><span style=\"font-family: verdana, geneva;\"><strong>Luned\u00ec 27:<\/strong><\/span><\/span><\/p>\n<p style=\"text-align: justify;\"><span style=\"font-size: 10pt;\"><span style=\"font-family: verdana, geneva;\"><a target=\"_blank\" href=\"attualita\/1919-e-concime-naturale-ma-il-tanfo-e-insopportabile.html\" style=\"color: #980a00; text-decoration: underline;\" rel=\"noopener\">\u00c8 CONCIME NATURALE MA IL TANFO \u00c8 INSOPPORTABILE<\/a> Nelle campagne verso Putignano, Gioia, Sammichele, quei pochi allevatori rimasti e alcuni agricoltori-cerasicoltori, di questi tempi usano il letame per concimare i loro terreni.<\/span><\/span><\/p>\n<p style=\"text-align: justify;\"><span style=\"font-size: 10pt;\"><span style=\"font-family: verdana, geneva;\"><a target=\"_blank\" href=\"cultura\/1918-itc-attestati-per-corsi-stanziati-dallue.html\" style=\"color: #980a00; text-decoration: underline;\" rel=\"noopener\">I.T.C.: ATTESTATI PER CORSI STANZIATI DALL&#8217;UE<\/a> <span style=\"font-size: 10pt;\"><span style=\"font-family: verdana, geneva;\">Ha avuto luogo, nell&#8217;Auditorium dell&#8217;<\/span><\/span><span style=\"font-size: 10pt;\"><span style=\"font-family: verdana, geneva;\">ITC S.Pertini<\/span><\/span><span style=\"font-size: 10pt;\"><span style=\"font-family: verdana, geneva;\">, la consegna dei diplomi ai ragazzi che hanno partecipato ai corsi gratuiti <\/span><\/span><span style=\"font-size: 10pt;\"><span style=\"font-family: verdana, geneva;\">PON<\/span><\/span><span style=\"font-size: 10pt;\"><span style=\"font-family: verdana, geneva;\">, finanziati dall&#8217;Europa, nell&#8217;<\/span><\/span><span style=\"font-size: 10pt;\"><span style=\"font-family: verdana, geneva;\">anno scolastico 2009\/2010<\/span><\/span><span style=\"font-size: 10pt;\"><span style=\"font-family: verdana, geneva;\">.<\/span><\/span><\/span><\/span><\/p>\n<p style=\"text-align: justify;\"><span style=\"font-size: 10pt;\"><span style=\"font-family: verdana, geneva;\"><a target=\"_blank\" href=\"attualita\/1920-mille-firme-per-migliorare-i-servizi-dellufficio-postale.html\" style=\"color: #980a00; text-decoration: underline;\" rel=\"noopener\">MILLE FIRME PER MIGLIORARE I SERVIZI DELLA POSTA<\/a> Il 25 settembre \u00a0scorso si \u00e8 svolta presso la sede del PD turese una conferenza stampa, per annunciare la consegna al Sindaco, durante il prossimo consiglio comunale (oggi alle ore 15,30), delle circa 1.000 firme raccolte riguardo il servizio svolto dal locale ufficio postale.<\/span><\/span><\/p>\n<p style=\"text-align: justify;\"><span style=\"font-size: 10pt;\"><span style=\"font-family: verdana, geneva;\"><a target=\"_blank\" href=\"politica\/1921-franco-petrera-dalle-malefatte-alle-porcate.html\" style=\"color: #980a00; text-decoration: underline;\" rel=\"noopener\">FRANCO PETRERA, DALLE MALEFATTE ALLE PORCATE<\/a> A seguito delle diverse problematiche denunciate da Franco Petrera nello scorso Consiglio Comunale, a poche ore dall&#8217;inizio di una ulteriore assise pubblica, lo abbiamo intervistato per andare a fondo ad alcune questioni che riguardano il nostro paese.<\/span><\/span><\/p>\n<p style=\"text-align: justify;\"><span style=\"font-size: 10pt;\"><span style=\"font-family: verdana, geneva;\"><br \/><\/span><\/span><\/p>\n<p style=\"text-align: justify;\"><span style=\"font-size: 10pt;\"><span style=\"font-family: verdana, geneva;\"><strong>Marted\u00ec 28: <\/strong><\/span><\/span><\/p>\n<p style=\"text-align: justify;\"><span style=\"font-size: 10pt;\"><span style=\"font-family: verdana, geneva;\"><a target=\"_blank\" href=\"sport\/1923-delusione-varese-ancora-una-sconfitta.html\" style=\"color: #980a00; text-decoration: underline;\" rel=\"noopener\">DELUSIONE VARESE: ANCORA UNA SCONFITTA<\/a> Partita stregata per il Varese, squadra in cui milita il turese Gepi Pugliese, contro il Frosinone nella sesta giornata di serie B in terra ciociara.<\/span><\/span><\/p>\n<p style=\"text-align: justify;\"><span style=\"font-size: 10pt;\"><span style=\"font-family: verdana, geneva;\"><a target=\"_blank\" href=\"rubriche\/la-voce-del-paese\/1922-le-paure-di-tundo-fanno-vivacchiare-gigantelli.html\" style=\"color: #980a00; text-decoration: underline;\" rel=\"noopener\">LE PAURE DI TUNDO FANNO VIVACCHIARE GIGANTELLI<\/a> Se il Consiglio comunale di oggi si potesse \u201cvedere\u201d dal pre-consiglio di sabato sera, dobbiamo dire che ormai l\u2019amministrazione Gigantelli stava vivendo (si fa per dire\u2026) gli ultimi giorni del suo mandato.<\/span><\/span><\/p>\n<p style=\"text-align: justify;\"><span style=\"font-size: 10pt;\"><span style=\"font-family: verdana, geneva;\"><a target=\"_blank\" href=\"attualita\/1924-garantita-lassistenza-scolastica-per-un-minore-disabile.html\" style=\"color: #980a00; text-decoration: underline;\" rel=\"noopener\">GARANTITA L\u2019ASSISTENZA SCOLASTICA PER UN DISABILE<\/a> <span style=\"font-size: 10pt;\"><span style=\"font-family: verdana, geneva;\">Il 23 settembre la Giunta Comunale, con apposita delibera, ha sottoscritto l\u2019<\/span><\/span><span style=\"font-size: 10pt;\"><span style=\"font-family: verdana, geneva;\">Assistenza Specialistica<\/span><\/span><span style=\"font-size: 10pt;\"><span style=\"font-family: verdana, geneva;\">, durante le attivit\u00e0 didattiche, <\/span><\/span><span style=\"font-size: 10pt;\"><span style=\"font-family: verdana, geneva;\">al minore disabile<\/span><\/span><span style=\"font-size: 10pt;\"><span style=\"font-family: verdana, geneva;\"> D.N. R., iscritto alla prima classe della Scuola Secondaria Statale I grado \u201cR. Resta\u201d di Turi, <\/span><\/span><span style=\"font-size: 10pt;\"><span style=\"font-family: verdana, geneva;\">dal mese di Settembre 2010 al mese di Giugno 2011<\/span><\/span><span style=\"font-size: 10pt;\"><span style=\"font-family: verdana, geneva;\">, per 591 ore complessive.<\/span><\/span><\/span><\/span><\/p>\n<p style=\"text-align: justify;\"><span style=\"font-size: 10pt;\"><span style=\"font-family: verdana, geneva;\"><a target=\"_blank\" href=\"politica\/1925-vicesindaco-assessori-e-consiglieri-si-cambia-ancora-.html\" style=\"color: #980a00; text-decoration: underline;\" rel=\"noopener\">VICESINDACO E ASSESSORI, SI CAMBIA ANCORA?<\/a> <span style=\"font-size: 10pt;\">Il <\/span><span style=\"font-size: 10pt;\"><span style=\"font-size: 10pt;\">Consiglio Comunale<\/span><\/span><span style=\"font-size: 10pt;\"><span style=\"font-size: 10pt;\"> del 27 settembre si \u00e8 svolto regolarmente in prima convocazione, nonostante la lunga attesa creata dalla maggioranza che ha fatto slittare l\u2019inizio dell\u2019assise di tre quarti d\u2019ora.<\/span><\/span><\/span><\/span><\/p>\n<p style=\"text-align: justify;\"><span style=\"font-size: 10pt;\"><span style=\"font-family: verdana, geneva;\"><a target=\"_blank\" href=\"politica\/1926-denovellis-fa-approvare-la-variazione-al-pip.html\" style=\"color: #980a00; text-decoration: underline;\" rel=\"noopener\">DENOVELLIS FA APPROVARE LA VARIANTE AL PIP<\/a> <span style=\"font-size: 10pt;\">Il punto all\u2019ordine del giorno pi\u00f9 interessante del Consiglio Comunale di ieri \u00e8 stato quello inerente all\u2019approvazione della <\/span><span style=\"font-size: 10pt;\">Variante del Piano Particolareggiato degli Insediamenti Produttivi<\/span><span style=\"font-size: 10pt;\">.<\/span><\/span><\/span><\/p>\n<p style=\"text-align: justify;\"><span style=\"font-size: 10pt;\"><span style=\"font-family: verdana, geneva;\"><a target=\"_blank\" href=\"politica\/1927-lassessore-teresita-de-florio-si-e-dimessa.html\" style=\"color: #980a00; text-decoration: underline;\" rel=\"noopener\">L&#8217;ASSESSORE TERESITA DE FLORIO SI E&#8217; DIMESSA<\/a> L\u2019assessore Teresita De Florio ha protocollato le proprie dimissioni questa mattina. La notizia non stupisce molto, in quanto era stato gi\u00e0 palesato in maniera ufficiosa il magone accumulato dalla stessa dottoressa a seguito dell\u2019ultimo rimpasto in cui le fu tolta la delega alla Polizia Municipale.<\/span><\/span><\/p>\n<p style=\"text-align: justify;\"><span style=\"font-size: 10pt;\"><span style=\"font-family: verdana, geneva;\"><br \/><\/span><\/span><\/p>\n<p style=\"text-align: justify;\"><span style=\"font-size: 10pt;\"><span style=\"font-family: verdana, geneva;\"><strong>Mercoled\u00ec 29:<\/strong><\/span><\/span><\/p>\n<p style=\"text-align: justify;\"><span style=\"font-size: 10pt;\"><span style=\"font-family: verdana, geneva;\"><a style=\"color: #980a00; text-decoration: underline;\" href=\"cronaca\/1931-gli-rubano-due-macchine-in-una-notte.html\" target=\"_blank\" rel=\"noopener\">GLI RUBANO DUE MACCHINE IN UNA NOTTE<\/a> Due notti fa ad un cittadino turese, risiedente nella zona periferica del paese tra via Monopoli e via Castellana, sono state rubate due automobili: una Fiat Nuova 500 e una Lancia Nuova Delta.<\/span><\/span><\/p>\n<p style=\"text-align: justify;\"><span style=\"font-size: 10pt;\"><span style=\"font-family: verdana, geneva;\"><a href=\"attualita\/1932-randagismo-.html\" target=\"_blank\" rel=\"noopener\">ANCORA UN CASO DI RA<\/a><\/span><\/span><span style=\"font-size: 10pt;\"><span style=\"font-family: verdana, geneva;\"><a href=\"attualita\/1932-randagismo-.html\" target=\"_blank\" rel=\"noopener\">NDAGISMO IN P<\/a><\/span><\/span><span style=\"font-size: 10pt;\"><span style=\"font-family: verdana, geneva;\"><a href=\"attualita\/1932-randagismo-.html\" target=\"_blank\" rel=\"noopener\">ERIFERI<\/a><\/span><\/span><span style=\"font-size: 10pt;\"><span style=\"font-family: verdana, geneva;\"><a href=\"attualita\/1932-randagismo-.html\" target=\"_blank\" rel=\"noopener\">A<\/a> Riceviamo e pubblichiamo la lettera ricevuta da un nostro lettore.<\/span><\/span><\/p>\n<p style=\"text-align: justify;\"><span style=\"font-size: 10pt;\"><span style=\"font-family: verdana, geneva;\"><a style=\"color: #980a00; text-decoration: underline;\" href=\"sport\/1929-amichevole-col-castellana-sconfitto-4-3-il-thuriae.html\" target=\"_blank\" rel=\"noopener\">AMICHEVOLE COL CASTELLANA, THURIAE SCONFITTO 4-3<\/a> Si \u00e8 giocata al Palazzetto dello sport di Turi la prima gara amichevole per i ragazzi che si apprestano a disputare il prossimo Campionato di Serie C2 di calcio a 5. Sconfitta di misura, 4 a 3, ma indicazioni pi\u00f9 che positive per mister Lavarra che schiera nel quintetto base Giuseppe Romita in porta, Vito Amoruso centrale difensivo, Francesco Cosola sulla destra opposto a Linzalone sulla sinistra e Gianni Giannuzzi pivot.<\/span><\/span><\/p>\n<p style=\"text-align: justify;\"><span style=\"font-size: 10pt;\"><span style=\"font-family: verdana, geneva;\"><a style=\"color: #980a00; text-decoration: underline;\" href=\"politica\/1933-gigantelli-ha-fatto-un-altro-rimpasto-lennesimo.html\" target=\"_blank\" rel=\"noopener\">GIGANTELLI HA FATTO UN ALTRO RIMPASTO. L\u2019ENNESIMO<\/a> Puntuale come un temporale d\u2019estate, con una cadenza sistematica di una pagella scolastica, ecco arrivare un altro rimpasto. L\u2019ennesimo.<\/span><\/span><\/p>\n<p style=\"text-align: justify;\"><span style=\"font-size: 10pt;\"><span style=\"font-family: verdana, geneva;\"><a style=\"color: #980a00; text-decoration: underline;\" href=\"cronaca\/1930-due-arresti-per-detenzione-di-ketamina.html\" target=\"_blank\" rel=\"noopener\">DUE ARRESTI PER DETENZIONE DI KETAMINA<\/a> Domenica mattina, intorno alle 5.00, due giovani di Alberobello sono stati fermati nei pressi del distributore di benzina sulla circonvallazione da una pattuglia dei Carabinieri di Turi.<\/span><\/span><\/p>\n<p style=\"text-align: justify;\"><span style=\"font-size: 10pt;\"><span style=\"font-family: verdana, geneva;\"><a style=\"color: #980a00; text-decoration: underline;\" href=\"sport\/1936-passo-falso-delledilizia-coppi-thuriae-a-noicattaro.html\" target=\"_blank\" rel=\"noopener\">PASSO FALSO DELL&#8217;EDILIZIA COPPI THURIAE A NOICATTARO<\/a> Primo impegno ufficiale, con la partita di Coppa Puglia dell&#8217;Edilizia Coppi Thuriae contro la forte compagine dell&#8217;Atletico Noicattaro, squadra rinforzatasi quest&#8217;anno con atleti provenienti tutti da categorie superiori.<\/span><\/span><\/p>\n<p style=\"text-align: justify;\"><span style=\"font-size: 10pt;\"><span style=\"font-family: verdana, geneva;\"><a style=\"color: #980a00; text-decoration: underline;\" href=\"politica\/1934-gentilissimo-signor-sindaco-le-scrivo.html\" target=\"_blank\" rel=\"noopener\">ECCO LA LETTERA DI DIMISSIONI DELL&#8217;ASSESSORE DE FLORIO<\/a> <\/span><\/span><span style=\"font-size: 13px; font-family: verdana, geneva;\">Tutta l\u2019amarezza, il risentimento, il dispiacere per queste dimissioni\u00a0 dell\u2019 ex assessore alla Polizia municipale in questa lettera protocollata nella mattinata di ieri e che trascriviamo integralmente.<\/span><\/p>\n<p style=\"text-align: justify;\"><span style=\"font-size: 10pt;\"><span style=\"font-family: verdana, geneva;\"><a style=\"color: #980a00; text-decoration: underline;\" href=\"attualita\/1935-razionalizzazione-del-personale-degli-sportelli-per-limpiego.html\" target=\"_blank\" rel=\"noopener\">LO SPORTELLO PER L\u2019IMPIEGO RIMANE APERTO<\/a> \u201cGli sportelli per l\u2019impiego restano aperti con un ridimensionamento del personale\u201d.<\/span><\/span><\/p>\n<p style=\"text-align: justify;\"><span style=\"font-size: 10pt;\"><span style=\"font-family: verdana, geneva;\"><br \/><\/span><\/span><\/p>\n<p style=\"text-align: justify;\"><span style=\"font-size: 10pt;\"><span style=\"font-family: verdana, geneva;\"><strong>Gioved\u00ec 30:<\/strong><\/span><\/span><\/p>\n<p style=\"text-align: justify;\"><span style=\"font-size: 10pt;\"><span style=\"font-family: verdana, geneva;\"><a style=\"color: #980a00; text-decoration: underline;\" href=\"politica\/1937-ventrellamenino-sulla-variante-deve-stare-zitto.html\" target=\"_blank\" rel=\"noopener\">VENTRELLA:MENINO SULLA VARIANTE DEVE STARE ZITTO<\/a> Nell\u2019 ultimo Consiglio comunale, il consigliere di minoranza Natalino Ventrella ha, come gli capita negli ultimi tempi, abbandonato la sala consiliare quando si \u00e8 iniziato a parlare di urbanistica. Gli abbiamo chiesto il motivo di questo comportamento.<\/span><\/span><\/p>\n<p style=\"text-align: justify;\"><span style=\"font-size: 10pt;\"><span style=\"font-family: verdana, geneva;\"><a style=\"color: #980a00; text-decoration: underline;\" href=\"attualita\/1938-2-e-3-ottobre-lorchidea-unicef.html\" target=\"_blank\" rel=\"noopener\">2 E 3 OTTOBRE: L\u2019ORCHIDEA UNICEF<\/a> <span style=\"font-size: 10pt;\"><span style=\"font-family: verdana, geneva;\">Una \u201c<\/span><\/span><span style=\"font-size: 10pt;\"><span style=\"font-family: verdana, geneva;\">Orchidea per i bambini<\/span><\/span><span style=\"font-size: 10pt;\"><span style=\"font-family: verdana, geneva;\">\u201d \u00e8 l\u2019iniziativa di solidariet\u00e0 che quest\u2019anno l\u2019<\/span><\/span><span style=\"font-size: 10pt;\"><span style=\"font-family: verdana, geneva;\">UNICEF<\/span><\/span><span style=\"font-size: 10pt;\"><span style=\"font-family: verdana, geneva;\">, il <\/span><\/span><span style=\"font-size: 10pt;\"><span style=\"font-family: verdana, geneva;\">2 e 3 ottobre<\/span><\/span><span style=\"font-size: 10pt;\"><span style=\"font-family: verdana, geneva;\">, in coincidenza con la festa dei nonni, realizzer\u00e0 in tutta Italia per raccogliere fondi in favore dei bambini dell\u2019Africa Centrale e Occidentale.<\/span><\/span><\/span><\/span><\/p>\n<p style=\"text-align: justify;\"><span style=\"font-size: 10pt;\"><span style=\"font-family: verdana, geneva;\"><a target=\"_blank\" href=\"politica\/1940-sel-raccoglie-idee-per-un-paese-nuovo.html\" style=\"color: #980a00; text-decoration: none;\" rel=\"noopener\">SEL RACCOGLIE IDEE PER UN PAESE NUOVO<\/a> Il Circolo del SEL \u201cAntonio Gramsci\u201d di Turi, rappresentato dal segretario Angelo Maggipinto, in questi giorni sta distribuendo alla cittadinanza turese un questionario, accompagnato da una lettera, nella quale vengono spiegate le motivazioni e le finalit\u00e0 di questa iniziativa.<\/span><\/span><\/p>\n<p style=\"text-align: justify;\"><span style=\"font-size: 10pt;\"><span style=\"font-family: verdana, geneva;\"><a target=\"_blank\" href=\"attualita\/1942-piu-controlli-nei-pressi-delle-scuole-dellinfanzia.html\" style=\"color: #980a00; text-decoration: underline;\" rel=\"noopener\">PI\u00d9 CONTROLLI NEI PRESSI DELLE SCUOLE DELL\u2019INFANZIA<\/a> Soddisfatta della pronta risposta dell\u2019Amministrazione e dell\u2019opera di Giampiero Luisi, assessore alla Polizia Municipale, l\u2019Associazione Genitori Turesi.<\/span><\/span><\/p>\n<p style=\"text-align: justify;\"><span style=\"font-size: 10pt;\"><span style=\"font-family: verdana, geneva;\"><a target=\"_blank\" href=\"politica\/1941-sel-qpalazzi-privati-invece-di-strade-pubblicheq.html\" style=\"color: #980a00; text-decoration: underline;\" rel=\"noopener\">SEL: &#8220;PALAZZI PRIVATI INVECE DI STRADE PUBBLICHE&#8221;<\/a> Riceviamo e pubblichiamo un comunicato stampa del circolo turese di SEL.<\/span><\/span><\/p>\n<p style=\"text-align: justify;\"><span style=\"font-size: 10pt;\"><span style=\"font-family: verdana, geneva;\"><a target=\"_blank\" href=\"cronaca\/1939-scoppiata-una-bomba-in-pieno-centro.html\" style=\"color: #980a00; text-decoration: underline;\" rel=\"noopener\">UNA BOMBA IN PIENO CENTRO FA SALTARE IL NEGOZIO<\/a> Alle 2.00 di questa notte \u00e8 stata fatta esplodere una bomba all\u2019ingresso di un negozio, filiale dell\u2019azienda \u201cCompro oro e argento\u201d,\u00a0sito in via Sedile.<\/span><\/span><\/p>\n<p style=\"text-align: justify;\"><span style=\"font-size: 10pt;\"><span style=\"font-family: verdana, geneva;\"><a style=\"color: #980a00; text-decoration: underline;\" href=\"sport\/1943-qci-sara-da-divertirsiq-parola-di-franco-spada.html\" target=\"_blank\" rel=\"noopener\">&#8216;CI SAR\u00c0 DA DIVERTIRSI&#8217;, PAROLA DI FRANCO SPADA<\/a> Dopo il Presidente Gianvito Colucci \u00e8 la volta del suo vice Francesco Spada, per gli amici Franco ma da tutti conosciuto meglio come\u00a0 &#8220;u gemellin&#8221;.<\/span><\/span><\/p>\n<p style=\"text-align: justify;\"><span style=\"font-size: 10pt;\"><span style=\"font-family: verdana, geneva;\"><a style=\"color: #980a00; text-decoration: underline;\" href=\"politica\/1944-rimpasto-fatto-giunta-stravolta.html\" target=\"_blank\" rel=\"noopener\">RIMPASTO FATTO, GIUNTA DI NUOVO STRAVOLTA<\/a> L\u2019ultima giunta comunale costituita dagli assessori D\u2019Addabbo, De Florio, Tundo, D\u2019Autilia, Totaro e Luisi, nata il 18 giugno scorso, \u00e8 stata sciolta nella data di oggi 30 settembre.<\/span><\/span><\/p>\n<p style=\"text-align: justify;\"><span style=\"font-size: 10pt;\"><span style=\"font-family: verdana, geneva;\"><br \/><\/span><\/span><\/p>\n<p style=\"text-align: justify;\"><span style=\"font-size: 10pt;\"><span style=\"font-family: verdana, geneva;\"><strong>Venerd\u00ec 1:<\/strong><\/span><\/span><\/p>\n<p style=\"text-align: justify;\"><span style=\"font-size: 10pt;\"><span style=\"font-family: verdana, geneva;\"><a style=\"color: #980a00; text-decoration: underline;\" href=\"rubriche\/la-voce-del-paese\/1945-chiu-scure-de-la-mezzannotte-nan-pote-jesse.html\" target=\"_blank\" rel=\"noopener\">CHI\u00da SC\u00daRE DE LA MEZZANN\u00d2TTE NAN P\u00d2TE J\u00c9SSE\u2026<\/a> Insieme a proverbi e soprannomi ecco dei modi di dire tipicamente turesi, in vernacolo strettamente turese, che si candidano a vera espressione dell\u2019anima popolare del nostro paese. Il piacere di leggerli, il piacere di ascoltarli. Buon divertimento.<\/span><\/span><\/p>\n<p style=\"text-align: justify;\"><span style=\"font-size: 10pt;\"><span style=\"font-family: verdana, geneva;\"><a style=\"color: #980a00; text-decoration: underline;\" href=\"politica\/1946-pronta-lennesima-giunta-gigantelli-ora-si-lavora.html\" target=\"_blank\" rel=\"noopener\">PRONTA L\u2019ENNESIMA GIUNTA GIGANTELLI. ORA SI LAVORA<\/a> Abbiamo la nuova Giunta. Viene dopo quella composta, oltre che dal sindaco Gigantelli, da D\u2019Addabbo, D\u2019Autilia, Totaro, Valentini, De Florio, Tundo e Luisi che hanno amministrato Turi dal 18 giugno al 30 settembre: una Amministrazione detta \u201cbalneare\u201d il cui scopo principale era quello di traghettarla verso una giunta migliore. E dopo tanto discutere, cercare, valutare, ecco l\u2019ennesima nuova giunta.<\/span><\/span><\/p>\n<p style=\"text-align: justify;\"><span style=\"font-size: 10pt;\"><span style=\"font-family: verdana, geneva;\"><a style=\"color: #980a00; text-decoration: underline;\" href=\"attualita\/1947-marika-fruscio-coivolge-e-sconvolge-gli-ometti.html\" target=\"_blank\" rel=\"noopener\">MARIKA FRUSCIO COIVOLGE E SCONVOLGE\u2026 GLI OMETTI<\/a> \u00c8 stata davvero una bella serata quella appena trascorsa presso una nota caffetteria di Turi dove \u00e8 stata invitata l\u2019ospite VIP Marika Fruscio.<\/span><\/span><\/p>\n<p style=\"text-align: justify;\"><span style=\"font-size: 10pt;\"><span style=\"font-family: verdana, geneva;\"><a style=\"color: #980a00; text-decoration: underline;\" href=\"attualita\/1949-la-madonna-del-rosario-in-via-vittorio-veneto.html\" target=\"_blank\" rel=\"noopener\">LA MADONNA DEL ROSARIO IN VIA VITTORIO VENETO<\/a> Vista l\u2019istanza presentata al comune di Turi dai sig.ri Verdoni Vincenzo, Cirilli Antonio, Labate Domenico, Dell\u2019Aera Antonio, Maselli Antonio, Dell\u2019Aera Angelo, condomini delle palazzine di via Vittorio Veneto, intesa ad ottenere l\u2019autorizzazione per il posizionamento di una statua della Madonna in una nicchia adiacente i suddetti immobili, il caposettore dell\u2019urbanistica e dell\u2019assetto del territorio, dott. ing. Campobasso, ne ha concesso l&#8217;approvazione\u00a0 a condizione che gli stessi si impegnino ad effettuare a propria cura e a proprie spese la manutenzione di quanto accordato e delle aree immediatamente circostanti.<\/span><\/span><\/p>\n<p style=\"text-align: justify;\"><span style=\"font-size: 10pt;\"><span style=\"font-family: verdana, geneva;\"><a style=\"color: #980a00; text-decoration: underline;\" href=\"attualita\/1950-scuolabus-assegnazioni-che-fanno-discutere.html\" target=\"_blank\" rel=\"noopener\">SCUOLABUS: ASSEGNAZIONI CHE FANNO DISCUTERE<\/a> Continua a suscitare numerose controversie l\u2019argomento riguardante lo scuolabus e l\u2019assegnazione del servizio a pochi bambini residenti a Turi.<\/span><\/span><\/p>\n<p style=\"text-align: justify;\"><span style=\"font-size: 10pt;\"><span style=\"font-family: verdana, geneva;\"><a style=\"color: #980a00; text-decoration: underline;\" href=\"politica\/1948-la-lettera-delle-dimissioni-di-daddabbo.html\" target=\"_blank\" rel=\"noopener\">LA LETTERA DELLE DIMISSIONI DI D&#8217;ADDABBO<\/a> In esclusiva su Turiweb pubblichiamo la lettera di dimissioni del vicesindaco Franco D&#8217;Addabbo, inviata a Sindaco e direttore generale del Comune di Turi. A breve nuovi particolari e approfondimenti.<\/span><\/span><\/p>\n<p style=\"text-align: justify;\"><span style=\"font-size: 10pt;\"><span style=\"font-family: verdana, geneva;\"><a style=\"color: #980a00; text-decoration: underline;\" href=\"politica\/1951-il-punto-sulla-salvaguardia-del-bilancio-2010.html\" target=\"_blank\" rel=\"noopener\">IL PUNTO SULLA SALVAGUARDIA DEL BILANCIO 2010<\/a> <span style=\"font-size: 11.5pt;\"><span style=\"font-size: 10pt;\">Durante l\u2019ultimo consiglio comunale non venne praticamente discusso il quarto punto all\u2019ordine del giorno avente come oggetto la \u201cs<\/span><\/span><span style=\"font-size: 11.5pt;\"><span style=\"font-size: 10pt;\">alvaguardia degli equilibri di bilancio e ricognizione sullo stato di attuazione dei programma. Adozione delle misure di salvaguardia degli equilibri di bilancio e approvazione di variazioni al bilancio di previsione 2010. Presa d\u2019atto del permanere degli equilibri di bilanci\u201d. Venne data per letta la relazione del Sindaco e si vot\u00f2 senza problemi il provvedimento.<\/span><\/span><\/span><\/span><\/p>\n<p style=\"text-align: justify;\"><span style=\"font-size: 10pt;\"><span style=\"font-family: verdana, geneva;\"><span style=\"font-size: 11.5pt;\"><span style=\"font-size: 10pt;\"><br \/><\/span><\/span><\/span><\/span><\/p>\n<p style=\"text-align: justify;\"><span style=\"font-size: 10pt;\"><span style=\"font-family: verdana, geneva;\"><strong>Sabato 2:<\/strong><\/span><\/span><\/p>\n<p style=\"text-align: justify;\"><span style=\"font-size: 10pt;\"><span style=\"font-family: verdana, geneva;\"><a target=\"_blank\" href=\"attualita\/1952-3-ottobre-appello-alla-donazione-di-sangue.html\" style=\"color: #980a00; text-decoration: underline;\" rel=\"noopener\">3 OTTOBRE: APPELLO ALLA DONAZIONE DI SANGUE<\/a> <span style=\"font-size: 10pt;\"><span style=\"font-family: verdana, geneva;\">Domenica <\/span><\/span><span style=\"font-size: 10pt;\"><span style=\"font-family: verdana, geneva;\">3 ottobre<\/span><\/span><span style=\"font-size: 10pt;\"><span style=\"font-family: verdana, geneva;\"> la <\/span><\/span><span style=\"font-size: 10pt;\"><span style=\"font-family: verdana, geneva;\">FIDAS<\/span><\/span><span style=\"font-size: 10pt;\"><span style=\"font-family: verdana, geneva;\"> \u2013 Turi attende la cittadinanza per un nuovo appuntamento all\u2019insegna della <\/span><\/span><span style=\"font-size: 10pt;\"><span style=\"font-family: verdana, geneva;\">donazione del sangue<\/span><\/span><span style=\"font-size: 10pt;\"><span style=\"font-family: verdana, geneva;\">. Nel Poliambulatorio l\u2019equipe di Putignano fornir\u00e0 l\u2019assistenza necessaria a tutti coloro che vorranno donare.<\/span><\/span><\/span><\/span><\/p>\n<p style=\"text-align: justify;\"><span style=\"font-size: 10pt;\"><span style=\"font-family: verdana, geneva;\"><a target=\"_blank\" href=\"attualita\/1954-ritrovato-un-carlino-in-via-rutigliano.html\" style=\"color: #980a00; text-decoration: underline;\" rel=\"noopener\">RITROVATO UN CARLINO IN VIA RUTIGLIANO<\/a> Il 30 settembre scorso \u00e8 stato ritrovato da un signore di Turi, sulla SP 122 Turi-Rutigliano, un cane di media taglia apparentemente di razza Carlina. Il cane, di cui \u00e8 stato denunciato il ritrovamento, \u00e8 regolarmente microcippato da 5 anni.<\/span><\/span><\/p>\n<p style=\"text-align: justify;\"><span style=\"font-size: 10pt;\"><span style=\"font-family: verdana, geneva;\"><a target=\"_blank\" href=\"politica\/1953-per-la-de-florio-una-dimissione-tira-laltra.html\" style=\"color: #980a00; text-decoration: underline;\" rel=\"noopener\">PER LA DE FLORIO UNA DIMISSIONE TIRA L\u2019ALTRA\u2026<\/a> Dal punto di vista giornalistico le dimissioni di un assessore sono sempre ben accolte. Figuriamoci quando, come stavolta, ce ne sono tre: quella di D\u2019Addabbo, quella di Luisi e quella clamorosa della De Florio.<\/span><\/span><\/p>\n<p style=\"text-align: justify;\"><span style=\"font-size: 10pt;\"><span style=\"font-family: verdana, geneva;\"><a target=\"_blank\" href=\"politica\/1955-paolo-tundo-saro-vigile-e-controllore.html\" style=\"color: #980a00; text-decoration: underline;\" rel=\"noopener\">PAOLO TUNDO: &#8216;SARO&#8217; VIGILE E CONTROLLORE&#8217;<\/a> <\/span><\/span><span style=\"line-height: 18px; font-size: 13px; font-family: verdana, geneva;\">Il vicesindaco esprime grande soddisfazione per il nuovo incarico. <\/span><span style=\"line-height: 18px; font-size: 14px;\"><span style=\"font-size: 10pt;\"><span style=\"font-family: verdana, geneva;\">&#8216;Cominciare subito dalla viabilit\u00e0&#8217;.<\/span><\/span><\/span><\/p>\n<p style=\"text-align: justify;\"><span style=\"line-height: 18px; font-size: 14px;\"><span style=\"font-size: 10pt;\"><span style=\"font-family: verdana, geneva;\"><br \/><\/span><\/span><\/span><\/p>\n<p style=\"text-align: justify;\"><span style=\"font-size: 10pt;\"><span style=\"font-family: verdana, geneva;\"><strong>Domenica 3:<\/strong><\/span><\/span><\/p>\n<p style=\"text-align: justify;\"><span style=\"font-size: 10pt;\"><span style=\"font-family: verdana, geneva;\"><a style=\"color: #980a00; text-decoration: underline;\" href=\"cultura\/1956-la-scuola-elementare-canta-con-lunicef.html\" target=\"_blank\" rel=\"noopener\">LA SCUOLA ELEMENTARE CANTA CON L\u2019UNICEF<\/a> <span style=\"font-size: 10pt;\"><span style=\"font-family: verdana, geneva;\">L\u2019Orchidea <\/span><\/span><span style=\"font-size: 10pt;\"><span style=\"font-family: verdana, geneva;\">UNICEF<\/span><\/span><span style=\"font-size: 10pt;\"><span style=\"font-family: verdana, geneva;\"> \u00e8 stata il simbolo che ha incorniciato l\u2019atrio della <\/span><\/span><span style=\"font-size: 10pt;\"><span style=\"font-family: verdana, geneva;\">Scuola Elementare<\/span><\/span><span style=\"font-size: 10pt;\"><span style=\"font-family: verdana, geneva;\"> di Turi nella mattinata del 2 ottobre. Nel giorno della festa dei nonni, come in tutta Italia, anche nel nostro comune si \u00e8 dato spazio alle riflessioni sulla difficile condizione in cui vivono milioni di bambini in tutto il mondo.<\/span><\/span><\/span><\/span><\/p>\n","protected":false},"excerpt":{"rendered":"<p><img loading=\"lazy\" decoding=\"async\" class=\" size-full wp-image-1239\" src=\"https:\/\/archivioturi.lavocedelpaese.info\/wp-content\/uploads\/2010\/01\/Postits.jpg\" width=\"320\" height=\"150\" alt=\"Postits\" srcset=\"https:\/\/archivioturi.lavocedelpaese.info\/wp-content\/uploads\/2010\/01\/Postits.jpg 640w, https:\/\/archivioturi.lavocedelpaese.info\/wp-content\/uploads\/2010\/01\/Postits-300x141.jpg 300w\" sizes=\"auto, (max-width: 320px) 100vw, 320px\" \/> <\/p>\n","protected":false},"author":1,"featured_media":1239,"comment_status":"open","ping_status":"closed","sticky":false,"template":"","format":"standard","meta":{"colormag_page_container_layout":"default_layout","colormag_page_sidebar_layout":"default_layout","footnotes":""},"categories":[9],"tags":[],"class_list":["post-3121","post","type-post","status-publish","format-standard","has-post-thumbnail","hentry","category-la-voce-del-paese"],"_links":{"self":[{"href":"https:\/\/archivioturi.lavocedelpaese.info\/index.php\/wp-json\/wp\/v2\/posts\/3121","targetHints":{"allow":["GET"]}}],"collection":[{"href":"https:\/\/archivioturi.lavocedelpaese.info\/index.php\/wp-json\/wp\/v2\/posts"}],"about":[{"href":"https:\/\/archivioturi.lavocedelpaese.info\/index.php\/wp-json\/wp\/v2\/types\/post"}],"author":[{"embeddable":true,"href":"https:\/\/archivioturi.lavocedelpaese.info\/index.php\/wp-json\/wp\/v2\/users\/1"}],"replies":[{"embeddable":true,"href":"https:\/\/archivioturi.lavocedelpaese.info\/index.php\/wp-json\/wp\/v2\/comments?post=3121"}],"version-history":[{"count":0,"href":"https:\/\/archivioturi.lavocedelpaese.info\/index.php\/wp-json\/wp\/v2\/posts\/3121\/revisions"}],"wp:featuredmedia":[{"embeddable":true,"href":"https:\/\/archivioturi.lavocedelpaese.info\/index.php\/wp-json\/wp\/v2\/media\/1239"}],"wp:attachment":[{"href":"https:\/\/archivioturi.lavocedelpaese.info\/index.php\/wp-json\/wp\/v2\/media?parent=3121"}],"wp:term":[{"taxonomy":"category","embeddable":true,"href":"https:\/\/archivioturi.lavocedelpaese.info\/index.php\/wp-json\/wp\/v2\/categories?post=3121"},{"taxonomy":"post_tag","embeddable":true,"href":"https:\/\/archivioturi.lavocedelpaese.info\/index.php\/wp-json\/wp\/v2\/tags?post=3121"}],"curies":[{"name":"wp","href":"https:\/\/api.w.org\/{rel}","templated":true}]}}