{"id":3112,"date":"2010-09-27T09:33:04","date_gmt":"2010-09-27T09:33:04","guid":{"rendered":"https:\/\/archivioturi.lavocedelpaese.info\/index.php\/2010\/09\/27\/franco-petrera-dalle-malefatte-alle-porcate\/"},"modified":"2010-09-27T09:33:04","modified_gmt":"2010-09-27T09:33:04","slug":"franco-petrera-dalle-malefatte-alle-porcate","status":"publish","type":"post","link":"https:\/\/archivioturi.lavocedelpaese.info\/index.php\/2010\/09\/27\/franco-petrera-dalle-malefatte-alle-porcate\/","title":{"rendered":"FRANCO PETRERA, DALLE MALEFATTE ALLE PORCATE"},"content":{"rendered":"<p><img loading=\"lazy\" decoding=\"async\" class=\" size-full wp-image-745\" alt=\"petrera-bis\" height=\"150\" width=\"320\" src=\"https:\/\/archivioturi.lavocedelpaese.info\/wp-content\/uploads\/2009\/11\/petrera-bis.jpg\" \/> <\/p>\n<p>A seguito delle diverse problematiche denunciate da Franco Petrera nello scorso Consiglio Comunale, a poche ore dall&#8217;inizio di una ulteriore assise pubblica, lo abbiamo intervistato per andare a fondo ad alcune questioni che riguardano il nostro paese.<\/p>\n<p><strong> <\/strong><\/p>\n<p><strong>Ha detto che l\u2019ultimo Consiglio comunale \u00e8 terminato a tarallucci e vino. Per quali ragioni?<\/strong><\/p>\n<p>\u201cIl Sindaco Gigantelli che \u00e8 in evidente difficolt\u00e0 politica, oltre a non godere pi\u00f9 della stima dei turesi, non gode pi\u00f9 della fiducia dei consiglieri di maggioranza. Ha dichiarato, all\u2019improvviso, di essere disponibile al confronto politico, pensando di trovare persone che ancora possano credere alle sue parole.\u00a0La sua \u00e8 una esperienza finita, per di pi\u00f9 finita male, anzi malissimo a danno di Turi e dei turesi.\u201d<\/p>\n<p><strong>Cosa ci preannuncia del Consiglio comunale di oggi?<\/strong><\/p>\n<p>\u201cSar\u00e0 identico a tutti i Consigli comunali tenutisi in tre anni e passa di Amministrazione Gigantelli, ovvero all\u2019insegna del perseguimento dei propri interessi e di quelli della cricca, continuando ad ignorare i problemi di Turi e dei turesi.\u201d<\/p>\n<p><strong> <\/strong><\/p>\n<p><strong>Se domani ci fossero le elezioni si ricandiderebbe con il PDL turese?<\/strong><\/p>\n<p>\u201cIo sono del PDL e ci rimango; piuttosto Gigantelli, D\u2019addabbo e il resto della cricca sono approdati al partito per calcolo, rendendosi unici responsabili della diffusa sfiducia e demotivazione dei turesi verso il PDL. Loro devono porsi il problema. E successivamente trovare chi li vota dopo tutto quello che hanno combinato. I turesi certamente no.\u201d<\/p>\n<p><strong> <\/strong><\/p>\n<p><strong>Quali motivazioni la spinsero a candidarsi alle passate elezioni amministrative?<\/strong><\/p>\n<p><strong> <\/strong>\u201cSono in politica da circa trent\u2019anni, animato sempre ed esclusivamente dallo spirito di servizio. A differenza di Gigantelli e D\u2019addabbo, non ho mai avuto aspettative personali. Il mio unico interesse \u00e8 stato da sempre quello di voler contribuire a migliorare il Paese nel quale risiedo e condivido la vita quotidiana con gli altri turesi. A differenza di qualche amministratore attuale che dimora o addirittura risiede in altri paesi limitrofi e che pretende di amministrare Turi.\u201d<\/p>\n<p><strong> <\/strong><\/p>\n<p><strong>Cosa ci dice circa l\u2019istallazione selvaggia dei pannelli pubblicitari?<\/strong><\/p>\n<p>\u201cGli impianti pubblicitari autorizzati a Turi sono diventati una emergenza come l\u2019emergenza urbanistica, procurata dalla cementificazione selvaggia. Basta guardarsi attorno. E vi assicuro che non \u00e8 finita qui. Quella porcata di rond\u00f2 che stanno realizzando in Via Casamassima, \u00e8 tale perch\u00e9 condizionato da due pannelli pubblicitari che non si voglio spostare. Ma vi pare giusto?!\u201d<\/p>\n<p><strong>Quali sono quelle che voi definite \u201cle porcate\u201d dell\u2019Amministrazione Gigantelli?<\/strong><\/p>\n<p>\u201cL\u2019Amministrazione Gigantelli a dire il vero in un arco di tempo superiore ai tre anni non ha fatto solo porcate. Ha iniziato con le malefatte, una per tutte il Cinema Zaccheo, per poi passare alle pagliacciate politiche, vedi l\u2019acquisto di due consiglieri Palasciano e D\u2019Autilia, eletti in una lista di centro sinistra, e le dimissioni del sindaco subito ritirate, per finire alle porcate, vedi la strada della LIDL, il rond\u00f2 di Via Casamassima e da ultimo la questione degli alberi di Via Rutigliano.<\/p>\n<p>Si pu\u00f2 ben dire, senza paura di smentite, che l\u2019Amministrazione Gigantelli \u00e8 stata la peggiore della storia del Comune di Turi.\u201d<\/p>\n<p><strong> <\/strong><\/p>\n<p><strong>Quali sono le motivazioni che hanno permesso di realizzarle?<\/strong><\/p>\n<p>\u201cLe motivazioni sono solo gli interessi personali e delle lobby che la cricca deve tutelare.\u201d<\/p>\n<p><strong>Come intendete portarle a conoscenza della cittadinanza turese?<\/strong><\/p>\n<p>\u201cIl nostro impegno deve continuare con un\u2019informazione pubblica, in piazza, ogni qualvolta l\u2019Amministrazione Gigantelli trama contro i turesi.\u201d<\/p>\n<p><strong> <\/strong><\/p>\n<p><strong>Influisce maggiormente l\u2019assenza dell\u2019amministrazione comunale, la mancanza di<\/strong> <strong>trasparenza o l\u2019assenza dei necessari controlli ?<\/strong><\/p>\n<p>\u201cTutti sanno che il Sindaco Gigantelli non \u00e8 mai presente in Comune. Questa \u00e8 la causa principale del malgoverno turese che genera scarsa trasparenza e carenza di controlli.\u201d<\/p>\n<p><strong> <\/strong><\/p>\n<p><strong>Quali soluzioni proponete?<\/strong><\/p>\n<p>\u201cNoi siamo per un ricambio radicale della classe dirigente. Se al prossimo appuntamento elettorale amministrativo, per gli interessi personali dei soliti mestieranti della politica, non saremo in grado di affidare ai giovani il futuro del nostro paese, gli avremo fatto solo del male.\u201c<\/p>\n<p><strong> <\/strong><\/p>\n<p><strong>Perch\u00e9 gli altri componenti dell\u2019opposizione non partecipano alle vostre iniziative? <\/strong><\/p>\n<p>\u201cCon gli altri consiglieri di opposizione c\u2019\u00e8 una intesa perfetta: gli obiettivi sono univoci. E\u2019 chiaro che l\u2019estrazione politica \u00e8 diversa, quindi gli obiettivi condivisi sono perseguiti con mezzi e modalit\u00e0 diverse.\u201c<\/p>\n","protected":false},"excerpt":{"rendered":"<p><img loading=\"lazy\" decoding=\"async\" class=\" size-full wp-image-745\" alt=\"petrera-bis\" height=\"150\" width=\"320\" src=\"https:\/\/archivioturi.lavocedelpaese.info\/wp-content\/uploads\/2009\/11\/petrera-bis.jpg\" \/> <\/p>\n","protected":false},"author":1,"featured_media":745,"comment_status":"open","ping_status":"closed","sticky":false,"template":"","format":"standard","meta":{"colormag_page_container_layout":"default_layout","colormag_page_sidebar_layout":"default_layout","footnotes":""},"categories":[4],"tags":[],"class_list":["post-3112","post","type-post","status-publish","format-standard","has-post-thumbnail","hentry","category-politica"],"_links":{"self":[{"href":"https:\/\/archivioturi.lavocedelpaese.info\/index.php\/wp-json\/wp\/v2\/posts\/3112","targetHints":{"allow":["GET"]}}],"collection":[{"href":"https:\/\/archivioturi.lavocedelpaese.info\/index.php\/wp-json\/wp\/v2\/posts"}],"about":[{"href":"https:\/\/archivioturi.lavocedelpaese.info\/index.php\/wp-json\/wp\/v2\/types\/post"}],"author":[{"embeddable":true,"href":"https:\/\/archivioturi.lavocedelpaese.info\/index.php\/wp-json\/wp\/v2\/users\/1"}],"replies":[{"embeddable":true,"href":"https:\/\/archivioturi.lavocedelpaese.info\/index.php\/wp-json\/wp\/v2\/comments?post=3112"}],"version-history":[{"count":0,"href":"https:\/\/archivioturi.lavocedelpaese.info\/index.php\/wp-json\/wp\/v2\/posts\/3112\/revisions"}],"wp:featuredmedia":[{"embeddable":true,"href":"https:\/\/archivioturi.lavocedelpaese.info\/index.php\/wp-json\/wp\/v2\/media\/745"}],"wp:attachment":[{"href":"https:\/\/archivioturi.lavocedelpaese.info\/index.php\/wp-json\/wp\/v2\/media?parent=3112"}],"wp:term":[{"taxonomy":"category","embeddable":true,"href":"https:\/\/archivioturi.lavocedelpaese.info\/index.php\/wp-json\/wp\/v2\/categories?post=3112"},{"taxonomy":"post_tag","embeddable":true,"href":"https:\/\/archivioturi.lavocedelpaese.info\/index.php\/wp-json\/wp\/v2\/tags?post=3112"}],"curies":[{"name":"wp","href":"https:\/\/api.w.org\/{rel}","templated":true}]}}