{"id":3103,"date":"2010-09-26T00:29:53","date_gmt":"2010-09-26T00:29:53","guid":{"rendered":"https:\/\/archivioturi.lavocedelpaese.info\/index.php\/2010\/09\/26\/inaugurata-la-festa-del-ss-crocifisso-con-i-sottotono\/"},"modified":"2010-09-26T00:29:53","modified_gmt":"2010-09-26T00:29:53","slug":"inaugurata-la-festa-del-ss-crocifisso-con-i-sottotono","status":"publish","type":"post","link":"https:\/\/archivioturi.lavocedelpaese.info\/index.php\/2010\/09\/26\/inaugurata-la-festa-del-ss-crocifisso-con-i-sottotono\/","title":{"rendered":"INAUGURATA LA FESTA DEL SS CROCIFISSO CON I SOTTOSUONO"},"content":{"rendered":"<p><img loading=\"lazy\" decoding=\"async\" class=\" size-full wp-image-3102\" alt=\"festa_crocifisso_1\" src=\"https:\/\/archivioturi.lavocedelpaese.info\/wp-content\/uploads\/2010\/09\/festa_crocifisso_1.jpg\" width=\"320\" height=\"150\" srcset=\"https:\/\/archivioturi.lavocedelpaese.info\/wp-content\/uploads\/2010\/09\/festa_crocifisso_1.jpg 640w, https:\/\/archivioturi.lavocedelpaese.info\/wp-content\/uploads\/2010\/09\/festa_crocifisso_1-300x141.jpg 300w\" sizes=\"auto, (max-width: 320px) 100vw, 320px\" \/> <\/p>\n<p style=\"text-align: justify;\"><span style=\"font-size: 10pt;\"><span style=\"font-family: verdana, geneva;\">\u00c9 stato inaugurata il 24 Settembre, presso l\u2019Oratorio della Chiesa Maria SS. Ausiliatrice, dopo un inizio alquanto piovoso, la tradizionale festa rionale dedicata al SS. Crocifisso, a San Pio ed ai SS. Cosma e Damiano.<\/span><\/span><\/p>\n<p style=\"text-align: justify;\"><span style=\"font-size: 10pt;\"><span style=\"font-family: verdana, geneva;\">Don Maurizio ha affermato con grinta l\u2019intenzione di sfidare il tempo per dare un giusto tono all\u2019inizio della festa con i \u201cSottosuono\u201d di Andria.<\/span><\/span><\/p>\n<p style=\"text-align: justify;\"><span style=\"font-size: 10pt;\"><span style=\"font-family: verdana, geneva;\">Il gruppo nato nel 2004 ha eseguito piacevoli sonorit\u00e0 calde. Tra i brani italiani ascoltati: il \u201cMondo\u201d di Cesare Cremonini, \u201cImpressioni di Settembre\u201d cavallo di battaglia dei PFM (Premiata Forneria Marconi) di Mussida e Pagani su testo di Mogol, poi riproposto da Marlene Kunts.<\/span><\/span><\/p>\n<p style=\"text-align: justify;\"><span style=\"font-size: 10pt;\"><span style=\"font-family: verdana, geneva;\">Durante l\u2019ascolto del brano \u201cMeraviglioso\u201d dei Negramaro, i ragazzi dell\u2019Oratorio hanno accompagnato il carismatico cantante Raffaele D\u2019Ercole, con bellissimi cori, gridati a squarcia gola, da sotto il palco. Dietro, l\u2019effetto del telo di scena pieno di luci come in una coltre stellata.<\/span><\/span><\/p>\n<p style=\"text-align: justify;\"><span style=\"font-size: 10pt;\"><span style=\"font-family: verdana, geneva;\">Tra la degustazione di crepes e frittelle, \u201cDue destini\u201d dei Tiromancino, \u201cLa donna cannone\u201d di Francesco De Gregori ed un simpatico momento dedicato al ballo, funky-rock, con \u201cCentro di gravit\u00e0 permanente\u201d di Franco Battiato. All\u2019interno della serata, l\u2019associazione Girasole \u00e8 riuscita ad esporre le foto del concorso fotografico \u201cCarpe Diem\u201d, prima della pioggia.<\/span><\/span><\/p>\n<p style=\"text-align: justify;\"><span style=\"font-size: 10pt;\"><span style=\"font-family: verdana, geneva;\">Nonostante le gocce che radenti bagnavano il palco, Raffaele D\u2019ercole ha eseguito \u201cDanzese\u201d,\u00a0 pezzo della band preferito da don Maurizio.<\/span><\/span><\/p>\n<p style=\"text-align: justify;\"><span style=\"font-size: 10pt;\"><span style=\"font-family: verdana, geneva;\">E non c\u2019\u00e8 che dargli ragione per la profondit\u00e0 magica che \u00e8 profusa dalla personalit\u00e0 vocale e scenica del cantante che ha cantato ad occhi chiusi, questo bel pezzo orecchiabile regalandoci un\u2019emozione unica sotto una pioggia ormai scrosciante. \u201cVorrei fare i miei pi\u00f9 sentiti complimenti a Don Maurizio. Abbiamo fatto in parrocchia degli spettacoli, ma mai cos\u00ec seri e professionali. Non succede sempre di incontrare gente cos\u00ec disponibile. Ci sentiamo a casa. Grazie. Ringrazio la RM, il nostro discografico Gianni Santorsola. In primavera uscir\u00e0 il nostro disco. Il gruppo sta su Facebook e su My Space.\u201d<\/span><\/span><\/p>\n<p style=\"text-align: justify;\"><span style=\"font-size: 10pt;\"><span style=\"font-family: verdana, geneva;\">Tra i pezzi dei Sottosuono: \u201cDanzese\u201d (canzone particolarissima eseguita in 6\/8 con la fisarmonica) che si \u00e8 guadagnato il terzo posto a \u201cSanremo Rock\u201d; \u201cNon \u00e8 per te\u201d, brano giunto alle selezioni finali di \u201cSanremo giovani\u201d e \u201cParole in bilico\u201d.<\/span><\/span><\/p>\n<p style=\"text-align: justify;\"><span style=\"font-size: 10pt;\"><span style=\"font-family: verdana, geneva;\">Le prime due sono ballate d\u2019amore.<\/span><\/span><\/p>\n<p style=\"text-align: justify;\"><span style=\"font-size: 10pt;\"><span style=\"font-family: verdana, geneva;\">Il gruppo organizza tutti gli anni nel periodo di Natale, il concerto per Emergency a\u00a0 Bisceglie, presso il \u201cTeatro Garibaldi\u201d.<\/span><\/span><\/p>\n<p style=\"text-align: justify;\"><span style=\"font-size: 10pt;\"><span style=\"font-family: verdana, geneva;\">\u00c9 stato vicino alle vittime del terremoto dell\u2019Aquila, con un concerto in mezzo alla tendopoli nella frazione di Roio Piano, luogo dell\u2019epicentro.<\/span><\/span><\/p>\n<p style=\"text-align: justify;\"><span style=\"font-size: 10pt;\"><span style=\"font-family: verdana, geneva;\">\u201cAbbiamo dormito con i terremotati e quando vedi che alle 6.00 non respiri per il caldo e la notte alle 3.00 muori per il freddo, capisci, poi, i pianti di questa gente che durante il nostro concerto staccava, finalmente, da tende e mensa.\u201d<\/span><\/span><\/p>\n<p style=\"text-align: justify;\"><span style=\"font-size: 10pt;\"><span style=\"font-family: verdana, geneva;\"> <\/span><\/span><\/p>\n<p style=\"text-align: justify;\"><strong><span style=\"font-size: 10pt;\"><span style=\"font-family: verdana, geneva;\">Prossimi appuntamenti:<\/span><\/span><\/strong><\/p>\n<p style=\"text-align: justify;\"><span style=\"font-size: 13px; font-family: verdana, geneva;\">26 Settembre<\/span><\/p>\n<p style=\"text-align: justify;\"><span style=\"font-size: 10pt;\"><span style=\"font-family: verdana, geneva;\">ore 18.30: processione;<\/span><\/span><\/p>\n<div style=\"text-align: justify;\"><span style=\"font-size: 10pt;\"><span style=\"font-family: verdana, geneva;\">ore 20.30: la banda di Noci sul palco dell\u2019Oratorio<\/span><\/span><\/div>\n<p><object data=\"http:\/\/picasaweb.google.it\/s\/c\/bin\/slideshow.swf\" type=\"application\/x-shockwave-flash\" height=\"660\" width=\"660\"><param name=\"flashvars\" value=\"host=picasaweb.google.it&amp;hl=it&amp;feat=flashalbum&amp;RGB=0x000000&amp;feed=http%3A%2F%2Fpicasaweb.google.it%2Fdata%2Ffeed%2Fapi%2Fuser%2Fredazioneturiweb%2Falbumid%2F5521105741335486081%3Falt%3Drss%26kind%3Dphoto%26hl%3Dit\" \/><param name=\"src\" value=\"http:\/\/picasaweb.google.it\/s\/c\/bin\/slideshow.swf\" \/><\/object><\/p>\n","protected":false},"excerpt":{"rendered":"<p><img loading=\"lazy\" decoding=\"async\" class=\" size-full wp-image-3102\" alt=\"festa_crocifisso_1\" src=\"https:\/\/archivioturi.lavocedelpaese.info\/wp-content\/uploads\/2010\/09\/festa_crocifisso_1.jpg\" width=\"320\" height=\"150\" srcset=\"https:\/\/archivioturi.lavocedelpaese.info\/wp-content\/uploads\/2010\/09\/festa_crocifisso_1.jpg 640w, https:\/\/archivioturi.lavocedelpaese.info\/wp-content\/uploads\/2010\/09\/festa_crocifisso_1-300x141.jpg 300w\" sizes=\"auto, (max-width: 320px) 100vw, 320px\" \/> <\/p>\n","protected":false},"author":1,"featured_media":3102,"comment_status":"open","ping_status":"closed","sticky":false,"template":"","format":"standard","meta":{"colormag_page_container_layout":"default_layout","colormag_page_sidebar_layout":"default_layout","footnotes":""},"categories":[6],"tags":[],"class_list":["post-3103","post","type-post","status-publish","format-standard","has-post-thumbnail","hentry","category-cultura"],"_links":{"self":[{"href":"https:\/\/archivioturi.lavocedelpaese.info\/index.php\/wp-json\/wp\/v2\/posts\/3103","targetHints":{"allow":["GET"]}}],"collection":[{"href":"https:\/\/archivioturi.lavocedelpaese.info\/index.php\/wp-json\/wp\/v2\/posts"}],"about":[{"href":"https:\/\/archivioturi.lavocedelpaese.info\/index.php\/wp-json\/wp\/v2\/types\/post"}],"author":[{"embeddable":true,"href":"https:\/\/archivioturi.lavocedelpaese.info\/index.php\/wp-json\/wp\/v2\/users\/1"}],"replies":[{"embeddable":true,"href":"https:\/\/archivioturi.lavocedelpaese.info\/index.php\/wp-json\/wp\/v2\/comments?post=3103"}],"version-history":[{"count":0,"href":"https:\/\/archivioturi.lavocedelpaese.info\/index.php\/wp-json\/wp\/v2\/posts\/3103\/revisions"}],"wp:featuredmedia":[{"embeddable":true,"href":"https:\/\/archivioturi.lavocedelpaese.info\/index.php\/wp-json\/wp\/v2\/media\/3102"}],"wp:attachment":[{"href":"https:\/\/archivioturi.lavocedelpaese.info\/index.php\/wp-json\/wp\/v2\/media?parent=3103"}],"wp:term":[{"taxonomy":"category","embeddable":true,"href":"https:\/\/archivioturi.lavocedelpaese.info\/index.php\/wp-json\/wp\/v2\/categories?post=3103"},{"taxonomy":"post_tag","embeddable":true,"href":"https:\/\/archivioturi.lavocedelpaese.info\/index.php\/wp-json\/wp\/v2\/tags?post=3103"}],"curies":[{"name":"wp","href":"https:\/\/api.w.org\/{rel}","templated":true}]}}