{"id":3093,"date":"2010-09-25T08:44:57","date_gmt":"2010-09-25T08:44:57","guid":{"rendered":"https:\/\/archivioturi.lavocedelpaese.info\/index.php\/2010\/09\/25\/totaro-voglio-far-collaborare-lopposizione\/"},"modified":"2010-09-25T08:44:57","modified_gmt":"2010-09-25T08:44:57","slug":"totaro-voglio-far-collaborare-lopposizione","status":"publish","type":"post","link":"https:\/\/archivioturi.lavocedelpaese.info\/index.php\/2010\/09\/25\/totaro-voglio-far-collaborare-lopposizione\/","title":{"rendered":"TOTARO: \u201cVOGLIO FAR COLLABORARE L\u2019OPPOSIZIONE\u201d"},"content":{"rendered":"<p><img loading=\"lazy\" decoding=\"async\" class=\" size-full wp-image-3092\" src=\"https:\/\/archivioturi.lavocedelpaese.info\/wp-content\/uploads\/2010\/09\/totaro.jpg\" width=\"320\" height=\"150\" alt=\"totaro\" srcset=\"https:\/\/archivioturi.lavocedelpaese.info\/wp-content\/uploads\/2010\/09\/totaro.jpg 640w, https:\/\/archivioturi.lavocedelpaese.info\/wp-content\/uploads\/2010\/09\/totaro-300x141.jpg 300w\" sizes=\"auto, (max-width: 320px) 100vw, 320px\" \/> <\/p>\n<p style=\"text-align: justify;\"><span style=\"font-size: 13px;\"><span style=\"font-size: 10pt;\">Abbiamo intervistato l\u2019assessore alle politiche abitative, occupazionali, formazione al lavoro, aree cimiteriali e al funzionamento degli organi consiliari: il sig. Vito Totaro.<\/span><\/span><\/p>\n<p><span style=\"font-size: 10pt;\"><span style=\"font-size: 10pt;\"> <\/span><\/span><span style=\"font-size: 10pt;\"> <\/span><\/p>\n<p style=\"text-align: justify;\"><strong><span style=\"font-size: 10pt;\"><span style=\"font-size: 10pt;\">In cosa consiste la sua delega per il funzionamento degli organi consiliari?<\/span><\/span><\/strong><\/p>\n<p><span style=\"font-size: 10pt;\"><span style=\"font-size: 10pt;\"> <\/span><\/span><span style=\"font-size: 10pt;\"> <\/span><\/p>\n<p style=\"text-align: justify;\"><span style=\"font-size: 10pt;\"><span style=\"font-size: 10pt;\">\u201cIn passato ci sono stati dei disguidi. Vogliamo un rapporto migliore con la minoranza, abbiamo voluto dare un segnale, assicurandoci una migliore funzionalit\u00e0 del consiglio e delle commissioni, con la produzione della documentazione, per permettere alla minoranza di esaminarla prima del Consiglio Comunale. Quindi coinvolgere maggiormente l\u2019opposizione, perch\u00e9 al loro interno ci sono persone valide. C\u2019\u00e8 bisogno di collaborazione, <\/span><\/span><strong><span style=\"font-size: 10pt;\"><span style=\"font-size: 10pt;\">la maggioranza ha bisogno di suggerimenti<\/span><\/span><\/strong><span style=\"font-size: 10pt;\"><span style=\"font-size: 10pt;\">, questo \u00e8 quello che cerchiamo di fare in questa fase. Con lo scopo di far apportare delle proposte dalla minoranza, logicamente bisogna metterla nella condizione di poterlo fare. In particolar modo devo rendere pi\u00f9 funzionale il consiglio e tutto ci\u00f2 che ruota attorno.\u201d<\/span><\/span><\/p>\n<p><span style=\"font-size: 10pt;\"><span style=\"font-size: 10pt;\"> <\/span><\/span><span style=\"font-size: 10pt;\"> <\/span><\/p>\n<p style=\"text-align: justify;\"><strong><span style=\"font-size: 10pt;\"><span style=\"font-size: 10pt;\">Lei \u00e8 il Gianni Letta turese?<\/span><\/span><\/strong><\/p>\n<p><span style=\"font-size: 10pt;\"><span style=\"font-size: 10pt;\"> <\/span><\/span><span style=\"font-size: 10pt;\"> <\/span><\/p>\n<p style=\"text-align: justify;\"><span style=\"font-size: 10pt;\"><span style=\"font-size: 10pt;\">\u201cBeh\u2026 (sorride, ndr) \u00e8 esagerato. Io mi occupo solo di questo tipo di organizzazione, non certo di altre problematiche, che si devono affrontare in consiglio, in maniera diversa.\u201d<strong> <\/strong><\/span><\/span><\/p>\n<p><span style=\"font-size: 10pt;\"><span style=\"font-size: 10pt;\"> <\/span><\/span><span style=\"font-size: 10pt;\"> <\/span><\/p>\n<p style=\"text-align: justify;\"><strong><span style=\"font-size: 10pt;\"><span style=\"font-size: 10pt;\">Le sarebbe piaciuto maggiormente essere l\u2019assessore allo sport?<\/span><\/span><\/strong><\/p>\n<p><span style=\"font-size: 10pt;\"><span style=\"font-size: 10pt;\"> <\/span><\/span><span style=\"font-size: 10pt;\"> <\/span><\/p>\n<p style=\"text-align: justify;\"><span style=\"font-size: 10pt;\"><span style=\"font-size: 10pt;\">\u201cForse. L\u2019ho fatto in passato, maturando un po\u2019 d\u2019esperienza. Abbiamo dovuto dialogare con il sindaco e scegliere alcune deleghe che potevano essere pi\u00f9 funzionali.\u201d<\/span><\/span><\/p>\n<p><span style=\"font-size: 10pt;\"><span style=\"font-size: 10pt;\"> <\/span><\/span><span style=\"font-size: 10pt;\"> <\/span><\/p>\n<p style=\"text-align: justify;\"><strong><span style=\"font-size: 10pt;\"><span style=\"font-size: 10pt;\">Cosa avrebbe fatto per lo sport?<\/span><\/span><\/strong><\/p>\n<p><span style=\"font-size: 10pt;\"><span style=\"font-size: 10pt;\"> <\/span><\/span><span style=\"font-size: 10pt;\"> <\/span><\/p>\n<p style=\"text-align: justify;\"><span style=\"font-size: 10pt;\"><span style=\"font-size: 10pt;\">\u201cCosa avrei fatto pu\u00f2 essere diverso da quello che far\u00e0 l\u2019attuale delegato. Ci sono diverse cose da fare; io ho in mente alcune cose, per\u00f2 non voglio sminuire la funzione del collega.\u201d<\/span><\/span><\/p>\n<p><span style=\"font-size: 10pt;\"><span style=\"font-size: 10pt;\"> <\/span><\/span><span style=\"font-size: 10pt;\"> <\/span><\/p>\n<p style=\"text-align: justify;\"><strong><span style=\"font-size: 10pt;\"><span style=\"font-size: 10pt;\">Cosa pensa di fare per aumentare l\u2019occupazione giovanile a Turi?<\/span><\/span><\/strong><\/p>\n<p><span style=\"font-size: 10pt;\"><span style=\"font-size: 10pt;\"> <\/span><\/span><span style=\"font-size: 10pt;\"> <\/span><\/p>\n<p style=\"text-align: justify;\"><span style=\"font-size: 10pt;\"><span style=\"font-size: 10pt;\">\u201cQuesta delega l\u2019ho chiesta io al sindaco perch\u00e9 inerente alla mia professione. Sarebbe fuori luogo creare delle aspettative. Vedremo nel prossimo bilancio cosa riusciremo a recuperare, perch\u00e9 servono i fondi per fare certe operazioni. Voglio creare un salario d\u2019inserimento, cio\u00e8 creare presupposti, con incentivi minimi alle aziende, per poter poi effettuare dei tirocini formativi, per orientare i ragazzi, effettuare una formazione lavoro. Se i ragazzi si faranno valere in quel contesto, quell\u2019azienda potr\u00e0 eventualmente assumerli. Quindi dare delle possibilit\u00e0. Questo \u00e8 un mio pallino, su questo mi voglio confrontare.\u201d<\/span><\/span><\/p>\n<p><span style=\"font-size: 10pt;\"><span style=\"font-size: 10pt;\"> <\/span><\/span><span style=\"font-size: 10pt;\"> <\/span><\/p>\n<p style=\"text-align: justify;\"><strong><span style=\"font-size: 10pt;\"><span style=\"font-size: 10pt;\">A che punto \u00e8 l\u2019allargamento del cimitero mediante il project financing?<\/span><\/span><\/strong><\/p>\n<p><span style=\"font-size: 10pt;\"><span style=\"font-size: 10pt;\"> <\/span><\/span><span style=\"font-size: 10pt;\"> <\/span><\/p>\n<p style=\"text-align: justify;\"><span style=\"font-size: 10pt;\"><span style=\"font-size: 10pt;\">\u201cIl project financing \u00e8 stato gi\u00e0 fatto. A breve dobbiamo preparare il bando per l\u2019affidamento.\u201d<\/span><\/span><\/p>\n<p><span style=\"font-size: 10pt;\"><span style=\"font-size: 10pt;\"> <\/span><\/span><span style=\"font-size: 10pt;\"> <\/span><\/p>\n<p style=\"text-align: justify;\"><strong><span style=\"font-size: 10pt;\"><span style=\"font-size: 10pt;\">Negli ultimi anni stanno aumentando le richieste di cremazione, pensa sia utile la creazione di un forno crematorio?<\/span><\/span><\/strong><\/p>\n<p><span style=\"font-size: 10pt;\"><span style=\"font-size: 10pt;\"> <\/span><\/span><span style=\"font-size: 10pt;\"> <\/span><\/p>\n<p style=\"text-align: justify;\"><span style=\"font-size: 10pt;\"><span style=\"font-size: 10pt;\">\u201cA dire il vero non conosco tutte le problematiche inerenti. Fermo restando che \u00e8 una questione culturale. Per affrontare questo discorso bisogna muovere le menti della gente. \u00c8 utile per tante ragioni, non solo per le opportunit\u00e0 di spazio, che speriamo di risolvere.<\/span><\/span><\/p>\n<p><span style=\"font-size: 10pt;\"><span style=\"font-size: 10pt;\"> <\/span><\/span><span style=\"font-size: 10pt;\"> <\/span><\/p>\n<p style=\"text-align: justify;\"><span style=\"font-size: 10pt;\"><span style=\"font-size: 10pt;\">Noi abbiamo ridotto i tempi della sepoltura, perch\u00e9 prima con contratti di 99 anni, ogni anno serviva un nuovo cimitero.\u201c<\/span><\/span><\/p>\n<p><span style=\"font-size: 10pt;\"><span style=\"font-size: 10pt;\"> <\/span><\/span><span style=\"font-size: 10pt;\"> <\/span><\/p>\n<p style=\"text-align: justify;\"><strong><span style=\"font-size: 10pt;\"><span style=\"font-size: 10pt;\">In qualit\u00e0 di assessore alle politiche abitative, come pensa di risolvere il problema delle case invendute a Turi?<\/span><\/span><\/strong><\/p>\n<p><span style=\"font-size: 10pt;\"><span style=\"font-size: 10pt;\"> <\/span><\/span><span style=\"font-size: 10pt;\"> <\/span><\/p>\n<p style=\"text-align: justify;\"><span style=\"font-size: 10pt;\"><span style=\"font-size: 10pt;\">\u201cA prescindere da quello che si sta costruendo dovrei occuparmi di ci\u00f2 che riguarda l\u2019assegnazione degli alloggi per le emergenze e la gente bisognosa.\u201d<\/span><\/span><\/p>\n<p><span style=\"font-size: 10pt;\"><span style=\"font-size: 10pt;\"> <\/span><\/span><span style=\"font-size: 10pt;\"> <\/span><\/p>\n<p style=\"text-align: justify;\"><strong><span style=\"font-size: 10pt;\"><span style=\"font-size: 10pt;\">Quindi \u00e8 legata all\u2019eventuale assegnazione di case ai ceti meno abbienti?<\/span><\/span><\/strong><\/p>\n<p><span style=\"font-size: 10pt;\"><span style=\"font-size: 10pt;\"> <\/span><\/span><span style=\"font-size: 10pt;\"> <\/span><\/p>\n<p style=\"text-align: justify;\"><span style=\"font-size: 10pt;\"><span style=\"font-size: 10pt;\">\u201cPi\u00f9 o meno si, perch\u00e9 di concerto con l\u2019assessore ai servizi sociali, bisogna individuare e creare i presupposti, avere un quadro preciso, fino ad oggi lo si \u00e8 fatto in maniera selvaggia, vorrei evitare si continuasse a farlo.\u201d<\/span><\/span><\/p>\n<p><span style=\"font-size: 10pt;\"><span style=\"font-size: 10pt;\"> <\/span><\/span><span style=\"font-size: 10pt;\"> <\/span><\/p>\n<p style=\"text-align: justify;\"><strong><span style=\"font-size: 10pt;\"><span style=\"font-size: 10pt;\">C\u2019\u00e8 un elenco degli aventi diritto?<\/span><\/span><\/strong><\/p>\n<p><span style=\"font-size: 10pt;\"><span style=\"font-size: 10pt;\"> <\/span><\/span><span style=\"font-size: 10pt;\"> <\/span><\/p>\n<p style=\"text-align: justify;\"><span style=\"font-size: 10pt;\"><span style=\"font-size: 10pt;\">\u201cChe io sappia no. \u00c8 un discorso che riguarda i servizi sociali; io devo occuparmi dell\u2019assegnazione degli alloggi popolari, quindi nell\u2019eventualit\u00e0 si verificasse una situazione del genere, noi saremo in grado di avere i riferimenti opportun<\/span><span style=\"color: #000000;\"><span style=\"font-size: 10pt;\">i con lo IACP<\/span><\/span><\/span><span style=\"font-size: 13px;\">.\u201d<\/span><\/p>\n<p><span style=\"font-size: 10pt;\"><span style=\"color: #000000;\"><span style=\"font-size: 10pt;\"> <\/span><\/span><\/span><span style=\"color: #000000;\"><span style=\"font-size: 10pt;\"> <\/span><\/span><\/p>\n<p style=\"text-align: justify;\"><strong><span style=\"font-size: 10pt;\"><span style=\"color: #000000;\"><span style=\"font-size: 10pt;\">Quali altre iniziative intraprender\u00e0?<\/span><\/span><\/span><\/strong><\/p>\n<p><span style=\"font-size: 10pt;\"><span style=\"font-size: 10pt;\"> <\/span><\/span><span style=\"font-size: 10pt;\"> <\/span><\/p>\n<p style=\"text-align: justify;\"><span style=\"font-size: 10pt;\"><span style=\"font-size: 10pt;\">\u201cSto proponendo la sistemazione di Largo Pozzi che adesso sar\u00e0 interessata dai lavori inerenti le acque reflue. Ho in mente di fare delle proposte per la sistemazione della grave, magari riusciremo a renderla pi\u00f9 bella, bisogna vedere la fattibilit\u00e0 dal punto di vista tecnico.<\/span><\/span><\/p>\n<p><span style=\"font-size: 10pt;\"><span style=\"font-size: 10pt;\"> <\/span><\/span><span style=\"font-size: 10pt;\"> <\/span><\/p>\n<p style=\"text-align: justify;\"><span style=\"font-size: 10pt;\"><span style=\"font-size: 10pt;\">Sto attivando la procedura per la sistemazione del carro di S. Oronzo; a breve ci sar\u00e0 una delibera di giunta, dove definiremo l\u2019importo per la ristrutturazione. Ma il mio obiettivo resta quello di far collaborare maggiormente l\u2019opposizione.\u201d<\/span><\/span><\/p>\n<p style=\"text-align: justify;\"><span style=\"font-size: small;\"><span style=\"font-size: small;\"><span style=\"font-size: 10pt;\">Ecco le foto che descrivono alcuni dettagli del carro di Sant&#8217;Oronzo allo stato attuale.<\/span><\/span><\/span><\/p>\n<p style=\"text-align: justify;\"><span style=\"font-size: small;\"><span style=\"font-size: small;\"><span style=\"font-size: 10pt;\"><br \/><\/span><\/span><\/span><\/p>\n<p><object data=\"http:\/\/picasaweb.google.it\/s\/c\/bin\/slideshow.swf\" type=\"application\/x-shockwave-flash\" height=\"533\" width=\"800\"><param name=\"flashvars\" value=\"host=picasaweb.google.it&amp;hl=it&amp;feat=flashalbum&amp;RGB=0x000000&amp;feed=http%3A%2F%2Fpicasaweb.google.it%2Fdata%2Ffeed%2Fapi%2Fuser%2Fredazioneturiweb%2Falbumid%2F5520771395286734321%3Falt%3Drss%26kind%3Dphoto%26hl%3Dit\" \/><param name=\"src\" value=\"http:\/\/picasaweb.google.it\/s\/c\/bin\/slideshow.swf\" \/><\/object><\/p>\n","protected":false},"excerpt":{"rendered":"<p><img loading=\"lazy\" decoding=\"async\" class=\" size-full wp-image-3092\" src=\"https:\/\/archivioturi.lavocedelpaese.info\/wp-content\/uploads\/2010\/09\/totaro.jpg\" width=\"320\" height=\"150\" alt=\"totaro\" srcset=\"https:\/\/archivioturi.lavocedelpaese.info\/wp-content\/uploads\/2010\/09\/totaro.jpg 640w, https:\/\/archivioturi.lavocedelpaese.info\/wp-content\/uploads\/2010\/09\/totaro-300x141.jpg 300w\" sizes=\"auto, (max-width: 320px) 100vw, 320px\" \/> <\/p>\n","protected":false},"author":1,"featured_media":3092,"comment_status":"open","ping_status":"closed","sticky":false,"template":"","format":"standard","meta":{"colormag_page_container_layout":"default_layout","colormag_page_sidebar_layout":"default_layout","footnotes":""},"categories":[4],"tags":[],"class_list":["post-3093","post","type-post","status-publish","format-standard","has-post-thumbnail","hentry","category-politica"],"_links":{"self":[{"href":"https:\/\/archivioturi.lavocedelpaese.info\/index.php\/wp-json\/wp\/v2\/posts\/3093","targetHints":{"allow":["GET"]}}],"collection":[{"href":"https:\/\/archivioturi.lavocedelpaese.info\/index.php\/wp-json\/wp\/v2\/posts"}],"about":[{"href":"https:\/\/archivioturi.lavocedelpaese.info\/index.php\/wp-json\/wp\/v2\/types\/post"}],"author":[{"embeddable":true,"href":"https:\/\/archivioturi.lavocedelpaese.info\/index.php\/wp-json\/wp\/v2\/users\/1"}],"replies":[{"embeddable":true,"href":"https:\/\/archivioturi.lavocedelpaese.info\/index.php\/wp-json\/wp\/v2\/comments?post=3093"}],"version-history":[{"count":0,"href":"https:\/\/archivioturi.lavocedelpaese.info\/index.php\/wp-json\/wp\/v2\/posts\/3093\/revisions"}],"wp:featuredmedia":[{"embeddable":true,"href":"https:\/\/archivioturi.lavocedelpaese.info\/index.php\/wp-json\/wp\/v2\/media\/3092"}],"wp:attachment":[{"href":"https:\/\/archivioturi.lavocedelpaese.info\/index.php\/wp-json\/wp\/v2\/media?parent=3093"}],"wp:term":[{"taxonomy":"category","embeddable":true,"href":"https:\/\/archivioturi.lavocedelpaese.info\/index.php\/wp-json\/wp\/v2\/categories?post=3093"},{"taxonomy":"post_tag","embeddable":true,"href":"https:\/\/archivioturi.lavocedelpaese.info\/index.php\/wp-json\/wp\/v2\/tags?post=3093"}],"curies":[{"name":"wp","href":"https:\/\/api.w.org\/{rel}","templated":true}]}}