{"id":309,"date":"2009-08-31T23:49:20","date_gmt":"2009-08-31T23:49:20","guid":{"rendered":"https:\/\/archivioturi.lavocedelpaese.info\/index.php\/2009\/08\/31\/una-famiglia-per-la-citta\/"},"modified":"2009-08-31T23:49:20","modified_gmt":"2009-08-31T23:49:20","slug":"una-famiglia-per-la-citta","status":"publish","type":"post","link":"https:\/\/archivioturi.lavocedelpaese.info\/index.php\/2009\/08\/31\/una-famiglia-per-la-citta\/","title":{"rendered":"UNA FAMIGLIA PER LA CITTA\u2019"},"content":{"rendered":"<p><img loading=\"lazy\" decoding=\"async\" class=\" size-full wp-image-24\" alt=\"2561761908_d65dc5aa3f\" src=\"https:\/\/archivioturi.lavocedelpaese.info\/wp-content\/uploads\/2009\/07\/2561761908_d65dc5aa3f.jpg\" width=\"320\" height=\"156\" srcset=\"https:\/\/archivioturi.lavocedelpaese.info\/wp-content\/uploads\/2009\/07\/2561761908_d65dc5aa3f.jpg 410w, https:\/\/archivioturi.lavocedelpaese.info\/wp-content\/uploads\/2009\/07\/2561761908_d65dc5aa3f-300x146.jpg 300w\" sizes=\"auto, (max-width: 320px) 100vw, 320px\" \/> <\/p>\n<p style=\"text-align: justify;\">Come la famiglia diviene anima della citt\u00e0? Le famiglie non sono altro rispetto alla citt\u00e0, ma soggetti aperti a relazioni, soggetti educativi di primaria importanza, occasione di sostegno per altre famiglie nel disagio. L\u2019importanza della famiglia nella vita dell\u2019individuo \u00e8 fondamentale per mantenere o costruire legami, \u00e8 il luogo dove si impara la virt\u00f9 del rispetto, dell\u2019accoglienza, della pazienza.<\/p>\n<div style=\"text-align: justify;\"><\/div>\n<p style=\"text-align: justify;\"><strong><em>\u201cUna famiglia per la citt\u00e0\u201d<\/em><\/strong> \u00e8 il titolo di una serie di incontri che il progetto \u201cFamiglie Accoglienti\u201d ha gi\u00e0 avviato gli scorsi mesi.<\/p>\n<div style=\"text-align: justify;\"><\/div>\n<p style=\"text-align: justify;\">Il progetto \u00e8 finalizzato a incentivare l\u2019esperienza dell\u2019affido e a creare una \u201crete\u201d di comunicazione solidale tra famiglie, associazioni del terzo settore, servizi sociali territoriali, enti pubblici e consultori familiari in grado di sostenere i minori e le loro famiglie. Si tratta di un intervento integrato di promozione, sensibilizzazione e sperimentazione di nuove forme di accoglienza e affidamento familiare, con l\u2019obiettivo di promuovere la solidariet\u00e0, sostenere le famiglie, incentivare l\u2019esperienza dell\u2019affido nel territorio e costruire una rete di comunicazione fra le realt\u00e0 attive nell\u2019accoglienza dei minori. Elemento centrale di questo progetto \u00e8 quello della rete: una famiglia non pu\u00f2 agire da sola..<\/p>\n<div style=\"text-align: justify;\"><\/div>\n<p style=\"text-align: justify;\">L\u2019obiettivo \u00e8 quello di sensibilizzare sui temi dell\u2019affidamento, ripristinando meccanismi di solidariet\u00e0 e di rete vicinale.<\/p>\n<div style=\"text-align: justify;\"><\/div>\n<p style=\"text-align: justify;\">Il progetto prevede 3 incontri, su ciascun Comune dell\u2019Ambito, durante i prossimi mesi che si svolgeranno secondo il seguente calendario:<\/p>\n<p style=\"text-align: center;\"><strong> <\/strong><\/p>\n<p style=\"text-align: center;\"><strong>Comune di Turi<\/strong><\/p>\n<p style=\"text-align: center;\"><strong>Sede degli incontri<\/strong><\/p>\n<p style=\"text-align: center;\"><strong>Centro Culturale Polivalente, Via Sedile<\/strong><\/p>\n<p>\u00a0<\/p>\n<p><strong>GIOVEDI\u201917\/09\u00a0\u00a0\u00a0\u00a0\u00a0 ore: 16,30 \u2013 19,30<\/strong><\/p>\n<p><strong>Laboratorio formativo \u2013 \u201c<\/strong>AFF-FIDIAMOCI<strong>\u201d<\/strong><\/p>\n<p>Facilitatore: dott. Angela Lacitignola \u2013 Mediatrice Familiare Coop. Soc. ITACA<\/p>\n<p>\u00a0<\/p>\n<p><strong>GIOVEDI\u2019 22\/10\u00a0\u00a0\u00a0\u00a0\u00a0 ore:16,30 \u2013 19,30 <\/strong><\/p>\n<p><strong>Laboratorio formativo &#8211; <\/strong>\u201cLa rete di solidariet\u00e0 tra famiglie\u201d<\/p>\n<p>Facilitatore: dott. Angela Lacitignola \u2013 Mediatrice Familiare Coop. Soc. ITACA<\/p>\n<p>\u00a0<\/p>\n<p><strong>GIOVEDI\u201912\/11\u00a0\u00a0\u00a0\u00a0\u00a0 ore: 16,30 \u2013 19,30<\/strong><\/p>\n<p><strong>Laboratorio formativo \u2013 \u201c<\/strong>Una Famiglia per la citt\u00e0<strong>\u201d<\/strong><\/p>\n<p>Facilitatore: dott. Angela Lacitignola \u2013 Mediatrice Familiare Coop. Soc. ITACA<\/p>\n","protected":false},"excerpt":{"rendered":"<p><img loading=\"lazy\" decoding=\"async\" class=\" size-full wp-image-24\" alt=\"2561761908_d65dc5aa3f\" src=\"https:\/\/archivioturi.lavocedelpaese.info\/wp-content\/uploads\/2009\/07\/2561761908_d65dc5aa3f.jpg\" width=\"320\" height=\"156\" srcset=\"https:\/\/archivioturi.lavocedelpaese.info\/wp-content\/uploads\/2009\/07\/2561761908_d65dc5aa3f.jpg 410w, https:\/\/archivioturi.lavocedelpaese.info\/wp-content\/uploads\/2009\/07\/2561761908_d65dc5aa3f-300x146.jpg 300w\" sizes=\"auto, (max-width: 320px) 100vw, 320px\" \/> <\/p>\n","protected":false},"author":1,"featured_media":24,"comment_status":"open","ping_status":"closed","sticky":false,"template":"","format":"standard","meta":{"colormag_page_container_layout":"default_layout","colormag_page_sidebar_layout":"default_layout","footnotes":""},"categories":[7],"tags":[],"class_list":["post-309","post","type-post","status-publish","format-standard","has-post-thumbnail","hentry","category-attualita"],"_links":{"self":[{"href":"https:\/\/archivioturi.lavocedelpaese.info\/index.php\/wp-json\/wp\/v2\/posts\/309","targetHints":{"allow":["GET"]}}],"collection":[{"href":"https:\/\/archivioturi.lavocedelpaese.info\/index.php\/wp-json\/wp\/v2\/posts"}],"about":[{"href":"https:\/\/archivioturi.lavocedelpaese.info\/index.php\/wp-json\/wp\/v2\/types\/post"}],"author":[{"embeddable":true,"href":"https:\/\/archivioturi.lavocedelpaese.info\/index.php\/wp-json\/wp\/v2\/users\/1"}],"replies":[{"embeddable":true,"href":"https:\/\/archivioturi.lavocedelpaese.info\/index.php\/wp-json\/wp\/v2\/comments?post=309"}],"version-history":[{"count":0,"href":"https:\/\/archivioturi.lavocedelpaese.info\/index.php\/wp-json\/wp\/v2\/posts\/309\/revisions"}],"wp:featuredmedia":[{"embeddable":true,"href":"https:\/\/archivioturi.lavocedelpaese.info\/index.php\/wp-json\/wp\/v2\/media\/24"}],"wp:attachment":[{"href":"https:\/\/archivioturi.lavocedelpaese.info\/index.php\/wp-json\/wp\/v2\/media?parent=309"}],"wp:term":[{"taxonomy":"category","embeddable":true,"href":"https:\/\/archivioturi.lavocedelpaese.info\/index.php\/wp-json\/wp\/v2\/categories?post=309"},{"taxonomy":"post_tag","embeddable":true,"href":"https:\/\/archivioturi.lavocedelpaese.info\/index.php\/wp-json\/wp\/v2\/tags?post=309"}],"curies":[{"name":"wp","href":"https:\/\/api.w.org\/{rel}","templated":true}]}}