{"id":3089,"date":"2010-09-24T14:06:42","date_gmt":"2010-09-24T14:06:42","guid":{"rendered":"https:\/\/archivioturi.lavocedelpaese.info\/index.php\/2010\/09\/24\/acqua-amata-arrivano-meccariello-scisci-e-lupo\/"},"modified":"2010-09-24T14:06:42","modified_gmt":"2010-09-24T14:06:42","slug":"acqua-amata-arrivano-meccariello-scisci-e-lupo","status":"publish","type":"post","link":"https:\/\/archivioturi.lavocedelpaese.info\/index.php\/2010\/09\/24\/acqua-amata-arrivano-meccariello-scisci-e-lupo\/","title":{"rendered":"ACQUA AMATA, ARRIVANO MECCARIELLO, SCISCI E LUPO"},"content":{"rendered":"<p><img loading=\"lazy\" decoding=\"async\" class=\" size-full wp-image-3088\" alt=\"pallavolo_femm_trio\" height=\"150\" width=\"320\" src=\"https:\/\/archivioturi.lavocedelpaese.info\/wp-content\/uploads\/2010\/09\/pallavolo_femm_trio.jpg\" srcset=\"https:\/\/archivioturi.lavocedelpaese.info\/wp-content\/uploads\/2010\/09\/pallavolo_femm_trio.jpg 640w, https:\/\/archivioturi.lavocedelpaese.info\/wp-content\/uploads\/2010\/09\/pallavolo_femm_trio-300x141.jpg 300w\" sizes=\"auto, (max-width: 320px) 100vw, 320px\" \/><\/p>\n<p style=\"text-align: justify;\">Tre giovanissimi volti nuovi in casa Acqua Amata Turi per completare l\u2019organico a disposizoione di mister Pasquale Moramarco per il prossimo campionato di serie B2 femminile. Si tratta di Paola Meccariello, Francesca Scisci e Dalila Lupo.<\/p>\n<p style=\"text-align: justify;\">\u201cSono entusiasta e non vedo l\u2019ora di cominciare questa nuova avventura\u201d. Sono queste le primissime parole di Paola Meccariello, giovanissimo opposto dell\u2019Acqua Amata Turi (mercoled\u00ec prossimo compie 18 anni) che si \u00e8 gi\u00e0 integrata alla perfezione con le nuove compagne. \u201cQui a Turi ho trovato un gruppo fantastico, a cominciare dalle mie compagne di squadra, per arrivare al tecnico e a tutti i dirigenti. Si tratta della mia prima esperienza in una categoria nazionale e della mia prima volta lontano da casa per cos\u00ec tanto tempo, ma sono felicissima di essermi integrata subito alla grande. Il rapporto con le mie nuove compagne di squadra \u00e8 stato da subito ottimo. Mi hanno fatto sentire subito a casa e mi hanno aiutato sin dal primo momento\u201d. La Meccariello, giovanissima promessa della pallavolo foggiana \u00e8 reduce da un\u2019ottima stagione in serie C con la maglia dell\u2019Avis Foggia. Maglia con la quale ha sempre giocato, sin dai primi anni nel settore giovanile, esordendo in prima squadra, in serie D, a soli 15 anni. E nella stagione successiva \u00e8 arrivata anche la promozione nella prima categoria regionale. \u201cSpero e sono sicura che questa stagione sar\u00e0 molto importante per me. Mi consentir\u00e0 di crescere sia sotto il profilo tecnico che sotto quello caratteriale e mi dar\u00e0 la possibilit\u00e0 di confrontarmi con atlete di categoria superiore. Non vedo l\u2019ora che il campionato prenda il via. Mi metter\u00f2 a completa disposizione della squadra, del tecnico e della societ\u00e0 per raggiungere, tutti quanti insieme, gli obiettivi che ci siamo prefissati\u201d.<\/p>\n<p style=\"text-align: justify;\">Al palleggio, assieme a Mavi Raguso, ci sar\u00e0 Francesca Scisci, classe 1989, cresciuta nelle giovanili della Florens Castellana Grotte e formatasi nei campionati di serie D e di serie C di Conversano e Polignano. \u201cSono felicissima di rientrare nel progetto del Turi. Quella di serie B2 sar\u00e0 per me sicuramente una bellissima esperienza. Coglier\u00f2 tutto quello che di buono questa nuova \u2018avventura\u2019 mi porter\u00e0, sia sotto il profilo tecnico, che di gruppo\/squadra\u201d. La Scisci ha preso parte gi\u00e0 nei giorni scorsi ai primi allenamenti agli ordini di mister Pasquale Moramarco e ha avuto modo di conoscere sin da subito le sue nuove compagne di questo importante viaggio. \u201cHo gi\u00e0 conosciuto le mie nuove compagne &#8211; ci ha detto &#8211; e ho avuto sin dall\u2019inizio un\u2019ottima impressione. E sono certa che imparer\u00f2 molto dalla loro esperienza. Sono sicura che remeremo tutte quante in un\u2019unica direzione per raggiungere l\u2019obiettivo che ci siamo prefissi\u201d.<\/p>\n<p style=\"text-align: justify;\">Negli ultimi giorni \u00e8 arrivata anche la 18enne di Valenzano Dalila Lupo. \u00c8 una schiacciatrice, ha compiuto 18 anni a gennaio e proviene da una scuola di indubbia qualit\u00e0, quella del progetto giovanile che ha visto unite la passata stagione la Florens Castellana (serie A1) e l\u2019Aspav Valenzano (serie B1). Si tratta dell\u2019ennesima scommessa del presidente Raffaele Tardi e del direttore sportivo Giacomo Iacovazzi che hanno allestito uno degli organici pi\u00f9 giovani della serie B2 e uno dei pi\u00f9 giovani della storia dell\u2019As Volley Turi. \u201cAppena arrivata &#8211; ha commentato la giovanissima schiacciatrice valenzanese &#8211; ho avuto subito l\u2019impressione di un ambiente positivo in cui si respira un\u2019aria molto famigliare. E\u2019 stato ottimo l\u2019impatto con il nuovo allenatore e con tutte le giocatrici anche se con et\u00e0 diversa dalla mia. Mi hanno dato e mi danno quotidianamente la carica e l\u2019entusiasmo in ogni allenamento\u201d. Ma cosa si aspetta Dalila Lupo da questa nuova esperienza? \u201cDopo tanti anni passati a Valenzano, da questa stagione mi aspetto di crescere tecnicamente e atleticamente. Avr\u00f2 la possibilit\u00e0 di affrontare un campionato impegnativo e sicuramente mi impegner\u00f2 tanto per ritagliarmi anche uno spazio da protagonista\u201d. Le idee sono chiare, la voglia di far bene \u00e8 tanta, le qualit\u00e0 ci sono, i margini di crescita sono notevoli, la voglia di mettersi in discussione non manca. Cosa chiedere di pi\u00f9?<\/p>\n<p style=\"text-align: justify;\">\u00a0<\/p>\n","protected":false},"excerpt":{"rendered":"<p><img loading=\"lazy\" decoding=\"async\" class=\" size-full wp-image-3088\" alt=\"pallavolo_femm_trio\" height=\"150\" width=\"320\" src=\"https:\/\/archivioturi.lavocedelpaese.info\/wp-content\/uploads\/2010\/09\/pallavolo_femm_trio.jpg\" srcset=\"https:\/\/archivioturi.lavocedelpaese.info\/wp-content\/uploads\/2010\/09\/pallavolo_femm_trio.jpg 640w, https:\/\/archivioturi.lavocedelpaese.info\/wp-content\/uploads\/2010\/09\/pallavolo_femm_trio-300x141.jpg 300w\" sizes=\"auto, (max-width: 320px) 100vw, 320px\" \/><\/p>\n","protected":false},"author":1,"featured_media":3088,"comment_status":"open","ping_status":"closed","sticky":false,"template":"","format":"standard","meta":{"colormag_page_container_layout":"default_layout","colormag_page_sidebar_layout":"default_layout","footnotes":""},"categories":[5],"tags":[],"class_list":["post-3089","post","type-post","status-publish","format-standard","has-post-thumbnail","hentry","category-sport"],"_links":{"self":[{"href":"https:\/\/archivioturi.lavocedelpaese.info\/index.php\/wp-json\/wp\/v2\/posts\/3089","targetHints":{"allow":["GET"]}}],"collection":[{"href":"https:\/\/archivioturi.lavocedelpaese.info\/index.php\/wp-json\/wp\/v2\/posts"}],"about":[{"href":"https:\/\/archivioturi.lavocedelpaese.info\/index.php\/wp-json\/wp\/v2\/types\/post"}],"author":[{"embeddable":true,"href":"https:\/\/archivioturi.lavocedelpaese.info\/index.php\/wp-json\/wp\/v2\/users\/1"}],"replies":[{"embeddable":true,"href":"https:\/\/archivioturi.lavocedelpaese.info\/index.php\/wp-json\/wp\/v2\/comments?post=3089"}],"version-history":[{"count":0,"href":"https:\/\/archivioturi.lavocedelpaese.info\/index.php\/wp-json\/wp\/v2\/posts\/3089\/revisions"}],"wp:featuredmedia":[{"embeddable":true,"href":"https:\/\/archivioturi.lavocedelpaese.info\/index.php\/wp-json\/wp\/v2\/media\/3088"}],"wp:attachment":[{"href":"https:\/\/archivioturi.lavocedelpaese.info\/index.php\/wp-json\/wp\/v2\/media?parent=3089"}],"wp:term":[{"taxonomy":"category","embeddable":true,"href":"https:\/\/archivioturi.lavocedelpaese.info\/index.php\/wp-json\/wp\/v2\/categories?post=3089"},{"taxonomy":"post_tag","embeddable":true,"href":"https:\/\/archivioturi.lavocedelpaese.info\/index.php\/wp-json\/wp\/v2\/tags?post=3089"}],"curies":[{"name":"wp","href":"https:\/\/api.w.org\/{rel}","templated":true}]}}